{"id":444113,"date":"2022-12-15T09:38:21","date_gmt":"2022-12-15T09:38:21","guid":{"rendered":"https:\/\/dimensionturistica.com\/es\/?p=444113"},"modified":"2022-12-15T09:38:22","modified_gmt":"2022-12-15T09:38:22","slug":"los-libros-de-viajes-que-han-marcado-2022","status":"publish","type":"post","link":"https:\/\/dimensionturistica.com\/es\/los-libros-de-viajes-que-han-marcado-2022\/","title":{"rendered":"Los libros de viajes que han marcado 2022"},"content":{"rendered":"<p> <br \/>\n<\/p>\n<div>\n<h3 class=\"title\">&#13;Viajes para aprender a caminar<\/h3>\n<p dir=\"ltr\"><em>Caminantes<\/em>, Edgardo Scott (Gatopardo ensayo)<\/p>\n<p dir=\"ltr\"><span id=\"docs-internal-guid-03bfdc8c-7fff-f34d-fdda-c8eb6e9b44ed\">Edgard Allan Poe -que no por casualidad tambi\u00e9n es una referencia en el libro caminante que tambi\u00e9n es el <em>Atlas del eclipse<\/em> de Reinaldo Laddaga-, Sebald, Borges, Baudelaire, Walter Benjamin, Rosa Chacel, Bola\u00f1o, Cort\u00e1zar, Vila-Matas, Barthes, Robert Walser, Diana Bellessi\u2026 Ese es el c\u00e1non literario y sentimental que pone sobre el tapete de <\/span><em>Caminantes<\/em> (Gatopardo ensayo) Edgardo Scott. Hecha a caminar junto a todos ellos, a veces \u00e9l mismo hecho todo un fl\u00e2neur, paseante, vagabundo o peregrino, por el ancho mundo de la filosof\u00eda de la caminata, a ratos m\u00e1s erudito y a ratos m\u00e1s dado a la broma, porque, en definitiva, caminar, como leer, es vagar. Vagar, y no tropezar, que el libro se lee del tir\u00f3n. En el a\u00f1o en el que todos hemos hablado del IPC en alg\u00fan momento u otro y que descubrimos que ahora los vuelos de avi\u00f3n son m\u00e1s caros de lo que record\u00e1bamos antes de la pandemia, caminar es un acto de libertad.\u00a0<\/p>\n<h2>Afinidades lectoras<\/h2>\n<p><strong><span id=\"docs-internal-guid-bc2837e1-7fff-9f7b-a844-25ba9040f45c\"><em>Dos hombres que caminan<\/em>, <span id=\"docs-internal-guid-149b455d-7fff-dba2-42c5-7b77c68e3877\">Marc Caellas y Esteban Feune de Colombi<\/span><\/span> (Ed. Menguantes)<\/strong><\/p>\n<p>\u00a0<span id=\"docs-internal-guid-b93b9cd1-7fff-54c4-ef8a-fd16c1292480\">Libertad whole, juguetona, vanguardista, rebelde, \u00edntima, reveladora y, por qu\u00e9 no, a veces, incluso rid\u00edcula, es la que esgrimen el d\u00fao formado por Marc Caellas y Esteban Feune de Colombi. En <\/span>Dos hombres que caminan nos llevan a eso, a caminar por un parque, por un jard\u00edn bot\u00e1nico, por un teatro en Berl\u00edn, por los olores, por el amanecer, por el rechazo, por las nubes: \u201ccaminamos por placer, aunque si nos obligaran, tambi\u00e9n lo har\u00edamos\u201d. El placer es verles caminar junto a la excelente (otra vez) edici\u00f3n de Ed. Menguantes.<\/p>\n<p><strong><em>Cr\u00f3nicas a contrapelo<\/em>, Cristina Guirao (Newcastle Ediciones)<\/strong><\/p>\n<p>Tambi\u00e9n se disfruta con el caminar de Cristina Guirao\u00a0-hay que ver lo bien que lo est\u00e1 haciendo la microeditorial murciana Newcastle Ediciones, que arranc\u00f3 el a\u00f1o con el mete\u00f3rico <em>Las desapariciones<\/em> de Hilario J. Rodr\u00edguez-. La autora camina por diversas ciudades de Europa, por Venecia, Par\u00eds o N\u00e1poles, llevando la literatura de viajes al campo de la reflexi\u00f3n.<\/p>\n<\/div>\n\n<p><em> &#8221; Fuentes news.google.com &#8221; <\/em><\/p>\n","protected":false},"excerpt":{"rendered":"<p>&#13;Viajes para aprender a caminar Caminantes, Edgardo Scott (Gatopardo ensayo) Edgard Allan Poe -que no por casualidad tambi\u00e9n es una referencia en el libro caminante que tambi\u00e9n es el Atlas del eclipse de Reinaldo Laddaga-, Sebald, Borges, Baudelaire, Walter Benjamin, Rosa Chacel, Bola\u00f1o, Cort\u00e1zar, Vila-Matas, Barthes, Robert Walser, Diana Bellessi\u2026 Ese es el c\u00e1non literario [&hellip;]<\/p>\n","protected":false},"author":4,"featured_media":444114,"comment_status":"open","ping_status":"closed","sticky":false,"template":"","format":"standard","meta":{"om_disable_all_campaigns":false,"jnews-multi-image_gallery":[],"jnews_single_post":[],"jnews_primary_category":[],"jnews_social_meta":[],"footnotes":""},"categories":[39],"tags":[47258,47257],"class_list":["post-444113","post","type-post","status-publish","format-standard","has-post-thumbnail","hentry","category-viajes","tag-cargado-desde-el-fichero-de-recursos","tag-keywords-por-defecto"],"_links":{"self":[{"href":"https:\/\/dimensionturistica.com\/es\/wp-json\/wp\/v2\/posts\/444113","targetHints":{"allow":["GET"]}}],"collection":[{"href":"https:\/\/dimensionturistica.com\/es\/wp-json\/wp\/v2\/posts"}],"about":[{"href":"https:\/\/dimensionturistica.com\/es\/wp-json\/wp\/v2\/types\/post"}],"author":[{"embeddable":true,"href":"https:\/\/dimensionturistica.com\/es\/wp-json\/wp\/v2\/users\/4"}],"replies":[{"embeddable":true,"href":"https:\/\/dimensionturistica.com\/es\/wp-json\/wp\/v2\/comments?post=444113"}],"version-history":[{"count":0,"href":"https:\/\/dimensionturistica.com\/es\/wp-json\/wp\/v2\/posts\/444113\/revisions"}],"wp:featuredmedia":[{"embeddable":true,"href":"https:\/\/dimensionturistica.com\/es\/wp-json\/wp\/v2\/media\/444114"}],"wp:attachment":[{"href":"https:\/\/dimensionturistica.com\/es\/wp-json\/wp\/v2\/media?parent=444113"}],"wp:term":[{"taxonomy":"category","embeddable":true,"href":"https:\/\/dimensionturistica.com\/es\/wp-json\/wp\/v2\/categories?post=444113"},{"taxonomy":"post_tag","embeddable":true,"href":"https:\/\/dimensionturistica.com\/es\/wp-json\/wp\/v2\/tags?post=444113"}],"curies":[{"name":"wp","href":"https:\/\/api.w.org\/{rel}","templated":true}]}}