{"id":443602,"date":"2022-12-14T15:59:38","date_gmt":"2022-12-14T15:59:38","guid":{"rendered":"https:\/\/dimensionturistica.com\/es\/?p=443602"},"modified":"2022-12-14T15:59:40","modified_gmt":"2022-12-14T15:59:40","slug":"un-viaje-en-tres-videos-a-la-metropolis-creativa-de-flandes","status":"publish","type":"post","link":"https:\/\/dimensionturistica.com\/es\/un-viaje-en-tres-videos-a-la-metropolis-creativa-de-flandes\/","title":{"rendered":"un viaje en tres v\u00eddeos a la metr\u00f3polis creativa de Flandes"},"content":{"rendered":"<p> <br \/>\n<\/p>\n<div id=\"article-sumary\">\n<div class=\"article-txt ad-mobile-top\">\n<p>Amberes hace tiempo que dej\u00f3 de conformarse con presumir de estaci\u00f3n de tren y de casco antiguo. Hoy en d\u00eda, esta ciudad creativa de <a rel=\"nofollow noopener\" target=\"_blank\" href=\"https:\/\/www.visitflanders.com\/es\/\">Flandes<\/a> se ha convertido en uno de los epicentros del turismo cultural en Europa, gracias a su forma de reivindicar sus grandes creadores como Rubens mediante la iniciativa Maestros Flamencos. En ella se enmarca, tambi\u00e9n, la reapertura del <a rel=\"nofollow noopener\" target=\"_blank\" href=\"https:\/\/kmska.be\/en\">Real Museo de Bellas Artes,<\/a> m\u00e1s conocido por sus siglas en flamenco KSMKA, un proyecto que ha sido capaz de transformar sus majestuosas salas decimon\u00f3nicas en un espacio expositivo contempor\u00e1neo, sorprendente y disruptivo. Todo ello aderezado por un cosmopolitismo que se traduce, sobre todo, en su gastronom\u00eda, que transforma\u00a0de la actividad comercial de su puerto en deliciosas recetas con sabor propio. Mediante estos tres v\u00eddeos se puede viajar al coraz\u00f3n de cada una de estas historias que definen el <a rel=\"nofollow noopener\" target=\"_blank\" href=\"https:\/\/visit.antwerpen.be\/es\">Amberes<\/a> precise.\u00a0<\/p>\n<\/div>\n<\/div>\n\n<p><em> &#8221; Fuentes news.google.com &#8221; <\/em><\/p>\n","protected":false},"excerpt":{"rendered":"<p>Amberes hace tiempo que dej\u00f3 de conformarse con presumir de estaci\u00f3n de tren y de casco antiguo. Hoy en d\u00eda, esta ciudad creativa de Flandes se ha convertido en uno de los epicentros del turismo cultural en Europa, gracias a su forma de reivindicar sus grandes creadores como Rubens mediante la iniciativa Maestros Flamencos. En [&hellip;]<\/p>\n","protected":false},"author":4,"featured_media":443603,"comment_status":"open","ping_status":"closed","sticky":false,"template":"","format":"standard","meta":{"om_disable_all_campaigns":false,"jnews-multi-image_gallery":[],"jnews_single_post":[],"jnews_primary_category":[],"jnews_social_meta":[],"footnotes":""},"categories":[39],"tags":[47258,47257],"class_list":["post-443602","post","type-post","status-publish","format-standard","has-post-thumbnail","hentry","category-viajes","tag-cargado-desde-el-fichero-de-recursos","tag-keywords-por-defecto"],"_links":{"self":[{"href":"https:\/\/dimensionturistica.com\/es\/wp-json\/wp\/v2\/posts\/443602","targetHints":{"allow":["GET"]}}],"collection":[{"href":"https:\/\/dimensionturistica.com\/es\/wp-json\/wp\/v2\/posts"}],"about":[{"href":"https:\/\/dimensionturistica.com\/es\/wp-json\/wp\/v2\/types\/post"}],"author":[{"embeddable":true,"href":"https:\/\/dimensionturistica.com\/es\/wp-json\/wp\/v2\/users\/4"}],"replies":[{"embeddable":true,"href":"https:\/\/dimensionturistica.com\/es\/wp-json\/wp\/v2\/comments?post=443602"}],"version-history":[{"count":0,"href":"https:\/\/dimensionturistica.com\/es\/wp-json\/wp\/v2\/posts\/443602\/revisions"}],"wp:featuredmedia":[{"embeddable":true,"href":"https:\/\/dimensionturistica.com\/es\/wp-json\/wp\/v2\/media\/443603"}],"wp:attachment":[{"href":"https:\/\/dimensionturistica.com\/es\/wp-json\/wp\/v2\/media?parent=443602"}],"wp:term":[{"taxonomy":"category","embeddable":true,"href":"https:\/\/dimensionturistica.com\/es\/wp-json\/wp\/v2\/categories?post=443602"},{"taxonomy":"post_tag","embeddable":true,"href":"https:\/\/dimensionturistica.com\/es\/wp-json\/wp\/v2\/tags?post=443602"}],"curies":[{"name":"wp","href":"https:\/\/api.w.org\/{rel}","templated":true}]}}