{"id":443474,"date":"2022-12-14T12:35:05","date_gmt":"2022-12-14T12:35:05","guid":{"rendered":"https:\/\/dimensionturistica.com\/es\/?p=443474"},"modified":"2022-12-14T12:35:06","modified_gmt":"2022-12-14T12:35:06","slug":"la-primera-mujer-barquera-y-otras-pioneras-flotantes-de-la-albufera","status":"publish","type":"post","link":"https:\/\/dimensionturistica.com\/es\/la-primera-mujer-barquera-y-otras-pioneras-flotantes-de-la-albufera\/","title":{"rendered":"La primera mujer barquera y otras pioneras flotantes de la Albufera"},"content":{"rendered":"<p> <br \/>\n<\/p>\n<div>\n<aside class=\"subscription-highlighted\">\n<div class=\"subscription-container\">\n<div class=\"non-subscribed\">\n<p class=\"description\">Suscr\u00edbete hoy a la revista Viajes Nationwide Geographic y explora nuevos destinos.<\/p>\n<p><a rel=\"nofollow noopener\" target=\"_blank\" href=\"https:\/\/tienda.rba.es\/revistas\/viajes-national-geographic?rba_source=viajes.nationalgeographi&amp;rba_medium=referral&amp;rba_campaign=NGMV&amp;rba_content=frase-articulo\" class=\"more-link\">EMPIEZA YA<\/a><\/div>\n<\/div>\n<\/aside>\n<aside class=\"add300x250 publi-interior-top ad-container-r1 ad-inline\"\/>\n<p dir=\"ltr\">El Palmar guarda muchas historias, como la de <strong>Rosa Marco, la primera mujer barquera de la Albufera que, como su abuelo, sin quererlo se acab\u00f3 convirtiendo en una pionera.<\/strong> \u201c\u00c9l fue quien realiz\u00f3 los primeros paseos en barca en la Albufera. Como trabajaba cerca de los canales y conoc\u00eda muy bien el entorno, empez\u00f3 a llevar a turistas o pescadores de vez en cuando. Al principio, solo ped\u00eda la voluntad porque realmente no era su trabajo\u201d, recuerda su nieta en una charla con <em>Viajes Nationwide Geographic<\/em>. As\u00ed fue como, sin saberlo,<strong> Manuel Puchades Ballester \u2014m\u00e1s conocido como T\u00edo Nelo\u2014 acab\u00f3 creando lo que se convirti\u00f3 en una profesi\u00f3n para \u00e9l y para todos aquellos que le sucedieron.<\/strong><\/p>\n<p dir=\"ltr\"><span id=\"docs-internal-guid-78dae3cd-7fff-2063-5535-dfd4baefb637\">No solo fue una leyenda en este peque\u00f1o municipio, que como muestra de agradecimiento puso su nombre a una de sus calles, sino que tambi\u00e9n apareci\u00f3 en la serie televisiva <em>Ca\u00f1as y barro. <\/em>\u00bfC\u00f3mo grabar en su territorio sin contar con uno de sus m\u00e1ximos representantes? \u201cApareci\u00f3 en el cap\u00edtulo ocho, en el que Rosa le pide la mano para casarse\u201d apunta Rosa. Cuando acab\u00f3 la grabaci\u00f3n, le propusieron ir a Madrid con los gastos pagados como agradecimiento, \u201cpero \u00e9l no quiso.<strong> Lo que pidi\u00f3 a cambio fue poder sobrevolar y ver la Albufera desde un globo (aerost\u00e1tico). Para \u00e9l, era toda su vida\u201d<\/strong>, contin\u00faa.<\/span><\/p>\n<figure class=\"thumb zoom\"><img loading=\"lazy\" decoding=\"async\" sizes=\"auto, 100vw\" srcset=\"https:\/\/news.google.com\/medio\/2022\/12\/13\/susanamar-martajunio-42_20c0ab00_720x480.jpg 720w,https:\/\/news.google.com\/medio\/2022\/12\/13\/susanamar-martajunio-42_fb3fd9cc_1200x801.jpg 1200w\" src=\"https:\/\/news.google.com\/medio\/2022\/12\/13\/susanamar-martajunio-42_fb3fd9cc_1200x801.jpg\" alt=\"\u00a9SusanaMar MartaJunio 42\" class=\"lazyload\" width=\"1200\" height=\"801\" data-aspectratio=\"1200\/801\"\/><noscript><img decoding=\"async\" src=\"https:\/\/news.google.com\/medio\/2022\/12\/13\/susanamar-martajunio-42_fb3fd9cc_1200x801.jpg\" alt=\"\u00a9SusanaMar MartaJunio 42\"\/><\/noscript><\/p>\n<p>&#13;<figcaption class=\"by\">&#13;Foto: \u00a9SusanaMar<\/figcaption>&#13;<\/p>\n<\/figure>\n<p dir=\"ltr\"><span id=\"docs-internal-guid-78dae3cd-7fff-2063-5535-dfd4baefb637\">Y como no pod\u00eda ser de otra manera, algo informal se acab\u00f3 convirtiendo en un legado acquainted que tanto ella, como su padre, su marido Tonet y ahora su hija Jessica han continuado. Aunque se ha criado entre barcas centenarias, no sabr\u00eda decir a qu\u00e9 edad empez\u00f3 a navegar. El <\/span>growth tur\u00edstico y la regularizaci\u00f3n de los paseos en barca hizo que ella tambi\u00e9n se metiera en el negocio acquainted. \u201cEra el momento de arrimar el hombro y me daba igual que fuese una barca o un cami\u00f3n\u201d, bromea Rosa. \u201cEra raro ver una mujer por el lago. Los otros barqueros te hac\u00edan comentarios, pero poco a poco todos se fueron haciendo a la idea hasta convertirme en una m\u00e1s\u201d, relata.<\/p>\n<blockquote>\n<p dir=\"ltr\">\u201cEra raro ver una mujer por el lago. Los otros barqueros te hac\u00edan comentarios, pero poco a poco todos se fueron haciendo a la idea hasta convertirme en una m\u00e1s\u201d<\/p>\n<\/blockquote>\n<p dir=\"ltr\"><span id=\"docs-internal-guid-78dae3cd-7fff-2063-5535-dfd4baefb637\"><em>Los isle\u00f1os,<\/em> como se autodenominan, han visto en primera fila la gran transformaci\u00f3n de su tierra. <strong>\u201cSer isle\u00f1o permanece, eso no se olvida\u201d, afirma Marco. <\/strong>\u201cDe haber tres o cuatro bares a tener m\u00e1s de treinta restaurantes y una veintena de barqueros. Siempre me pregunto qu\u00e9 dir\u00eda mi abuelo si levantara la cabeza y viera c\u00f3mo ha cambiado todo\u201d, cuenta la nieta del t\u00edo Nelo. Para ella, la Albufera ha sido \u201csu segunda madre\u201d y, como asegura, \u201chay que vivirla\u201d. <\/span><\/p>\n<figure class=\"thumb zoom\"><img loading=\"lazy\" decoding=\"async\" sizes=\"auto, 100vw\" srcset=\"https:\/\/news.google.com\/medio\/2022\/12\/13\/marta-susanamar-dic2021-05-copia_c7b83827_720x480.jpg 720w,https:\/\/news.google.com\/medio\/2022\/12\/13\/marta-susanamar-dic2021-05-copia_11404fa6_1200x800.jpg 1200w\" src=\"https:\/\/news.google.com\/medio\/2022\/12\/13\/marta-susanamar-dic2021-05-copia_11404fa6_1200x800.jpg\" alt=\"Marta \u00a9SusanaMar Dic2021 05 - copia\" class=\"lazyload\" width=\"1200\" height=\"800\" data-aspectratio=\"1200\/800\"\/><noscript><img decoding=\"async\" src=\"https:\/\/news.google.com\/medio\/2022\/12\/13\/marta-susanamar-dic2021-05-copia_11404fa6_1200x800.jpg\" alt=\"Marta \u00a9SusanaMar Dic2021 05 - copia\"\/><\/noscript><\/p>\n<p>&#13;<figcaption class=\"by\">&#13;Marta Cuesta a bordo de su barca. Foto: \u00a9SusanaMar<\/figcaption>&#13;<\/p>\n<\/figure>\n<h2 dir=\"ltr\">La bi\u00f3loga barquera<\/h2>\n<p dir=\"ltr\"><span id=\"docs-internal-guid-78dae3cd-7fff-2063-5535-dfd4baefb637\">A <\/span>Marta Cuesta, a pesar de no haberse criado all\u00ed, le pas\u00f3 algo parecido. <strong>Un amor a primera vista es lo que vivi\u00f3 esta bi\u00f3loga valenciana que de pronto quiso ser barquera<\/strong>. Despu\u00e9s de viajar por Europa y renegar un poco de su tierra, acab\u00f3 volviendo para estudiar un M\u00e1ster en biodiversidad y conservaci\u00f3n. \u201cEn ese m\u00e1ster empec\u00e9 a descubrir mi afici\u00f3n por las aves gracias a una asignatura y siempre que pod\u00eda me escapaba a la Albufera, hac\u00eda mis trabajos sobre ella\u2026\u201d, explica a <em>Viajes Nationwide Geographic.<\/em><\/p>\n<p dir=\"ltr\"><span id=\"docs-internal-guid-78dae3cd-7fff-2063-5535-dfd4baefb637\">Al closing, se acab\u00f3 enamorando de la Albufera y tambi\u00e9n de su ciudad natal, Valencia. <strong>\u201cUn d\u00eda, para celebrar el cumplea\u00f1os de una amiga, la llev\u00e9 a ver la puesta de sol en barca y fue ah\u00ed cuando mir\u00e9 al barquero que nos llevaba y pens\u00e9: \u2018\u00a1yo tambi\u00e9n quiero hacer esto!\u2019\u201d. <\/strong>Casualmente, ese d\u00eda se encontr\u00f3 con Rosa y le dijo que quer\u00eda convertirse en barquera. \u201cLe coment\u00e9 que sab\u00eda ingl\u00e9s, portugu\u00e9s e italiano, ella me pregunt\u00f3 si se me daban bien los ni\u00f1os\u201d y acabaron llegando a un acuerdo \u2014o un trueque como seguramente dir\u00eda el t\u00edo Nelo\u2014. Rosa le ense\u00f1ar\u00eda a llevar la barca y Marta le ayudar\u00eda con la net, la comunicaci\u00f3n y los idiomas. Ese mismo d\u00eda, al llegar a casa, Marta recuerda entrar corriendo y decirle a su madre: \u201c\u00a1mam\u00e1, mam\u00e1! \u00a1Qu\u00e9 voy a ser barquera!\u201d <\/span><\/p>\n<p dir=\"ltr\"><span id=\"docs-internal-guid-78dae3cd-7fff-2063-5535-dfd4baefb637\">Tras el confinamiento, Marta se compr\u00f3 su propia barca y ahora es una de las pocas pescadoras en activo de la zona<strong>. \u201cSoy lo que se dir\u00eda una pescadora ambulante porque al no ser hija de El Palmar no puedo pescar en los <\/strong><\/span><strong>redolins, donde se consigue la preciada anguila<\/strong>, protagonista de uno de los platos m\u00e1s t\u00edpicos de la zona: el <em>all i pebre. <\/em>Antes los que no hab\u00edamos nacido all\u00ed ni siquiera ten\u00edamos derecho a pescar, ahora s\u00ed, voy por los alrededores en busca del cangrejo azul\u201d que, aunque no es aut\u00f3ctono de la zona, es muy deseado y se vende bien.<\/p>\n<p dir=\"ltr\"><span id=\"docs-internal-guid-78dae3cd-7fff-2063-5535-dfd4baefb637\">Ambas se han acabado convirtiendo en historia viva de este parque pure que, tal como contaba Blasco Ib\u00e1\u00f1ez, es \u201cazul y terso como un espejo veneciano, que retrataba invertidos los barcos y las lejanas orillas con el contorno ligeramente serpenteado\u201d.<\/span><\/p>\n<aside class=\"add300x600 publi-interior-bot ad-inline ad-container-r2\"\/><\/div>\n\n<p><em> &#8221; Fuentes news.google.com &#8221; <\/em><\/p>\n","protected":false},"excerpt":{"rendered":"<p>Suscr\u00edbete hoy a la revista Viajes Nationwide Geographic y explora nuevos destinos. EMPIEZA YA El Palmar guarda muchas historias, como la de Rosa Marco, la primera mujer barquera de la Albufera que, como su abuelo, sin quererlo se acab\u00f3 convirtiendo en una pionera. \u201c\u00c9l fue quien realiz\u00f3 los primeros paseos en barca en la Albufera. [&hellip;]<\/p>\n","protected":false},"author":4,"featured_media":443475,"comment_status":"open","ping_status":"closed","sticky":false,"template":"","format":"standard","meta":{"om_disable_all_campaigns":false,"jnews-multi-image_gallery":[],"jnews_single_post":[],"jnews_primary_category":[],"jnews_social_meta":[],"footnotes":""},"categories":[39],"tags":[47258,47257],"class_list":["post-443474","post","type-post","status-publish","format-standard","has-post-thumbnail","hentry","category-viajes","tag-cargado-desde-el-fichero-de-recursos","tag-keywords-por-defecto"],"_links":{"self":[{"href":"https:\/\/dimensionturistica.com\/es\/wp-json\/wp\/v2\/posts\/443474","targetHints":{"allow":["GET"]}}],"collection":[{"href":"https:\/\/dimensionturistica.com\/es\/wp-json\/wp\/v2\/posts"}],"about":[{"href":"https:\/\/dimensionturistica.com\/es\/wp-json\/wp\/v2\/types\/post"}],"author":[{"embeddable":true,"href":"https:\/\/dimensionturistica.com\/es\/wp-json\/wp\/v2\/users\/4"}],"replies":[{"embeddable":true,"href":"https:\/\/dimensionturistica.com\/es\/wp-json\/wp\/v2\/comments?post=443474"}],"version-history":[{"count":0,"href":"https:\/\/dimensionturistica.com\/es\/wp-json\/wp\/v2\/posts\/443474\/revisions"}],"wp:featuredmedia":[{"embeddable":true,"href":"https:\/\/dimensionturistica.com\/es\/wp-json\/wp\/v2\/media\/443475"}],"wp:attachment":[{"href":"https:\/\/dimensionturistica.com\/es\/wp-json\/wp\/v2\/media?parent=443474"}],"wp:term":[{"taxonomy":"category","embeddable":true,"href":"https:\/\/dimensionturistica.com\/es\/wp-json\/wp\/v2\/categories?post=443474"},{"taxonomy":"post_tag","embeddable":true,"href":"https:\/\/dimensionturistica.com\/es\/wp-json\/wp\/v2\/tags?post=443474"}],"curies":[{"name":"wp","href":"https:\/\/api.w.org\/{rel}","templated":true}]}}