{"id":443390,"date":"2022-12-14T10:36:08","date_gmt":"2022-12-14T10:36:08","guid":{"rendered":"https:\/\/dimensionturistica.com\/es\/?p=443390"},"modified":"2022-12-14T10:36:08","modified_gmt":"2022-12-14T10:36:08","slug":"270-aspirantes-para-las-seis-nuevas-plazas-de-la-policia-local-de-salou","status":"publish","type":"post","link":"https:\/\/dimensionturistica.com\/es\/270-aspirantes-para-las-seis-nuevas-plazas-de-la-policia-local-de-salou\/","title":{"rendered":"270 aspirantes para las seis nuevas plazas de la Pol\u00edc\u00eda Local de Salou"},"content":{"rendered":"<p> <br \/>\n<\/p>\n<div>\n<p class=\"p_1\">Un complete de 269 personas comenzaron ayer en el Ayuntamiento de Salou el proceso selectivo para incorporarse como agentes a la Polic\u00eda Native. Este proceso, que se hace mediante sistema de concurso-oposici\u00f3n, se desarrollar\u00e1 durante todo el mes de diciembre y servir\u00e1 para incorporar seis nuevas plazas. De ellas, una est\u00e1 reservada para una mujer, con el objetivo de que haya m\u00e1s presencia femenina en el cuerpo.<\/p>\n<p class=\"p_2\">La oposici\u00f3n arranc\u00f3 ayer con el examen de conocimiento cultural y, en los pr\u00f3ximos d\u00edas, se llevar\u00e1n a cabo las correspondientes pruebas te\u00f3ricas y pr\u00e1cticas, de catal\u00e1n, de aptitud f\u00edsica, psicot\u00e9cnicos y de idiomas extranjeros. El pr\u00f3ximo 27 de diciembre est\u00e1 programada la prueba m\u00e9dica obligatoria a los aspirantes que hayan superado todo el proceso.<\/p>\n<p class=\"p_3\">Los seis aspirantes que hayan aprobado la oposici\u00f3n con la mejor nota iniciar\u00e1n el curso de formaci\u00f3n b\u00e1sica para polic\u00edas del Institut de Seguretat P\u00fablica de Catalunya el pr\u00f3ximo 3 de enero. Esta formaci\u00f3n se prolongar\u00e1 hasta el 11 de agosto de 2023 y, una vez finalizada, ser\u00e1n nombrados de forma oficial como agentes de polic\u00eda en pr\u00e1cticas del Ayuntamiento de Salou.<\/p>\n<p class=\"p_4\">El alcalde, Pere Granados, cree que estas seis nuevas plazas tendr\u00e1n \u00abuna repercusi\u00f3n muy positiva, porque se destinar\u00e1n a reforzar la presencia policial en nuestras calles\u00bb, al tiempo que exige m\u00e1s medios a la Generalitat en materia de seguridad y ampliar la presencia de los Mossos.<\/p>\n<p class=\"p_5\">Granados tambi\u00e9n record\u00f3 que, al margen de cubrir estas seis vacantes, se lleg\u00f3 a un acuerdo con los sindicatos para incrementar la plantilla con un agente cada a\u00f1o durante los pr\u00f3ximos cinco a\u00f1os.<\/p>\n<p class=\"p_6\">Por su parte, el concejal de Seguridad Ciudadana, David Gonz\u00e1lez, detall\u00f3 que \u00abde cara al verano, estos agentes ya estar\u00e1n operativos, realizando pr\u00e1cticas en el municipio\u00bb, excepto aquellos que ya hayan hecho anteriormente el curso, que ya podr\u00edan incorporarse en enero.<\/p>\n<p class=\"p_7\">Asimismo, el concejal destac\u00f3 que \u00abla dualidad del verano y el invierno nos comporta el hecho de tener que incrementarla \u2013la plantilla\u2013, con la incorporaci\u00f3n de agentes interinos, que se dedican, especialmente, a temas de tr\u00e1fico y atenci\u00f3n ciudadana\u00bb.<\/p>\n<\/p><\/div>\n\n<p><em> &#8221; Fuentes news.google.com &#8221; <\/em><\/p>\n","protected":false},"excerpt":{"rendered":"<p>Un complete de 269 personas comenzaron ayer en el Ayuntamiento de Salou el proceso selectivo para incorporarse como agentes a la Polic\u00eda Native. Este proceso, que se hace mediante sistema de concurso-oposici\u00f3n, se desarrollar\u00e1 durante todo el mes de diciembre y servir\u00e1 para incorporar seis nuevas plazas. De ellas, una est\u00e1 reservada para una mujer, [&hellip;]<\/p>\n","protected":false},"author":4,"featured_media":443391,"comment_status":"open","ping_status":"closed","sticky":false,"template":"","format":"standard","meta":{"om_disable_all_campaigns":false,"jnews-multi-image_gallery":[],"jnews_single_post":[],"jnews_primary_category":[],"jnews_social_meta":[],"footnotes":""},"categories":[40],"tags":[1907],"class_list":["post-443390","post","type-post","status-publish","format-standard","has-post-thumbnail","hentry","category-industria","tag-sociedad"],"_links":{"self":[{"href":"https:\/\/dimensionturistica.com\/es\/wp-json\/wp\/v2\/posts\/443390","targetHints":{"allow":["GET"]}}],"collection":[{"href":"https:\/\/dimensionturistica.com\/es\/wp-json\/wp\/v2\/posts"}],"about":[{"href":"https:\/\/dimensionturistica.com\/es\/wp-json\/wp\/v2\/types\/post"}],"author":[{"embeddable":true,"href":"https:\/\/dimensionturistica.com\/es\/wp-json\/wp\/v2\/users\/4"}],"replies":[{"embeddable":true,"href":"https:\/\/dimensionturistica.com\/es\/wp-json\/wp\/v2\/comments?post=443390"}],"version-history":[{"count":0,"href":"https:\/\/dimensionturistica.com\/es\/wp-json\/wp\/v2\/posts\/443390\/revisions"}],"wp:featuredmedia":[{"embeddable":true,"href":"https:\/\/dimensionturistica.com\/es\/wp-json\/wp\/v2\/media\/443391"}],"wp:attachment":[{"href":"https:\/\/dimensionturistica.com\/es\/wp-json\/wp\/v2\/media?parent=443390"}],"wp:term":[{"taxonomy":"category","embeddable":true,"href":"https:\/\/dimensionturistica.com\/es\/wp-json\/wp\/v2\/categories?post=443390"},{"taxonomy":"post_tag","embeddable":true,"href":"https:\/\/dimensionturistica.com\/es\/wp-json\/wp\/v2\/tags?post=443390"}],"curies":[{"name":"wp","href":"https:\/\/api.w.org\/{rel}","templated":true}]}}