{"id":443323,"date":"2022-12-14T07:17:41","date_gmt":"2022-12-14T07:17:41","guid":{"rendered":"https:\/\/dimensionturistica.com\/es\/?p=443323"},"modified":"2022-12-14T07:17:41","modified_gmt":"2022-12-14T07:17:41","slug":"el-tren-con-dos-desafios-a-3-meses-de-iniciar-viajes","status":"publish","type":"post","link":"https:\/\/dimensionturistica.com\/es\/el-tren-con-dos-desafios-a-3-meses-de-iniciar-viajes\/","title":{"rendered":"El tren, con dos desaf\u00edos a 3 meses de iniciar viajes"},"content":{"rendered":"<p> <br \/>\n<\/p>\n<div property=\"content:encoded\">\n<p class=\"rtejustify\">\n\tA tres meses de inaugurarse\u00a0 los viajes en la l\u00ednea roja y parcialmente en la verde del tren el nuevo sistema de transporte tiene dos desaf\u00edos para\u00a0 convertirse en una alternativa \u00fatil y actual para los usuarios que usan el servicio, seg\u00fan expertos.<\/p>\n<p class=\"rtejustify\">\n\tLa integraci\u00f3n con otros medios de transporte p\u00fablico es una de las tareas pendientes, de acuerdo al arquitecto urbanista Juan Cabrera.<\/p>\n<p class=\"rtejustify\">\n\tIndic\u00f3 que a la fecha\u00a0 el porcentaje de utilidad del tren para la poblaci\u00f3n es m\u00ednimo debido a que la gente a\u00fan no lo emplea de forma recurrente.<\/p>\n<p class=\"rtejustify\">\n\t\u201cEn Cochabamba en el eje metropolitano se mueven mas o menos 2 millones de viajes, eso es mucha gente. El tren no est\u00e1 moviendo ni el 0.01 por ciento, cuando llegue a funcionar al 100 por ciento se estima que va cubrir el 1 por ciento de la demanda, por eso, no es todav\u00eda una alternativa real como medio de transporte masivo\u201d, puntualiz\u00f3.<\/p>\n<p class=\"rtejustify\">\n\tCabrera sostuvo que la falta de una estrategia para que pueda articularse con los taxis, micros y trufis es otro aspecto en que el tiene que trabajar la operadora del tren en coordinaci\u00f3n con otras instancias.<\/p>\n<p class=\"rtejustify\">\n\tSubray\u00f3 que en este momento como nuevo medio de transporte tampoco es competitivo, porque, primero, el costo del pasaje es mayor al de otros sistemas, adem\u00e1s\u00a0 de que la frecuencia y\u00a0 la\u00a0 velocidad\u00a0 con la que se desplazan no son sus principales\u00a0 ventajas.<\/p>\n<\/div>\n<p><script>\n  !function(f,b,e,v,n,t,s)\n  {if(f.fbq)return;n=f.fbq=function(){n.callMethod?\n  n.callMethod.apply(n,arguments):n.queue.push(arguments)};\n  if(!f._fbq)f._fbq=n;n.push=n;n.loaded=!0;n.version='2.0';\n  n.queue=[];t=b.createElement(e);t.async=!0;\n  t.src=v;s=b.getElementsByTagName(e)[0];\n  s.parentNode.insertBefore(t,s)}(window, document,'script',\n  'https:\/\/connect.facebook.net\/en_US\/fbevents.js');\n  fbq('init', '799623373450474');\n  fbq('track', 'PageView');\n<\/script><script>(function(d, s, id) {\n    var js, fjs = d.getElementsByTagName(s)[0];\n    if (d.getElementById(id)) return;\n    js = d.createElement(s); js.id = id;\n    js.src = \"\/\/connect.facebook.net\/es_LA\/sdk.js#xfbml=1&version=v2.5&appId=222012838133369\";\n    fjs.parentNode.insertBefore(js, fjs);\n  }(document, 'script', 'facebook-jssdk'));<\/script><br \/>\n<br \/><\/p>\n<p><em> &#8221; Fuentes news.google.com &#8221; <\/em><\/p>\n","protected":false},"excerpt":{"rendered":"<p>A tres meses de inaugurarse\u00a0 los viajes en la l\u00ednea roja y parcialmente en la verde del tren el nuevo sistema de transporte tiene dos desaf\u00edos para\u00a0 convertirse en una alternativa \u00fatil y actual para los usuarios que usan el servicio, seg\u00fan expertos. La integraci\u00f3n con otros medios de transporte p\u00fablico es una de las [&hellip;]<\/p>\n","protected":false},"author":4,"featured_media":443324,"comment_status":"open","ping_status":"closed","sticky":false,"template":"","format":"standard","meta":{"om_disable_all_campaigns":false,"jnews-multi-image_gallery":[],"jnews_single_post":[],"jnews_primary_category":[],"jnews_social_meta":[],"footnotes":""},"categories":[39],"tags":[14646,3682,545],"class_list":["post-443323","post","type-post","status-publish","format-standard","has-post-thumbnail","hentry","category-viajes","tag-desafios","tag-tren","tag-viajes"],"_links":{"self":[{"href":"https:\/\/dimensionturistica.com\/es\/wp-json\/wp\/v2\/posts\/443323","targetHints":{"allow":["GET"]}}],"collection":[{"href":"https:\/\/dimensionturistica.com\/es\/wp-json\/wp\/v2\/posts"}],"about":[{"href":"https:\/\/dimensionturistica.com\/es\/wp-json\/wp\/v2\/types\/post"}],"author":[{"embeddable":true,"href":"https:\/\/dimensionturistica.com\/es\/wp-json\/wp\/v2\/users\/4"}],"replies":[{"embeddable":true,"href":"https:\/\/dimensionturistica.com\/es\/wp-json\/wp\/v2\/comments?post=443323"}],"version-history":[{"count":0,"href":"https:\/\/dimensionturistica.com\/es\/wp-json\/wp\/v2\/posts\/443323\/revisions"}],"wp:featuredmedia":[{"embeddable":true,"href":"https:\/\/dimensionturistica.com\/es\/wp-json\/wp\/v2\/media\/443324"}],"wp:attachment":[{"href":"https:\/\/dimensionturistica.com\/es\/wp-json\/wp\/v2\/media?parent=443323"}],"wp:term":[{"taxonomy":"category","embeddable":true,"href":"https:\/\/dimensionturistica.com\/es\/wp-json\/wp\/v2\/categories?post=443323"},{"taxonomy":"post_tag","embeddable":true,"href":"https:\/\/dimensionturistica.com\/es\/wp-json\/wp\/v2\/tags?post=443323"}],"curies":[{"name":"wp","href":"https:\/\/api.w.org\/{rel}","templated":true}]}}