{"id":443140,"date":"2022-12-13T20:17:34","date_gmt":"2022-12-13T20:17:34","guid":{"rendered":"https:\/\/dimensionturistica.com\/es\/?p=443140"},"modified":"2022-12-13T20:17:35","modified_gmt":"2022-12-13T20:17:35","slug":"secadoras-de-cabello-las-mejores-y-recomendadas","status":"publish","type":"post","link":"https:\/\/dimensionturistica.com\/es\/secadoras-de-cabello-las-mejores-y-recomendadas\/","title":{"rendered":"Secadoras de cabello: las mejores y recomendadas"},"content":{"rendered":"<p> <br \/>\n<\/p>\n<div>\n<p>Para tener un <strong>cabello lindo<\/strong> muchas veces solo basta con invertir <strong>secadoras de cabello<\/strong> efectivas. Puede que tu antiguo modelo ya no te sirva o que simplemente quieras evitar ir a la peluquer\u00eda.\u00a0<\/p>\n<p>Tal vez est\u00e9s planeando hacerte tus propias trenzas y quieras estirarte un poco el pelo de antemano, o simplemente quieres algo que acelere el tiempo de secado en basic despu\u00e9s del shampoo, y antes de pasar <a rel=\"nofollow noopener\" target=\"_blank\" href=\"https:\/\/www.vogue.mx\/belleza\/articulo\/planchas-para-cabello-resenas\"><strong>la plancha<\/strong><\/a>, especialmente ahora que la temporada de fiestas est\u00e1 en pleno apogeo.\u00a0<\/p>\n<p>Por no hablar de que las secadoras son excelentes regalos para estas fiestas.<\/p>\n<p><strong>Los secadores de pelo<\/strong> de alta calidad no solo te dar\u00e1n el look deseado m\u00e1s r\u00e1pido, sino que tambi\u00e9n te da\u00f1ar\u00e1n menos tu cabello a largo plazo.\u00a0<\/p>\n<p>Mickiela Smith, peluquera de Brooklyn, tric\u00f3loga y fundadora de la plataforma de cuidado del cabello Mmsmith.co, afirma: \u2018<strong>Las secadoras de calidad<\/strong> reducen el tiempo de peinado, nos liberan del estr\u00e9s f\u00edsico y facilitan la consecuci\u00f3n de los peinados deseados con menos roturas o sin que ocurra alguna\u2019.\u00a0<\/p>\n<p>Sea cual sea tu objetivo, 12 peluqueros famosos han dado su opini\u00f3n sobre sus mejores opciones para ayudarte a decidir cu\u00e1l es el mejor para ti.<\/p>\n<h2>Cu\u00e1les son las mejores secadoras de cabello<\/h2>\n<ul>\n<li>Para cualquier estilo: Secador de cabello Dyson Supersonic, 430 $.<\/li>\n<li>Para un secado r\u00e1pido: Secador de Cer\u00e1mica Elchim 3900 Wholesome Hair, $210<\/li>\n<li>Para cabello fino: Secador profesional i\u00f3nico digital T3 Cura, 245<\/li>\n<li>Para un toque de energ\u00eda: Secador Paul Mitchell Neuro Halo con pantalla t\u00e1ctil, 255<\/li>\n<li>Para combatir el frizz: GHD Helios 1875w Secador Profesional Avanzado, $279<\/li>\n<\/ul>\n<h2>C\u00f3mo escoger un secador de pelo\u00a0<\/h2>\n<p>Seg\u00fan el peluquero de famosos Larry Sims, \u2018una buena secadora es aquella que aporta fuerza sin un uso de calor excesivo que pueda da\u00f1ar el pelo. Un secador con tecnolog\u00eda de iones es bueno porque ayuda a que el cabello se seque m\u00e1s r\u00e1pido y absorba la humedad sin resecar el cuero cabelludo\u2019. M\u00e1s all\u00e1 de la fuerza y las tecnolog\u00edas, debes tener en cuenta la velocidad y los ajustes de calor disponibles, la potencia y el peso, y si ofrece un bot\u00f3n de disparo en fr\u00edo para sellar el look, especialmente si est\u00e1s pensando en repasar con una plancha de pelo o un rizador.<\/p>\n<h2>Secadores para pelo grueso, rizado o con textura<\/h2>\n<p>Saber qu\u00e9 temperatura o ajuste de calor utilizar influir\u00e1, sin duda, en el resultado de tu cabello. Sims cube que depende de lo liso y suave que quieras el pelo: \u2018Para texturas tipo 4, puedes usar un ajuste m\u00e1s alto para un acabado m\u00e1s suave\u2019, y a\u00f1ade que \u2018todos los secadores reaccionan al pelo de forma distinta\u2019. \u2018Si tienes texturas rizadas, el cabello necesita m\u00e1s hidrataci\u00f3n y utilizar un spray protector del calor y un acondicionador sin aclarado\u2019, explica. Considera la posibilidad de utilizar los ajustes de calor m\u00e1s altos y sellar la cut\u00edcula con el bot\u00f3n de disparo en fr\u00edo para evitar el frizz despu\u00e9s del secado.<\/p>\n<h2>Secadoras para cabello fino<\/h2>\n<p>\u2018Cuanto m\u00e1s suelto sea el patr\u00f3n de los rizos, menos calor hay que aplicarle al cabello\u2019, cube Sims, que insiste en la necesidad de usar un protector t\u00e9rmico como el spray Flawless by Gabrielle Union Shine Enhancing Warmth Safety, que forma parte de una l\u00ednea que cofund\u00f3 con la actriz. Como el pelo fino puede da\u00f1arse m\u00e1s f\u00e1cilmente con las altas temperaturas, prueba primero con utilizar los ajustes de calor m\u00e1s bajos.\u00a0<\/p>\n<\/div>\n\n<p><em> &#8221; Fuentes news.google.com &#8221; <\/em><\/p>\n","protected":false},"excerpt":{"rendered":"<p>Para tener un cabello lindo muchas veces solo basta con invertir secadoras de cabello efectivas. Puede que tu antiguo modelo ya no te sirva o que simplemente quieras evitar ir a la peluquer\u00eda.\u00a0 Tal vez est\u00e9s planeando hacerte tus propias trenzas y quieras estirarte un poco el pelo de antemano, o simplemente quieres algo que [&hellip;]<\/p>\n","protected":false},"author":4,"featured_media":443141,"comment_status":"open","ping_status":"closed","sticky":false,"template":"","format":"standard","meta":{"om_disable_all_campaigns":false,"jnews-multi-image_gallery":[],"jnews_single_post":[],"jnews_primary_category":[],"jnews_social_meta":[],"footnotes":""},"categories":[39],"tags":[39783],"class_list":["post-443140","post","type-post","status-publish","format-standard","has-post-thumbnail","hentry","category-viajes","tag-cabello"],"_links":{"self":[{"href":"https:\/\/dimensionturistica.com\/es\/wp-json\/wp\/v2\/posts\/443140","targetHints":{"allow":["GET"]}}],"collection":[{"href":"https:\/\/dimensionturistica.com\/es\/wp-json\/wp\/v2\/posts"}],"about":[{"href":"https:\/\/dimensionturistica.com\/es\/wp-json\/wp\/v2\/types\/post"}],"author":[{"embeddable":true,"href":"https:\/\/dimensionturistica.com\/es\/wp-json\/wp\/v2\/users\/4"}],"replies":[{"embeddable":true,"href":"https:\/\/dimensionturistica.com\/es\/wp-json\/wp\/v2\/comments?post=443140"}],"version-history":[{"count":0,"href":"https:\/\/dimensionturistica.com\/es\/wp-json\/wp\/v2\/posts\/443140\/revisions"}],"wp:featuredmedia":[{"embeddable":true,"href":"https:\/\/dimensionturistica.com\/es\/wp-json\/wp\/v2\/media\/443141"}],"wp:attachment":[{"href":"https:\/\/dimensionturistica.com\/es\/wp-json\/wp\/v2\/media?parent=443140"}],"wp:term":[{"taxonomy":"category","embeddable":true,"href":"https:\/\/dimensionturistica.com\/es\/wp-json\/wp\/v2\/categories?post=443140"},{"taxonomy":"post_tag","embeddable":true,"href":"https:\/\/dimensionturistica.com\/es\/wp-json\/wp\/v2\/tags?post=443140"}],"curies":[{"name":"wp","href":"https:\/\/api.w.org\/{rel}","templated":true}]}}