{"id":442933,"date":"2022-12-13T13:21:11","date_gmt":"2022-12-13T13:21:11","guid":{"rendered":"https:\/\/dimensionturistica.com\/es\/?p=442933"},"modified":"2022-12-13T13:21:12","modified_gmt":"2022-12-13T13:21:12","slug":"tres-cruceros-se-reunieron-ayer-en-el-muelle-prat-de-punta-arenas","status":"publish","type":"post","link":"https:\/\/dimensionturistica.com\/es\/tres-cruceros-se-reunieron-ayer-en-el-muelle-prat-de-punta-arenas\/","title":{"rendered":"Tres cruceros se reunieron ayer en el muelle Prat de Punta Arenas"},"content":{"rendered":"<p> <br \/>\n<\/p>\n<div>\n    <!-- Incluir libreria justo antes de <\/head> --><\/p>\n<p class=\"parao_u10fcb\"><span class=\"charo_ub701\">D<\/span><span class=\"charo_u6b\">esde lo alto, testigos describen la imagen como magn\u00edfica.<\/span><\/p>\n<p class=\"parao_u10f01\"><span class=\"charo_u6b\">Como<br \/>\n pocas veces ha ocurrido, tres cruceros internacionales con m\u00e1s de 3 mil<br \/>\n pasajeros en complete se reunieron en un mismo d\u00eda en las aguas del muelle<br \/>\n Prat de Punta Arenas.<\/span><\/p>\n<p class=\"parao_u10f01\"><span class=\"charo_u6b\">Se trataba de los cruceros internacionales \u201cOosterdam\u201d,  \u201cViking Jupiter\u201d  y \u201cSilver Explorer\u201d. <\/span><\/p>\n<p class=\"parao_u10f01\"><span class=\"charo_u6b\">De<br \/>\n este modo ayer se vivi\u00f3 una intensa jornada en la capital magall\u00e1nica<br \/>\ncomo consecuencia del favorable desarrollo de la temporada de cruceros<br \/>\n2022-2023, la cual ya se acerca al medio centenar de recaladas.<\/span><\/p>\n<p class=\"parao_u10f01\"><span class=\"charo_u6b\" id=\"txsr_a:2:{s:4:&quot;infl&quot;;s:3:&quot;U_0&quot;;s:4:&quot;ptfs&quot;;s:6:&quot;c_Bold&quot;;}\"><strong>Cruceros<strong\/><\/strong><\/span><\/p>\n<p class=\"parao_u10f01\"><span class=\"charo_u6b\">De<br \/>\n los tres nav\u00edos que arribaron ayer a la ciudad, sin duda el m\u00e1s<br \/>\nimpresionante es el crucero internacional \u201cOosterdam\u201d, con un tama\u00f1o de<br \/>\n285 metros de eslora (largo) y que es el mayor nav\u00edo que ha recalado<br \/>\nhasta ahora en Punta Arenas, superando al \u201cAIDAmar\u201d, de 254 metros de<br \/>\neslora.<\/span><\/p>\n<p class=\"parao_u10f01\"><span class=\"charo_u6b\">El<br \/>\nnav\u00edo, que ofrece viajes de dos a tres semanas a los canales australes<br \/>\npor valores que parten en dos millones de pesos, posee una capacidad de<br \/>\n1.900 pasajeros.<\/span><\/p>\n<p class=\"parao_u10f01\"><span class=\"charo_u6b\">Junto a \u00e9l arrib\u00f3 tambi\u00e9n a Punta Arenas el d\u00eda de ayer el crucero internacional \u201cViking Jupiter\u201d, <\/span><span class=\"charo_u6b\" id=\"txsr_a:1:{s:4:&quot;phzs&quot;;s:4:&quot;D_99&quot;;}\">con una capacidad de 928 pasajeros.<\/span><\/p>\n<p class=\"parao_u10f01\"><span class=\"charo_u6b\" id=\"txsr_a:1:{s:4:&quot;phzs&quot;;s:4:&quot;D_99&quot;;}\">A su vez, el crucero internacional \u201cSilver Explorer\u201d aport\u00f3 otros 110 pasajeros.<\/span><\/p>\n<p class=\"parao_u10f01\"><span class=\"charo_u6b\" id=\"txsr_a:1:{s:4:&quot;phzs&quot;;s:4:&quot;D_99&quot;;}\">Y no splo hubo movimiento de embarcaciones en Punta Arenas.<\/span><\/p>\n<p class=\"parao_u10f01\"><span class=\"charo_u6b\" id=\"txsr_a:1:{s:4:&quot;phzs&quot;;s:4:&quot;D_99&quot;;}\">Ayer tambi\u00e9n deb\u00eda recalar en Puerto Williams el crucero internacional \u201cSilver Wind\u201d, con 270 pasajeros.<\/span><\/p>\n<p class=\"parao_u10f01\"><span class=\"charo_u6b\" id=\"txsr_a:3:{s:4:&quot;infl&quot;;s:3:&quot;U_0&quot;;s:4:&quot;phzs&quot;;s:4:&quot;D_99&quot;;s:4:&quot;ptfs&quot;;s:6:&quot;c_Bold&quot;;}\"><strong>Comercio<strong\/><\/strong><\/span><\/p>\n<p class=\"parao_u10f01\"><span class=\"charo_u6b\" id=\"txsr_a:1:{s:4:&quot;phzs&quot;;s:4:&quot;D_99&quot;;}\">Todos<br \/>\n ellos tuvieron as\u00ed la posibilidad de disfrutar de un recorrido por el<br \/>\nd\u00eda en Punta Arenas, aportando as\u00ed al comercio native.<\/span><\/p>\n<p class=\"parao_u10f01\"><span class=\"charo_u6b\" id=\"txsr_a:1:{s:4:&quot;phzs&quot;;s:4:&quot;D_99&quot;;}\">En<br \/>\n este sentido, cabe destacar el esfuerzo que realiz\u00f3 la Municipalidad de<br \/>\n Punta Arenas por generar una purple de peque\u00f1as empresas locales<br \/>\ndestinadas a proporcionar todo tipo de insumos, desde agua hasta<br \/>\nalimentos y m\u00faltiples repuestos necesarios para apoyar estas vastas<br \/>\ntraves\u00edas que permiten a pasajeros de todo el mundo conocer la belleza<br \/>\nde la Patagonia, la Ant\u00e1rtica y los canales australes.<\/span><\/p>\n<p class=\"parao_u10f01\"><span class=\"charo_u6b\" id=\"txsr_a:3:{s:4:&quot;infl&quot;;s:3:&quot;U_0&quot;;s:4:&quot;phzs&quot;;s:4:&quot;D_99&quot;;s:4:&quot;ptfs&quot;;s:6:&quot;c_Bold&quot;;}\"><strong>Reto log\u00edstico<strong\/><\/strong><\/span><\/p>\n<p class=\"parao_u10f01\"><span class=\"charo_u6b\" id=\"txsr_a:1:{s:4:&quot;phzs&quot;;s:4:&quot;D_99&quot;;}\">La simultaneidad de recaladas se viene observando en Punta Arenas desde hace a\u00f1os y se ha convertido en un hito d<\/span><span class=\"charo_u6b\" id=\"txsr_a:1:{s:4:&quot;phzs&quot;;s:4:&quot;D_98&quot;;}\">igno<br \/>\n de destacar, al poner en marcha terminales y rampas que contribuyen con<br \/>\n espacios y servicios para satisfacer los m\u00faltiples requerimientos.<\/span><\/p>\n<p class=\"parao_u10f01\"><span class=\"charo_u6b\" id=\"txsr_a:1:{s:4:&quot;phzs&quot;;s:4:&quot;D_98&quot;;}\">En<br \/>\n 2019 se lleg\u00f3 a operar cuatro embarcaciones en forma simult\u00e1nea en<br \/>\nPunta Arenas, ocasi\u00f3n en la cual el gerente basic de Epaustral,<br \/>\nRodrigo Pom<\/span><span class=\"charo_u6b\" id=\"txsr_a:1:{s:4:&quot;phzs&quot;;s:4:&quot;D_99&quot;;}\">miez, destac\u00f3 la importancia de la extensi\u00f3n del muelle Prat para abordar semejante desaf\u00edo log\u00edstico.<\/span><\/p>\n<\/div>\n<p>\n    <strong>Ping\u00fcino Multimedia<\/strong> entrega este espacio a su p\u00fablico para la expresi\u00f3n private de opiniones y<br \/>\n    comentarios, apelando al respeto entre los usuarios y deslig\u00e1ndose por completo del contenido de los comentarios<br \/>\n    emitidos.\n<\/p>\n<p><script>\n    (function(d, s, id) {\n        var js, fjs = d.getElementsByTagName(s)[0];\n        if (d.getElementById(id)) return;\n        js = d.createElement(s);\n        js.id = id;\n        js.src = \"\/\/connect.facebook.net\/es_LA\/all.js#xfbml=1&appId=326707310733016\";\n        fjs.parentNode.insertBefore(js, fjs);\n    }(document, 'script', 'facebook-jssdk'));\n    <\/script><script async defer crossorigin=\"anonymous\"\n    src=\"https:\/\/connect.facebook.net\/es_LA\/sdk.js#xfbml=1&#038;version=v7.0&#038;appId=2981943065256750&#038;autoLogAppEvents=1\"\n    nonce=\"WHAxAL2H\"><\/script><br \/>\n<br \/><\/p>\n<p><em> &#8221; Fuentes news.google.com &#8221; <\/em><\/p>\n","protected":false},"excerpt":{"rendered":"<p>Desde lo alto, testigos describen la imagen como magn\u00edfica. Como pocas veces ha ocurrido, tres cruceros internacionales con m\u00e1s de 3 mil pasajeros en complete se reunieron en un mismo d\u00eda en las aguas del muelle Prat de Punta Arenas. Se trataba de los cruceros internacionales \u201cOosterdam\u201d, \u201cViking Jupiter\u201d y \u201cSilver Explorer\u201d. De este modo [&hellip;]<\/p>\n","protected":false},"author":4,"featured_media":442934,"comment_status":"open","ping_status":"closed","sticky":false,"template":"","format":"standard","meta":{"om_disable_all_campaigns":false,"jnews-multi-image_gallery":[],"jnews_single_post":[],"jnews_primary_category":[],"jnews_social_meta":[],"footnotes":""},"categories":[41],"tags":[543],"class_list":["post-442933","post","type-post","status-publish","format-standard","has-post-thumbnail","hentry","category-cruceros","tag-cruceros"],"_links":{"self":[{"href":"https:\/\/dimensionturistica.com\/es\/wp-json\/wp\/v2\/posts\/442933","targetHints":{"allow":["GET"]}}],"collection":[{"href":"https:\/\/dimensionturistica.com\/es\/wp-json\/wp\/v2\/posts"}],"about":[{"href":"https:\/\/dimensionturistica.com\/es\/wp-json\/wp\/v2\/types\/post"}],"author":[{"embeddable":true,"href":"https:\/\/dimensionturistica.com\/es\/wp-json\/wp\/v2\/users\/4"}],"replies":[{"embeddable":true,"href":"https:\/\/dimensionturistica.com\/es\/wp-json\/wp\/v2\/comments?post=442933"}],"version-history":[{"count":0,"href":"https:\/\/dimensionturistica.com\/es\/wp-json\/wp\/v2\/posts\/442933\/revisions"}],"wp:featuredmedia":[{"embeddable":true,"href":"https:\/\/dimensionturistica.com\/es\/wp-json\/wp\/v2\/media\/442934"}],"wp:attachment":[{"href":"https:\/\/dimensionturistica.com\/es\/wp-json\/wp\/v2\/media?parent=442933"}],"wp:term":[{"taxonomy":"category","embeddable":true,"href":"https:\/\/dimensionturistica.com\/es\/wp-json\/wp\/v2\/categories?post=442933"},{"taxonomy":"post_tag","embeddable":true,"href":"https:\/\/dimensionturistica.com\/es\/wp-json\/wp\/v2\/tags?post=442933"}],"curies":[{"name":"wp","href":"https:\/\/api.w.org\/{rel}","templated":true}]}}