{"id":442870,"date":"2022-12-13T10:36:28","date_gmt":"2022-12-13T10:36:28","guid":{"rendered":"https:\/\/dimensionturistica.com\/es\/?p=442870"},"modified":"2022-12-13T10:36:28","modified_gmt":"2022-12-13T10:36:28","slug":"las-huelgas-amenazan-con-paralizar-los-aeropuertos-durante-la-navidad","status":"publish","type":"post","link":"https:\/\/dimensionturistica.com\/es\/las-huelgas-amenazan-con-paralizar-los-aeropuertos-durante-la-navidad\/","title":{"rendered":"Las huelgas amenazan con paralizar los aeropuertos durante la Navidad"},"content":{"rendered":"<p> <br \/>\n<\/p>\n<div id=\"article-sumary\">\n<div class=\"article-txt ad-mobile-top\">\n<p><span id=\"docs-internal-guid-acc5b330-7fff-7e0c-15fd-60f67e94824c\">La Navidad pinta mal para quienes tengan pensado iniciarlas este a\u00f1o en alg\u00fan aeropuerto espa\u00f1ol. En el mapa de isobaras se acumulan las borrascas en forma de huelgas. A los paros que llevan protagonizando hace meses los <a rel=\"nofollow noopener\" target=\"_blank\" href=\"https:\/\/viajes.nationalgeographic.com.es\/lifestyle\/claves-huelga-vueling-fechas-cancelaciones-y-como-reclamar_18312\">tripulantes de cabina de Vueling<\/a>, se unen ahora la convocada por CCOO para los trabajadores de Aena, la registrada por el sindicato de pilotos Sepla en Air Nostrum y la de los controladores de Enaire.<\/span><\/p>\n<\/div>\n<\/div>\n<div id=\"article-text\">\n<div class=\"txt\">\n<aside class=\"subscription-highlighted\">\n<div class=\"subscription-container\">\n<div class=\"non-subscribed\">\n<p class=\"description\">Suscr\u00edbete hoy a la revista Viajes Nationwide Geographic y explora nuevos destinos.<\/p>\n<p><a rel=\"nofollow noopener\" target=\"_blank\" href=\"https:\/\/tienda.rba.es\/revistas\/viajes-national-geographic?rba_source=viajes.nationalgeographi&amp;rba_medium=referral&amp;rba_campaign=NGMV&amp;rba_content=frase-articulo\" class=\"more-link\">EMPIEZA YA<\/a><\/div>\n<\/div>\n<\/aside>\n<p style=\"display: none;\"><img decoding=\"async\" id=\"ctl01_ctl00_phMain_phMain_ctl00_ctl02_ctl17_ctl01_imgContent\" src=\"https:\/\/news.google.com\/medio\/2022\/12\/13\/istock-1137167810-1_9be0585b_800x800.jpg\" alt=\"iStock-1137167810 (1)\" style=\"border-width:0px;\"\/><\/p>\n<aside class=\"add300x250 publi-interior-top ad-container-r1 ad-inline\"\/>\n<p dir=\"ltr\"><span id=\"docs-internal-guid-d267b45c-7fff-9e98-7bc0-5507086c71b5\">El sindicato CC OO ha anunciado una convocatoria de paros en los aeropuertos y centros de management de Aena que coinciden con las pr\u00f3ximas fiestas y se alargar\u00e1 todo el primer trimestre de 2023, con lo cual afectar\u00e1 tambi\u00e9n a Nochevieja y Reyes. Los paros, cuya convocatoria ya se ha oficializado en del Ministerio de Trabajo ante la \u00abfalta de respuesta\u00bb de las empresas del grupo para la recuperaci\u00f3n de la productividad, est\u00e1n programados para <strong>los d\u00edas 22, 23, 30 y 31 de diciembre, as\u00ed como el 6 y 8 de enero del a\u00f1o pr\u00f3ximo<\/strong> y est\u00e1n llamados a las protestas 10.000 trabajadores entre private operativo, administrativos, t\u00e9cnicos de operaciones y bomberos.<\/span><\/p>\n<p><span id=\"docs-internal-guid-d267b45c-7fff-9e98-7bc0-5507086c71b5\">Pero la huelga de Aena no ser\u00e1 la \u00fanica a la que se enfrenta el sector a\u00e9reo espa\u00f1ol en Navidad. El sindicato de pilotos Sepla en Air Nostrum ha convocado a su vez paros de 24 horas<strong> los d\u00edas 22, 23, 26, 27, 29 y 30 de diciembre, y 2 y 3 de enero <\/strong>con la intenci\u00f3n de reclamar la actualizaci\u00f3n del IPC en la negociaci\u00f3n del nuevo convenio colectivo. Las protestas est\u00e1n programadas para todas sus bases y centros de trabajo.<\/span><\/p>\n<p><span id=\"docs-internal-guid-d267b45c-7fff-9e98-7bc0-5507086c71b5\">Estos dos conflictos se unen a los ya enquistados de Vueling y Ryanair, cuya incidencia, de momento, no est\u00e1 siendo masiva. Sin embargo, el retraso en alcanzar soluciones aumenta la intranquilidad de los usuarios que sue\u00f1an con una vuelta a casa por Navidad. <\/span><\/p>\n<section class=\"related-article-content relacionado\">\n<p class=\"relatedTitle\">Art\u00edculo relacionado<\/p>\n<p><a rel=\"nofollow noopener\" target=\"_blank\" href=\"https:\/\/news.google.com\/lifestyle\/claves-huelga-vueling-fechas-cancelaciones-y-como-reclamar_18312\" class=\"rel\"><\/p>\n<article class=\"article\">&#13;<\/p>\n<figure class=\"thumb\">&#13;<img decoding=\"async\" src=\"https:\/\/news.google.com\/medio\/2022\/11\/02\/istock-697626266_403505a3_1280x720.jpg\" alt=\"iStock-697626266\" class=\"imagenRelacionado lazyload\"\/><noscript><img decoding=\"async\" src=\"https:\/\/news.google.com\/medio\/2022\/11\/02\/istock-697626266_403505a3_1280x720.jpg\" alt=\"iStock-697626266\"\/><\/noscript>&#13;<\/figure>\n<p>&#13;<\/p>\n<div class=\"relacionadoTxt\">\n<p>&#13;<\/p>\n<h4 class=\"supertitle\">&#13;Turbulencias a\u00e9reas<\/h4>\n<h4 class=\"title\">&#13;Las claves de la huelga de Vueling: fechas, aeropuertos afectados y c\u00f3mo reclamar<\/h4>\n<p>&#13;<\/p>\n<\/div>\n<\/article>\n<p><\/a><\/section>\n<aside class=\"add300x600 publi-interior-bot ad-inline ad-container-r2\"\/><\/div>\n<p><!-- START: tags-rel  --><!-- END: tags-rel   --><br \/>\n<!-- START:toolbar --><!-- END:toolbar --><\/div>\n\n<p><em> &#8221; Fuentes news.google.com &#8221; <\/em><\/p>\n","protected":false},"excerpt":{"rendered":"<p>La Navidad pinta mal para quienes tengan pensado iniciarlas este a\u00f1o en alg\u00fan aeropuerto espa\u00f1ol. En el mapa de isobaras se acumulan las borrascas en forma de huelgas. A los paros que llevan protagonizando hace meses los tripulantes de cabina de Vueling, se unen ahora la convocada por CCOO para los trabajadores de Aena, la [&hellip;]<\/p>\n","protected":false},"author":4,"featured_media":442871,"comment_status":"open","ping_status":"closed","sticky":false,"template":"","format":"standard","meta":{"om_disable_all_campaigns":false,"jnews-multi-image_gallery":[],"jnews_single_post":[],"jnews_primary_category":[],"jnews_social_meta":[],"footnotes":""},"categories":[39],"tags":[47258,47257],"class_list":["post-442870","post","type-post","status-publish","format-standard","has-post-thumbnail","hentry","category-viajes","tag-cargado-desde-el-fichero-de-recursos","tag-keywords-por-defecto"],"_links":{"self":[{"href":"https:\/\/dimensionturistica.com\/es\/wp-json\/wp\/v2\/posts\/442870","targetHints":{"allow":["GET"]}}],"collection":[{"href":"https:\/\/dimensionturistica.com\/es\/wp-json\/wp\/v2\/posts"}],"about":[{"href":"https:\/\/dimensionturistica.com\/es\/wp-json\/wp\/v2\/types\/post"}],"author":[{"embeddable":true,"href":"https:\/\/dimensionturistica.com\/es\/wp-json\/wp\/v2\/users\/4"}],"replies":[{"embeddable":true,"href":"https:\/\/dimensionturistica.com\/es\/wp-json\/wp\/v2\/comments?post=442870"}],"version-history":[{"count":0,"href":"https:\/\/dimensionturistica.com\/es\/wp-json\/wp\/v2\/posts\/442870\/revisions"}],"wp:featuredmedia":[{"embeddable":true,"href":"https:\/\/dimensionturistica.com\/es\/wp-json\/wp\/v2\/media\/442871"}],"wp:attachment":[{"href":"https:\/\/dimensionturistica.com\/es\/wp-json\/wp\/v2\/media?parent=442870"}],"wp:term":[{"taxonomy":"category","embeddable":true,"href":"https:\/\/dimensionturistica.com\/es\/wp-json\/wp\/v2\/categories?post=442870"},{"taxonomy":"post_tag","embeddable":true,"href":"https:\/\/dimensionturistica.com\/es\/wp-json\/wp\/v2\/tags?post=442870"}],"curies":[{"name":"wp","href":"https:\/\/api.w.org\/{rel}","templated":true}]}}