{"id":442641,"date":"2022-12-12T22:27:46","date_gmt":"2022-12-12T22:27:46","guid":{"rendered":"https:\/\/dimensionturistica.com\/es\/?p=442641"},"modified":"2022-12-12T22:27:47","modified_gmt":"2022-12-12T22:27:47","slug":"nino-arrastrado-por-un-caballo-en-unas-vacaciones-lucha-por-su-vida","status":"publish","type":"post","link":"https:\/\/dimensionturistica.com\/es\/nino-arrastrado-por-un-caballo-en-unas-vacaciones-lucha-por-su-vida\/","title":{"rendered":"Ni\u00f1o arrastrado por un caballo en unas vacaciones lucha por su vida"},"content":{"rendered":"<p> <br \/>\n<\/p>\n<div> <head> <meta charset=\"utf-8\"\/> <meta name=\"viewport\" content=\"width=device-width,initial-scale=1\"\/> <meta name=\"theme-color\" content=\"#00a4e0\"\/> <title>Ni\u00f1o arrastrado por un caballo en unas vacaciones lucha por su vida | Folks en Espa\u00f1ol<\/title> <link rel=\"dns-prefetch\" href=\"https:\/\/karma.mdpcdn.com\"\/> <link rel=\"dns-prefetch\" href=\"https:\/\/imagesvc.meredithcorp.io\"\/> <link rel=\"dns-prefetch\" href=\"https:\/\/cdn.segment.com\"\/> <link rel=\"stylesheet\" type=\"text\/css\" href=\"https:\/\/news.google.com\/dist\/style-4a0dc209ffc37e9ed5b9-hash.css\"\/>     <link rel=\"manifest\" href=\"https:\/\/news.google.com\/manifest.json\"\/> <meta name=\"keywords\" content=\"accidentes,Noticias\"\/> <meta name=\"news_keywords\" content=\"accidentes,Noticias\"\/> <meta name=\"description\" content=\"Stefan, de 8 a\u00f1os, termin\u00f3 siendo arrastrado casi dos millas sobre el pavimento por un caballo que hab\u00edan contratado en una excursi\u00f3n en Belice, una de las escalas del crucero en que viajaba con su familia.\"\/> <link rel=\"canonical\" href=\"https:\/\/peopleenespanol.com\/noticias\/nino-vacaciones-crucero-accidente-caballo\/\"\/> <meta name=\"robots\" content=\"max-image-preview:large\"\/> <link rel=\"shortcut icon\" href=\"https:\/\/news.google.com\/favicon.ico\" type=\"image\/vnd.microsoft.icon\"\/> <link rel=\"icon\" href=\"https:\/\/news.google.com\/img\/favicons\/favicon-32.png\" \/> <link rel=\"apple-touch-icon\" href=\"https:\/\/news.google.com\/img\/favicons\/favicon-57.png\"\/> <link rel=\"apple-touch-icon\" href=\"https:\/\/news.google.com\/img\/favicons\/favicon-57.png\" \/> <link rel=\"apple-touch-icon\" href=\"https:\/\/news.google.com\/img\/favicons\/favicon-72.png\" \/> <link rel=\"apple-touch-icon\" href=\"https:\/\/news.google.com\/img\/favicons\/favicon-76.png\" \/> <link rel=\"apple-touch-icon\" href=\"https:\/\/news.google.com\/img\/favicons\/favicon-114.png\" \/> <link rel=\"apple-touch-icon\" href=\"https:\/\/news.google.com\/img\/favicons\/favicon-120.png\" \/> <link rel=\"apple-touch-icon\" href=\"https:\/\/news.google.com\/img\/favicons\/favicon-144.png\" \/> <link rel=\"apple-touch-icon\" href=\"https:\/\/news.google.com\/img\/favicons\/favicon-152.png\" \/> <link rel=\"apple-touch-icon\" href=\"https:\/\/news.google.com\/img\/favicons\/favicon-180.png\" \/> <link rel=\"icon\"  href=\"https:\/\/news.google.com\/img\/favicons\/favicon-192.png\"\/> <meta property=\"og:title\" content=\"Ni\u00f1o de 8 a\u00f1os de vacaciones en un crucero lucha por su vida tras un desgraciado accidente\"\/> <meta property=\"og:type\" content=\"article\"\/> <meta property=\"og:site_name\" content=\"People en Espa\u00f1ol\"\/> <meta property=\"og:url\" content=\"https:\/\/peopleenespanol.com\/noticias\/nino-vacaciones-crucero-accidente-caballo\/\"\/> <meta property=\"og:description\" content=\"El caballo en el que iba Stefan &quot;se asust\u00f3 y comenz\u00f3 a correr&quot;. El ni\u00f1o termin\u00f3 siendo arrastrado por casi dos millas. \"\/> <meta name=\"pinterest:url\" content=\"https:\/\/peopleenespanol.com\/noticias\/nino-vacaciones-crucero-accidente-caballo\/\"\/> <meta name=\"twitter:card\" content=\"summary_large_image\"\/> <meta name=\"twitter:url\" content=\"https:\/\/peopleenespanol.com\/noticias\/nino-vacaciones-crucero-accidente-caballo\/\"\/> <meta name=\"twitter:title\" content=\"Ni\u00f1o de 8 a\u00f1os de vacaciones en un crucero lucha por su vida tras un desgraciado accidente\"\/> <meta name=\"twitter:description\" content=\"El caballo en el que iba Stefan &quot;se asust\u00f3 y comenz\u00f3 a correr&quot;. El ni\u00f1o termin\u00f3 siendo arrastrado por casi dos millas.\"\/> <meta name=\"twitter:site\" content=\"@peopleenespanol\"\/> <meta name=\"pinterest:media\" content=\"https:\/\/imagesvc.meredithcorp.io\/v3\/mm\/image?url=https%3A%2F%2Fstatic.onecms.io%2Fwp-content%2Fuploads%2Fsites%2F21%2F2022%2F12%2F12%2FScreen-Shot-2022-12-12-at-15.55.56.png\"\/> <meta name=\"twitter:image\" content=\"https:\/\/imagesvc.meredithcorp.io\/v3\/mm\/image?q=60&amp;c=sc&amp;poi=%5B561%2C284%5D&amp;w=1194&amp;h=597&amp;url=https%3A%2F%2Fstatic.onecms.io%2Fwp-content%2Fuploads%2Fsites%2F21%2F2022%2F12%2F12%2FScreen-Shot-2022-12-12-at-15.55.56.png\"\/> <meta property=\"og:image\" content=\"https:\/\/imagesvc.meredithcorp.io\/v3\/mm\/image?q=60&amp;c=sc&amp;poi=%5B561%2C284%5D&amp;w=1194&amp;h=597&amp;url=https%3A%2F%2Fstatic.onecms.io%2Fwp-content%2Fuploads%2Fsites%2F21%2F2022%2F12%2F12%2FScreen-Shot-2022-12-12-at-15.55.56.png\"\/> <meta property=\"og:image:width\" content=\"1194\"\/> <meta property=\"og:image:height\" content=\"597\"\/> <meta property=\"fb:app_id\" content=\"\"\/> <meta property=\"fb:pages\" content=\"7741299484\"\/>   <\/head> <body class=\"template-article node-article mdex-test karma-site-container peopleenespanol no-js\" data-content-graph-id=\"cms\/onecms_posts_peopleenespanol_10761791\" data-uuid=\"b826cd05-832f-4fa4-8161-af9e911397fd\" data-current-env=\"production\" data-add-slash=\"true\" data-caas-sitename=\"peopleenespanol\" data-element-login-registration=\"true\" data-recommendations-proximity-url=\"https:\/\/recommendation.meredith.services\/v2\/Proximity\" data-recommendations-aggregates-url=\"https:\/\/recommendation.meredith.services\/v2\/Aggregates\" data-recommendations-contains-url=\"https:\/\/recommendation.meredith.services\/v2\/Contains\" data-search-api-url=\"https:\/\/search.meredith.services\/v2\/search\" data-faceted-search-api-url=\"\" data-dynamic-nav-id=\"cms\/onecms_posts_peopleenespanol_explore\" data-content-router-site=\"peopleenespanol.com\" data-content-type=\"article\" id=\"wp_automatic_ReadabilityBody\"> <\/p>\n<header class=\"component navigation-test\"><a rel=\"nofollow noopener\" target=\"_blank\" class=\"skipLink elementFont__button skipLink--skipNav\" href=\"#main-content\">Skip to content<\/a>   <\/p>\n<nav aria-label=\"Top\" data-tracking-zone=\"nav-bar\" class=\"main-new new-navigation karma-below-banner no-secondary-ribbon no-utility-ribbon\">\n<h2 id=\"top-nav-heading\" class=\"visually-hidden\">Prime Navigation<\/h2>\n<\/nav>\n<div class=\"partial modal hamburger static modal--hideHeading\" aria-hidden=\"true\" id=\"dialog-3d449098-8b8e-4ff2-8fcb-2c1afd9ad7a8\" role=\"dialog\" aria-labelledby=\"hamburger_dialog\">\n<div class=\"dialog-wrap\"> <button class=\"close close--outside\" type=\"button\" data-a11y-dialog-hide=\"\" data-tracking-zone=\"nav-hamburger\" data-action=\"close-hamburger-menu\"> <span class=\"visually-hidden\">Shut this dialog window<\/span><svg xmlns=\"http:\/\/www.w3.org\/2000\/svg\" width=\"14\" height=\"14\" viewbox=\"0 0 14 14\"><path d=\"M14 1.41L12.59 0 7 5.59 1.41 0 0 1.41 5.59 7 0 12.59 1.41 14 7 8.41 12.59 14 14 12.59 8.41 7z\"\/><\/svg><\/button> <\/p>\n<h2 class=\"visually-hidden\" id=\"hamburger_dialog\">Descubre Folks en Espa\u00f1ol<\/h2>\n<\/p><\/div>\n<\/div>\n<p>   <a rel=\"nofollow noopener\" target=\"_blank\" class=\"skipLink__destination skipLink__destination--headerOffset\" id=\"main-content\"><\/header>\n<div class=\"partial modal share-icons\" aria-hidden=\"true\" id=\"dialog-955ac663-b6df-4bda-a03a-566293be7d77\" role=\"dialog\" aria-labelledby=\"share_dialog\">\n<div class=\"dialog-wrap\"> <button class=\"close\" type=\"button\" data-a11y-dialog-hide=\"\" data-tracking-zone=\"do-not-track\" data-action=\"close-hamburger-menu\"> <span class=\"visually-hidden\">Shut this dialog window<\/span><svg xmlns=\"http:\/\/www.w3.org\/2000\/svg\" width=\"14\" height=\"14\" viewbox=\"0 0 14 14\"><path d=\"M14 1.41L12.59 0 7 5.59 1.41 0 0 1.41 5.59 7 0 12.59 1.41 14 7 8.41 12.59 14 14 12.59 8.41 7z\"\/><\/svg><\/button> <\/p>\n<h2 class=\"dialogTitle elementFont__title\" id=\"share_dialog\">Share &amp; Extra<\/h2>\n<\/p><\/div>\n<\/div>\n<div class=\"partial modal zoom-image image-modal static modal--hideHeading\" aria-hidden=\"true\" id=\"dialog-5c8c62a1-786a-419c-9d9a-1da5e4bf3747\" role=\"dialog\" aria-labelledby=\"overlays_zoom_image\">\n<div class=\"dialog-wrap\"> <button class=\"close close--outside\" type=\"button\" data-a11y-dialog-hide=\"\" data-tracking-zone=\"do-not-track\" data-action=\"close-hamburger-menu\"> <span class=\"visually-hidden\">Shut this dialog window<\/span><svg xmlns=\"http:\/\/www.w3.org\/2000\/svg\" width=\"14\" height=\"14\" viewbox=\"0 0 14 14\"><path d=\"M14 1.41L12.59 0 7 5.59 1.41 0 0 1.41 5.59 7 0 12.59 1.41 14 7 8.41 12.59 14 14 12.59 8.41 7z\"\/><\/svg><\/button> <\/p>\n<h2 class=\"visually-hidden\" id=\"overlays_zoom_image\">View picture<\/h2>\n<div class=\"content modalContent content--noPadding\">\n<div class=\"component image-zoom\">\n<div class=\"inner-container\">\n<div class=\"image-wrap-container clearfix\">\n<p>Ni\u00f1o de 8 a\u00f1os de vacaciones en un crucero lucha por su vida tras un desgraciado accidente<\/p>\n<\/div>\n<\/div>\n<\/div><\/div>\n<\/div>\n<\/div>\n<p>this hyperlink is to an exterior web site that will or could not meet accessibility pointers.<\/p>\n<p> <\/body> <\/div>\n\n<p><em> &#8221; Fuentes news.google.com &#8221; <\/em><\/p>\n","protected":false},"excerpt":{"rendered":"<p>Ni\u00f1o arrastrado por un caballo en unas vacaciones lucha por su vida | Folks en Espa\u00f1ol Skip to content Prime Navigation Shut this dialog window Descubre Folks en Espa\u00f1ol Shut this dialog window Share &amp; Extra Shut this dialog window View picture Ni\u00f1o de 8 a\u00f1os de vacaciones en un crucero lucha por su vida [&hellip;]<\/p>\n","protected":false},"author":4,"featured_media":442642,"comment_status":"open","ping_status":"closed","sticky":false,"template":"","format":"standard","meta":{"om_disable_all_campaigns":false,"jnews-multi-image_gallery":[],"jnews_single_post":[],"jnews_primary_category":[],"jnews_social_meta":[],"footnotes":""},"categories":[41],"tags":[720,705],"class_list":["post-442641","post","type-post","status-publish","format-standard","has-post-thumbnail","hentry","category-cruceros","tag-accidentes","tag-noticias"],"_links":{"self":[{"href":"https:\/\/dimensionturistica.com\/es\/wp-json\/wp\/v2\/posts\/442641","targetHints":{"allow":["GET"]}}],"collection":[{"href":"https:\/\/dimensionturistica.com\/es\/wp-json\/wp\/v2\/posts"}],"about":[{"href":"https:\/\/dimensionturistica.com\/es\/wp-json\/wp\/v2\/types\/post"}],"author":[{"embeddable":true,"href":"https:\/\/dimensionturistica.com\/es\/wp-json\/wp\/v2\/users\/4"}],"replies":[{"embeddable":true,"href":"https:\/\/dimensionturistica.com\/es\/wp-json\/wp\/v2\/comments?post=442641"}],"version-history":[{"count":0,"href":"https:\/\/dimensionturistica.com\/es\/wp-json\/wp\/v2\/posts\/442641\/revisions"}],"wp:featuredmedia":[{"embeddable":true,"href":"https:\/\/dimensionturistica.com\/es\/wp-json\/wp\/v2\/media\/442642"}],"wp:attachment":[{"href":"https:\/\/dimensionturistica.com\/es\/wp-json\/wp\/v2\/media?parent=442641"}],"wp:term":[{"taxonomy":"category","embeddable":true,"href":"https:\/\/dimensionturistica.com\/es\/wp-json\/wp\/v2\/categories?post=442641"},{"taxonomy":"post_tag","embeddable":true,"href":"https:\/\/dimensionturistica.com\/es\/wp-json\/wp\/v2\/tags?post=442641"}],"curies":[{"name":"wp","href":"https:\/\/api.w.org\/{rel}","templated":true}]}}