{"id":442583,"date":"2022-12-12T20:52:24","date_gmt":"2022-12-12T20:52:24","guid":{"rendered":"https:\/\/dimensionturistica.com\/es\/?p=442583"},"modified":"2022-12-12T20:52:24","modified_gmt":"2022-12-12T20:52:24","slug":"asi-es-la-linea-fortificada-de-aragon-que-se-puede-visitar","status":"publish","type":"post","link":"https:\/\/dimensionturistica.com\/es\/asi-es-la-linea-fortificada-de-aragon-que-se-puede-visitar\/","title":{"rendered":"as\u00ed es la l\u00ednea fortificada de Arag\u00f3n que se puede visitar"},"content":{"rendered":"<p> <br \/>\n<\/p>\n<div>\n<p class=\"paragraph \" id=\"m97-96-98\"><strong>Arag\u00f3n <\/strong>jug\u00f3 un papel basic en la <strong>Guerra Civil<\/strong>. El territorio estuvo dividido entre ambos bandos desde el inicio del conflicto y fue el escenario de varias operaciones militares y batallas como las de Belchite y Teruel. Es por ello que en la zona podemos encontrar algunas construcciones como la<strong> L\u00ednea del Cinca,<\/strong> la principal obra defensiva levantada por el bando republicano en Arag\u00f3n.<\/p>\n<h2 id=\"m102-101-103\">El sector de Monz\u00f3n es el mejor conservado<\/h2>\n<p class=\"paragraph \" id=\"m107-106-108\">Entre las localidades de <strong>Bolta\u00f1a<\/strong>, en Huesca, y<strong> Horta de Sant Joan<\/strong>, en Tarragona, nos topamos con una incre\u00edble sucesi\u00f3n de fortificaciones construidas entre agosto de 1936 y finales de 1937. Esta masiva obra defensiva fue promovida por el Comit\u00e9 de Milicias de Catalu\u00f1a &#8220;en previsi\u00f3n de una ruptura del frente de Arag\u00f3n&#8221;, detalla Miguel Cuesta Aguirre en su libro<em> <a rel=\"nofollow noopener\" target=\"_blank\" href=\"https:\/\/es.bookshop.org\/a\/8360\/9788491584391\">Rutas de la Guerra Civil<\/a>\u00a0<\/em>(Anaya Touring).<\/p>\n<div id=\"m112-111-113\">\n<figure class=\"article-picture\">\n        <img decoding=\"async\" loading=\"lazy\" width=\"656\" height=\"558\" alt=\"Trincheras de Castej\u00f3n del Puente.\" src=\"https:\/\/imagenes.20minutos.es\/files\/image_656_558\/uploads\/imagenes\/2022\/12\/12\/fotografia-linea-del-cinca-2.jpeg\" data-full-src=\"https:\/\/www.20minutos.es\/uploads\/imagenes\/2022\/12\/12\/fotografia-linea-del-cinca-2.jpeg\"\/><figcaption id=\"m123-122-124\">Trincheras de Castej\u00f3n del Puente.<\/figcaption><span class=\"author \" id=\"m128-127-129\">Mapi Gistau Pu\u00e9rtolas \/ Wikimedia Commons<\/span><\/figure>\n<\/div>\n<p class=\"paragraph \" id=\"m139-138-140\">La L\u00ednea del Cinca se extend\u00eda a lo largo de <strong>200 kil\u00f3metros<\/strong> y contaba con 130 refugios, 270 nidos de ametralladora, 140 emplazamientos de artiller\u00eda y capacidad para 15.000 soldados. Esta se divid\u00eda en tres grandes sectores y es entre las localidades oscenses de <strong>Monz\u00f3n y Barbastro<\/strong> donde encontramos la zona que ha llegado a nuestros d\u00edas en mejores condiciones, ya que &#8220;conserva la mayor densidad de vestigios visitables en apenas un pu\u00f1ado de kil\u00f3metros&#8221;, se\u00f1ala Cuesta. Solo en este sector se llegaron a construir 66 emplazamientos para ametralladoras, otros tres artilleros y atrincheramientos para un whole de <strong>4.000 soldados<\/strong>.<\/p>\n<article class=\"media media-integrated \" id=\"m144-143-145\">\n<div>\n<figure class=\"figure-100\">\n            <a rel=\"nofollow noopener\" target=\"_blank\" href=\"https:\/\/www.20minutos.es\/viajes\/destinos\/ciudad-subterranea-guerra-civil-se-esconde-bajo-calles-almeria-5083046\/\"><br \/>\n                <span class=\"accessTypeIcon withImage\"><em class=\"member boxIcon\"\/><\/span><br \/>\n                <img decoding=\"async\" loading=\"lazy\" width=\"318\" height=\"178\" alt=\"Red de refugios de Almer\u00eda.\" src=\"https:\/\/imagenes.20minutos.es\/files\/image_318_v3\/uploads\/imagenes\/2022\/12\/08\/fotografia-refugios-almeria-2.jpeg\" data-full-src=\"https:\/\/www.20minutos.es\/uploads\/imagenes\/2022\/12\/08\/fotografia-refugios-almeria-2.jpeg\"\/><br \/>\n            <\/a><br \/>\n        <\/figure>\n<\/p><\/div>\n<\/article>\n<h2 id=\"m179-178-180\">Un recorrido por la historia<\/h2>\n<p class=\"paragraph \" id=\"m184-183-185\">El punto de partida para las visitas es el <strong>Centro de Interpretaci\u00f3n de la L\u00ednea del Cinca\u00a0<\/strong>ubicado en Monz\u00f3n. Este se emplaza en un palacete rehabilitado con una recreaci\u00f3n de una casa aragonesa de los a\u00f1os 20 en la planta superior. Por otro lado, en los pisos inferiores, los visitantes podr\u00e1n descubrir todos datos sobre la construcci\u00f3n de la l\u00ednea defensiva.<\/p>\n<div id=\"m189-188-190\">\n<figure class=\"article-picture\">\n        <img decoding=\"async\" loading=\"lazy\" width=\"656\" height=\"558\" alt=\"Trincheras de Castej\u00f3n del Puente.\" src=\"https:\/\/imagenes.20minutos.es\/files\/image_656_558\/uploads\/imagenes\/2022\/12\/12\/fotografia-linea-del-cinca-3.jpeg\" data-full-src=\"https:\/\/www.20minutos.es\/uploads\/imagenes\/2022\/12\/12\/fotografia-linea-del-cinca-3.jpeg\"\/><figcaption id=\"m200-199-201\">Trincheras de Castej\u00f3n del Puente.<\/figcaption><span class=\"author \" id=\"m205-204-206\">Mapi Gistau Pu\u00e9rtolas \/ Wikimedia Commons<\/span><\/figure>\n<\/div>\n<p class=\"paragraph \" id=\"m216-215-217\">Por otro lado, a las afueras de la localidad de <strong>Castej\u00f3n del Puente<\/strong>, tambi\u00e9n en Huesca, se encuentra una de las mejores fortificaciones de la L\u00ednea del Cinca. El <strong>Complejo fortificado Tozal de las Aguaderas<\/strong> &#8220;es un conjunto de trincheras a cielo abierto, galer\u00edas subterr\u00e1neas, casamatas y refugios construido sobre un cerro&#8221;, explica Cuesta. Para poder visitar el inside hay que contactar con el Ayuntamiento.<\/p>\n<article class=\"media media-integrated \" id=\"m221-220-222\">\n<div>\n<figure class=\"figure-100\">\n            <a rel=\"nofollow noopener\" target=\"_blank\" href=\"https:\/\/www.20minutos.es\/viajes\/destinos\/bustarviejo-un-desconocido-campo-de-trabajo-franquista-que-puede-visitarse-en-madrid-los-presos-eran-mano-de-obra-esclava-5081275\/\"><br \/>\n                <span class=\"accessTypeIcon withImage\"><em class=\"member boxIcon\"\/><\/span><br \/>\n                <img decoding=\"async\" loading=\"lazy\" width=\"318\" height=\"178\" alt=\"Destacamento Penal de Bustarviejo.\" src=\"https:\/\/imagenes.20minutos.es\/files\/image_318_v3\/uploads\/imagenes\/2022\/12\/01\/fotografia-destacamento-penal-de-bustarviejo.jpeg\" data-full-src=\"https:\/\/www.20minutos.es\/uploads\/imagenes\/2022\/12\/01\/fotografia-destacamento-penal-de-bustarviejo.jpeg\"\/><br \/>\n            <\/a><br \/>\n        <\/figure>\n<\/p><\/div>\n<\/article>\n<p class=\"paragraph \" id=\"m255-254-256\">Para continuar con este\u00a0<strong>recorrido por la historia\u00a0<\/strong>y profundizar m\u00e1s en esta enorme construcci\u00f3n, se pueden visitar otros puntos como los nidos de ametralladora de Selgua, la posici\u00f3n artillera de Fonz y los nidos de ametralladora del Puente de las Pilas.<\/p>\n<p class=\"paragraph \" id=\"m260-259-261\"><a rel=\"nofollow noopener\" target=\"_blank\" href=\"https:\/\/www.20minutos.es\/estaticos\/newsletter-viajes\/\">Ap\u00fantate a la newsletter y recibe en tu correo las mejores propuestas para viajar por el mundo.<\/a><\/p>\n<\/div>\n\n<p><em> &#8221; Fuentes news.google.com &#8221; <\/em><\/p>\n","protected":false},"excerpt":{"rendered":"<p>Arag\u00f3n jug\u00f3 un papel basic en la Guerra Civil. El territorio estuvo dividido entre ambos bandos desde el inicio del conflicto y fue el escenario de varias operaciones militares y batallas como las de Belchite y Teruel. Es por ello que en la zona podemos encontrar algunas construcciones como la L\u00ednea del Cinca, la principal [&hellip;]<\/p>\n","protected":false},"author":4,"featured_media":442584,"comment_status":"open","ping_status":"closed","sticky":false,"template":"","format":"standard","meta":{"om_disable_all_campaigns":false,"jnews-multi-image_gallery":[],"jnews_single_post":[],"jnews_primary_category":[],"jnews_social_meta":[],"footnotes":""},"categories":[39],"tags":[6328,1228,545],"class_list":["post-442583","post","type-post","status-publish","format-standard","has-post-thumbnail","hentry","category-viajes","tag-aragon","tag-destinos","tag-viajes"],"_links":{"self":[{"href":"https:\/\/dimensionturistica.com\/es\/wp-json\/wp\/v2\/posts\/442583","targetHints":{"allow":["GET"]}}],"collection":[{"href":"https:\/\/dimensionturistica.com\/es\/wp-json\/wp\/v2\/posts"}],"about":[{"href":"https:\/\/dimensionturistica.com\/es\/wp-json\/wp\/v2\/types\/post"}],"author":[{"embeddable":true,"href":"https:\/\/dimensionturistica.com\/es\/wp-json\/wp\/v2\/users\/4"}],"replies":[{"embeddable":true,"href":"https:\/\/dimensionturistica.com\/es\/wp-json\/wp\/v2\/comments?post=442583"}],"version-history":[{"count":0,"href":"https:\/\/dimensionturistica.com\/es\/wp-json\/wp\/v2\/posts\/442583\/revisions"}],"wp:featuredmedia":[{"embeddable":true,"href":"https:\/\/dimensionturistica.com\/es\/wp-json\/wp\/v2\/media\/442584"}],"wp:attachment":[{"href":"https:\/\/dimensionturistica.com\/es\/wp-json\/wp\/v2\/media?parent=442583"}],"wp:term":[{"taxonomy":"category","embeddable":true,"href":"https:\/\/dimensionturistica.com\/es\/wp-json\/wp\/v2\/categories?post=442583"},{"taxonomy":"post_tag","embeddable":true,"href":"https:\/\/dimensionturistica.com\/es\/wp-json\/wp\/v2\/tags?post=442583"}],"curies":[{"name":"wp","href":"https:\/\/api.w.org\/{rel}","templated":true}]}}