{"id":442479,"date":"2022-12-12T18:10:37","date_gmt":"2022-12-12T18:10:37","guid":{"rendered":"https:\/\/dimensionturistica.com\/es\/?p=442479"},"modified":"2022-12-12T18:10:37","modified_gmt":"2022-12-12T18:10:37","slug":"casi-el-40-de-las-agencias-de-viajes-de-espana-encaran-2023-con-optimismo-tras-la-mejora-de-ventas-respecto-a-2019","status":"publish","type":"post","link":"https:\/\/dimensionturistica.com\/es\/casi-el-40-de-las-agencias-de-viajes-de-espana-encaran-2023-con-optimismo-tras-la-mejora-de-ventas-respecto-a-2019\/","title":{"rendered":"Casi el 40% de las agencias de viajes de Espa\u00f1a encaran 2023 con optimismo tras la mejora de ventas respecto a 2019"},"content":{"rendered":"<p> <br \/>\n<\/p>\n<div>\n<p class=\"paragraph \" id=\"m97-96-98\">El 37,3% de las agencias de viajes considera que la <a rel=\"nofollow noopener\" target=\"_blank\" href=\"https:\/\/www.20minutos.es\/gastronomia\/restaurantes\/la-inflacion-revoluciona-los-habitos-del-consumidor-en-los-restaurantes-se-piden-menos-postres-copas-y-platos-caros-5071779\/\" title=\"La inflaci\u00f3n revoluciona los h\u00e1bitos del consumidor en los restaurantes: se piden menos postres, copas y platos caros\">facturaci\u00f3n obtenida en 2022 <\/a>es mejor que la de 2019, y encara el a\u00f1o <strong>2023 con un optimismo moderado.<\/strong><\/p>\n<p class=\"paragraph \" id=\"m102-101-103\">As\u00ed se extrae del stability del a\u00f1o realizado por la <a rel=\"nofollow noopener\" target=\"_blank\" href=\"https:\/\/www.ceav.info\/\">Confederaci\u00f3n Espa\u00f1ola de Agencias de Viajes<\/a> (CEAV), presentada este lunes por su presidente, Carlos Garrido, que ha catalogado <strong>2022 como &#8220;el a\u00f1o de la recuperaci\u00f3n&#8221;.<\/strong><\/p>\n<p class=\"paragraph \" id=\"m107-106-108\">En la encuesta realizada para la redacci\u00f3n del stability, casi el <strong>40% de las agencias han admitido una mejora de la facturaci\u00f3n<\/strong> con respecto a 2019 y el 26,8% la ha percibido como estable. Por el contrario, el 35,9% ha notado un empeoramiento.<\/p>\n<h2 id=\"m112-111-113\">Una mayor\u00eda confirma la mejora<\/h2>\n<p class=\"paragraph \" id=\"m117-116-118\">De quienes han referido una mejor\u00eda, el<strong> 60,8% afirma que la mejora ha sido inferior a un 25%<\/strong>, mientras que el 26,5% considera que la subida se ha situado entre el 25% y el 50%, y el 12,5% declara haberla mejorado en un 50%.<\/p>\n<article class=\"media media-integrated \" id=\"m122-121-123\">\n<div>\n<figure class=\"figure-100\">\n            <a rel=\"nofollow noopener\" target=\"_blank\" href=\"https:\/\/www.20minutos.es\/noticia\/5083891\/0\/el-gobierno-dara-hasta-150-000-euros-a-las-pymes-que-implanten-la-semana-laboral-de-cuatro-dias\/\"><br \/>\n                <span class=\"accessTypeIcon withImage\"><em class=\"member boxIcon\"\/><\/span><br \/>\n                <img decoding=\"async\" loading=\"lazy\" width=\"318\" height=\"178\" alt=\"Reyes Maroto, en un desayuno de EP, el d\u00eda en el que se ha anunciado su candidatura al Ayuntamiento de Madrid\" src=\"https:\/\/imagenes.20minutos.es\/files\/image_318_v3\/uploads\/imagenes\/2022\/11\/14\/reyes-maroto.jpeg\" data-full-src=\"https:\/\/www.20minutos.es\/uploads\/imagenes\/2022\/11\/14\/reyes-maroto.jpeg\"\/><br \/>\n            <\/a><br \/>\n        <\/figure>\n<\/p><\/div>\n<\/article>\n<p class=\"paragraph \" id=\"m157-156-158\">En cuanto a quienes <strong>consideran que los ingresos han descendido<\/strong>, el 45,45% piensa que el descenso ha sido menor al 25%, el 37,12% que ha estado entre el 25% y el 50% y el 17,42% que la bajada ha sido superior al 50%.<\/p>\n<p class=\"paragraph \" id=\"m162-161-163\">Durante el \u00faltimo trimestre, el 74,3% de las agencias considera que<strong> el ritmo de reservas se ha visto afectado negativamente <\/strong>como consecuencia de la subida de los precios.<\/p>\n<h2 id=\"m167-166-168\">Cautela con las previsiones\u00a0<\/h2>\n<p class=\"paragraph \" id=\"m172-171-173\">Las previsiones son &#8220;moderadamente optimistas&#8221; para el pr\u00f3ximo a\u00f1o. <strong>El 28,9% de las agencias cree que mejorar\u00e1, el 13,7% que empeorar\u00e1 y el 35% cree que se mantendr\u00e1 estable. <\/strong>El 22,4% ha preferido no hacer previsiones.<\/p>\n<p class=\"paragraph \" id=\"m182-181-183\">Garrido ha recordado que <strong>el sector ha sido el m\u00e1s afectado por la pandemia<\/strong>, pero que afortunadamente, en 2022, ha habido una &#8220;cierta recuperaci\u00f3n de la actividad&#8221;. Asimismo, ha explicado c\u00f3mo <strong>los datos tur\u00edsticos se van acercando a las cifras r\u00e9cord de 2019<\/strong>, alcanzando los 63,1 millones de turistas en los 10 primeros meses del a\u00f1o frente a los 74,5 millones del mismo periodo de 2019.<\/p>\n<h2 id=\"m187-186-188\">Egipto, l\u00edder en la recuperaci\u00f3n\u00a0<\/h2>\n<p class=\"paragraph \" id=\"m192-191-193\">Este a\u00f1o, el listado de destinos internacionales m\u00e1s demandados ha estado encabezado por Egipto, Estados Unidos y Europa, con Francia a la cabeza y con un <strong>aumento en los \u00faltimos meses<\/strong> en las capitales fomentado por la celebraci\u00f3n de la Navidad.<\/p>\n<p class=\"paragraph \" id=\"m197-196-198\">Tambi\u00e9n <strong>han presentado buenas cifras <\/strong>el Caribe, Turqu\u00eda, Maldivas y los cruceros. Las agencias tambi\u00e9n han mencionado, aunque en una menor medida, pa\u00edses de Latinoam\u00e9rica, los safaris por \u00c1frica y pa\u00edses asi\u00e1ticos como Emiratos \u00c1rabes, Jordania o Vietnam.<\/p>\n<p class=\"paragraph \" id=\"m202-201-203\">En cuanto a los destinos nacionales, Baleares, Canarias, Andaluc\u00eda, Comunidad Valenciana y Madrid son los m\u00e1s solicitados.<\/p>\n<article class=\"media media-integrated \" id=\"m207-206-208\">\n<div>\n<figure class=\"figure-100\">\n            <a rel=\"nofollow noopener\" target=\"_blank\" href=\"https:\/\/www.20minutos.es\/noticia\/5083923\/0\/que-pasara-con-el-euribor-en-2023\/\"><br \/>\n                <span class=\"accessTypeIcon withImage\"><em class=\"member boxIcon\"\/><\/span><br \/>\n                <img decoding=\"async\" loading=\"lazy\" width=\"318\" height=\"178\" alt=\"La imparable escalada del eur\u00edbor -que ha pasado de estar en negativo en enero a rondar el 3% en noviembre- est\u00e1 poniendo en aprietos a muchos hipotecados. La media de eur\u00edbor de noviembre se ha alzado hasta el 2,83%, el m\u00e1ximo registro desde diciembre de 2008, lo que puede encarecer una hipoteca media en 242 euros al mes.\" src=\"https:\/\/imagenes.20minutos.es\/files\/image_318_v3\/uploads\/imagenes\/2022\/12\/01\/63885ee0859ab.jpeg\" data-full-src=\"https:\/\/www.20minutos.es\/uploads\/imagenes\/2022\/12\/01\/63885ee0859ab.jpeg\"\/><br \/>\n            <\/a><br \/>\n        <\/figure>\n<\/p><\/div>\n<\/article>\n<h2 id=\"m241-240-242\">Aumentan las ganas de viajar y la incertidumbre<\/h2>\n<p class=\"paragraph \" id=\"m246-245-247\">El 81,9% de las agencias de viajes ha notado el cambio de h\u00e1bito de los consumidores a la hora de viajar tras la pandemia y ante el entorno macroecon\u00f3mico incierto. Los cambios referidos son <strong>el aumento de las ganas de viajar; la incertidumbre<\/strong>, que provoca que se reserve con mucha menos antelaci\u00f3n y aumenten las reservas de \u00faltima hora.<\/p>\n<p class=\"paragraph \" id=\"m251-250-252\">El incremento de la cautela, adem\u00e1s, hace que los<strong> clientes soliciten m\u00e1s seguros y flexibilidad en las cancelaciones<\/strong>. Tambi\u00e9n hay un mayor nivel de exigencia en cuanto a la informaci\u00f3n que se les facilita, a la agilidad de la respuesta y a los servicios ofertados.<\/p>\n<article class=\"media media-integrated \" id=\"m256-255-257\">\n<div>\n<figure class=\"figure-100\">\n            <a rel=\"nofollow noopener\" target=\"_blank\" href=\"https:\/\/www.20minutos.es\/noticia\/5083860\/0\/estas-son-comunidades-donde-mas-cae-precio-vivienda\/\"><br \/>\n                <span class=\"accessTypeIcon withImage\"><em class=\"member boxIcon\"\/><\/span><br \/>\n                <img decoding=\"async\" loading=\"lazy\" width=\"318\" height=\"178\" alt=\"C\u00f3mo calcular lo que tengo que pagar en la Renta por haber vendido mi casa.\" src=\"https:\/\/imagenes.20minutos.es\/files\/image_318_v3\/uploads\/imagenes\/2021\/08\/01\/venta.png\" data-full-src=\"https:\/\/www.20minutos.es\/uploads\/imagenes\/2021\/08\/01\/venta.png\"\/><br \/>\n            <\/a><br \/>\n        <\/figure>\n<\/p><\/div>\n<\/article>\n<p class=\"paragraph \" id=\"m290-289-291\">En este sentido, el presidente de la confederaci\u00f3n ha puesto en valor el papel intermediario de las agencias, siendo <strong>&#8220;el canal m\u00e1s seguro y que ofrece mayores garant\u00edas&#8221;<\/strong> a los clientes ante la incertidumbre.<\/p>\n<p class=\"paragraph \" id=\"m295-294-296\">Garrido ha resumido el stability con que las agencias de viajes afrontan el a\u00f1o con un &#8220;moderado optimismo&#8221; y siendo conscientes de que siguen siendo &#8220;<strong>el eslab\u00f3n m\u00e1s d\u00e9bil en la cadena del turismo&#8221;<\/strong>, pero sabiendo que son &#8220;imprescindibles&#8221; y que deben seguir aportando valor&#8221;.<\/p>\n<h2 id=\"m300-299-301\">Ampliaci\u00f3n del mecanismo red<\/h2>\n<p class=\"paragraph \" id=\"m305-304-306\">El presidente de CEAV ha informado de que han transmitido la<strong> necesidad de ampliar el Mecanismo Red <\/strong>de las agencias de viajes, vigente hasta el pr\u00f3ximo 31 de diciembre, hasta marzo, cuando comienza la temporada alta.<\/p>\n<p class=\"paragraph \" id=\"m310-309-311\">Garrido ha recalcado que &#8220;no tendr\u00eda mucho sentido que se desconecte&#8221; justo el 31 de diciembre, ya que si se ampliara unos meses, hasta que la actividad sea m\u00e1s fuerte, <strong>permitir\u00eda enlazar el mecanismo con la alta actividad a las agencias de viajes<\/strong> en &#8220;situaci\u00f3n delicada&#8221;.<\/p>\n<article class=\"media media-integrated \" id=\"m315-314-316\">\n<div>\n<figure class=\"figure-100\">\n            <a rel=\"nofollow noopener\" target=\"_blank\" href=\"https:\/\/www.20minutos.es\/gonzoo\/noticia\/5083729\/0\/una-joven-se-hace-viral-por-la-ambigua-valoracion-que-le-puso-un-pasajero-en-blablacar-yo-soy-ella-y-no-me-atrevo\/\"><br \/>\n                <span class=\"accessTypeIcon withImage\"><em class=\"member boxIcon\"\/><\/span><br \/>\n                <img decoding=\"async\" loading=\"lazy\" width=\"318\" height=\"178\" alt=\"Conductor de Blablacar\" src=\"https:\/\/imagenes.20minutos.es\/files\/image_318_v3\/uploads\/imagenes\/2019\/12\/28\/conductor-de-blablacar.jpeg\" data-full-src=\"https:\/\/www.20minutos.es\/uploads\/imagenes\/2019\/12\/28\/conductor-de-blablacar.jpeg\"\/><br \/>\n            <\/a><br \/>\n        <\/figure>\n<\/p><\/div>\n<\/article>\n<p class=\"paragraph \" id=\"m349-348-350\">Dicha herramienta <strong>proporciona a las empresas flexibilidad<\/strong> para adaptarse al futuro e incentiva las acciones formativas mediante exoneraciones a la Seguridad Social para culminar el proceso de recuperaci\u00f3n del sector.<\/p>\n<h2 id=\"m354-353-355\">Necesario un plan de recualificaci\u00f3n\u00a0<\/h2>\n<p class=\"paragraph \" id=\"m359-358-360\">De esta forma, <strong>las empresas que adheridas tienen que presentar un plan de recualificaci\u00f3n<\/strong> con acciones de formaci\u00f3n para posibilitar la recolocaci\u00f3n de los trabajadores en otro puesto dentro de la misma empresa, o bien en otras empresas. Las empresas tienen una exoneraci\u00f3n del 40% de las cotizaciones de sus trabajadores a Seguridad Social.<\/p>\n<p class=\"paragraph \" id=\"m364-363-365\">Seg\u00fan han destacado, en septiembre hab\u00eda incluidos 1.500 trabajadores del sector en dicho mecanismo, frente a los 4.500 de julio.<\/p>\n<p class=\"paragraph \" id=\"m369-368-370\">Garrido ha catalogado el comportamiento de los empresarios de &#8220;heroico&#8221;, ya que han resistido a &#8220;base de endeudamientos personales&#8221; y que el tejido empresarial, en su mayor\u00eda compuesto por empresas peque\u00f1as, <strong>&#8220;ha tenido que hacer un esfuerzo muy grande&#8221;.<\/strong><\/p>\n<article class=\"media media-integrated \" id=\"m374-373-375\">\n<div>\n<figure class=\"figure-100\">\n            <a rel=\"nofollow noopener\" target=\"_blank\" href=\"https:\/\/www.20minutos.es\/noticia\/5083902\/0\/mas-del-40-de-los-espanoles-hacen-ya-uso-de-la-banca-digital-aunque-solo-el-7-usa-este-servicio-de-forma-exclusiva\/\"><br \/>\n                <span class=\"accessTypeIcon withImage\"><em class=\"member boxIcon\"\/><\/span><br \/>\n                <img decoding=\"async\" loading=\"lazy\" width=\"318\" height=\"178\" alt=\"3 de cada 4 espa\u00f1oles valora m\u00e1s la banca digital tras el confinamiento\" src=\"https:\/\/imagenes.20minutos.es\/files\/image_318_v3\/files\/fp\/uploads\/imagenes\/2020\/06\/26\/3-de-cada-4-espanoles-valora-mas-la-banca-digital-tras-el-confinamiento.r_d.960-540.jpeg\" data-full-src=\"https:\/\/www.20minutos.es\/uploads\/imagenes\/2020\/06\/26\/3-de-cada-4-espanoles-valora-mas-la-banca-digital-tras-el-confinamiento.jpeg\"\/><br \/>\n            <\/a><br \/>\n        <\/figure>\n<\/p><\/div>\n<\/article>\n<h2 id=\"m408-407-409\">Gran incremento de los precios hoteleros<\/h2>\n<p class=\"paragraph \" id=\"m413-412-414\">En referencia a la inflaci\u00f3n que afecta a todos los sectores econ\u00f3micos, Garrido ha catalogado de <strong>&#8220;excesivo&#8221; el incremento del precio<\/strong> de los alojamientos como consecuencia de la situaci\u00f3n econ\u00f3mica world.<\/p>\n<p class=\"paragraph \" id=\"m418-417-419\">&#8220;Ha subido todo&#8221;, ha recalcado&#8221;, por lo que la suma de estos incrementos se ha trasladado a los costes. No obstante, ha recalcado que <strong>las agencias de viajes han amortiguado estos incrementos<\/strong> con respecto a la venta directa al hacer contrataciones de forma anual, lo que ha paliado esta subida en la factura de los clientes.<\/p>\n<p class=\"paragraph \" id=\"m423-422-424\">Garrido ha se\u00f1alado que, en este momento, <strong>hay unas 800 puntos de venta de agencias de viajes menos <\/strong>respecto a antes de la pandemia (un 10% del total), pero que podr\u00edan recuperarse a la par que la actividad.<\/p>\n<p class=\"paragraph \" id=\"m428-427-429\">Asimismo, ha catalogado de <strong>&#8220;desprop\u00f3sito&#8221; que Espa\u00f1a sea el \u00fanico pa\u00eds de Europa que exige mascarilla en el transporte p\u00fablico<\/strong>, lo que da una imagen negativa del pa\u00eds al crear la sensaci\u00f3n de que la situaci\u00f3n &#8220;es peor de la que es&#8221;.<\/p>\n<\/div>\n\n<p><em> &#8221; Fuentes news.google.com &#8221; <\/em><\/p>\n","protected":false},"excerpt":{"rendered":"<p>El 37,3% de las agencias de viajes considera que la facturaci\u00f3n obtenida en 2022 es mejor que la de 2019, y encara el a\u00f1o 2023 con un optimismo moderado. As\u00ed se extrae del stability del a\u00f1o realizado por la Confederaci\u00f3n Espa\u00f1ola de Agencias de Viajes (CEAV), presentada este lunes por su presidente, Carlos Garrido, que [&hellip;]<\/p>\n","protected":false},"author":4,"featured_media":442480,"comment_status":"open","ping_status":"closed","sticky":false,"template":"","format":"standard","meta":{"om_disable_all_campaigns":false,"jnews-multi-image_gallery":[],"jnews_single_post":[],"jnews_primary_category":[],"jnews_social_meta":[],"footnotes":""},"categories":[40],"tags":[707,715,545],"class_list":["post-442479","post","type-post","status-publish","format-standard","has-post-thumbnail","hentry","category-industria","tag-actualidad","tag-economia","tag-viajes"],"_links":{"self":[{"href":"https:\/\/dimensionturistica.com\/es\/wp-json\/wp\/v2\/posts\/442479","targetHints":{"allow":["GET"]}}],"collection":[{"href":"https:\/\/dimensionturistica.com\/es\/wp-json\/wp\/v2\/posts"}],"about":[{"href":"https:\/\/dimensionturistica.com\/es\/wp-json\/wp\/v2\/types\/post"}],"author":[{"embeddable":true,"href":"https:\/\/dimensionturistica.com\/es\/wp-json\/wp\/v2\/users\/4"}],"replies":[{"embeddable":true,"href":"https:\/\/dimensionturistica.com\/es\/wp-json\/wp\/v2\/comments?post=442479"}],"version-history":[{"count":0,"href":"https:\/\/dimensionturistica.com\/es\/wp-json\/wp\/v2\/posts\/442479\/revisions"}],"wp:featuredmedia":[{"embeddable":true,"href":"https:\/\/dimensionturistica.com\/es\/wp-json\/wp\/v2\/media\/442480"}],"wp:attachment":[{"href":"https:\/\/dimensionturistica.com\/es\/wp-json\/wp\/v2\/media?parent=442479"}],"wp:term":[{"taxonomy":"category","embeddable":true,"href":"https:\/\/dimensionturistica.com\/es\/wp-json\/wp\/v2\/categories?post=442479"},{"taxonomy":"post_tag","embeddable":true,"href":"https:\/\/dimensionturistica.com\/es\/wp-json\/wp\/v2\/tags?post=442479"}],"curies":[{"name":"wp","href":"https:\/\/api.w.org\/{rel}","templated":true}]}}