{"id":442311,"date":"2022-12-12T13:56:16","date_gmt":"2022-12-12T13:56:16","guid":{"rendered":"https:\/\/dimensionturistica.com\/es\/?p=442311"},"modified":"2022-12-12T13:56:16","modified_gmt":"2022-12-12T13:56:16","slug":"los-grandes-viajes-para-comenzar-2023","status":"publish","type":"post","link":"https:\/\/dimensionturistica.com\/es\/los-grandes-viajes-para-comenzar-2023\/","title":{"rendered":"Los grandes viajes para comenzar 2023"},"content":{"rendered":"<p> <br \/>\n<\/p>\n<div id=\"article-sumary\">\n<div class=\"article-txt ad-mobile-top\">\n<p>El primer n\u00famero del a\u00f1o es toda una declaraci\u00f3n de intenciones: una invitaci\u00f3n a recorrer algunas de las grandes ciudades y los destinos ex\u00f3ticos m\u00e1s estimulantes del planeta. Una f\u00f3rmula perfecta para recuperar las ganas de viajar y ensanchar las latitudes mentales. Y, qui\u00e9n sabe, si arranca 2023 con un listado de deseos en forma de coordenadas.\u00a0<\/p>\n<\/div>\n<\/div>\n\n<p><em> &#8221; Fuentes news.google.com &#8221; <\/em><\/p>\n","protected":false},"excerpt":{"rendered":"<p>El primer n\u00famero del a\u00f1o es toda una declaraci\u00f3n de intenciones: una invitaci\u00f3n a recorrer algunas de las grandes ciudades y los destinos ex\u00f3ticos m\u00e1s estimulantes del planeta. Una f\u00f3rmula perfecta para recuperar las ganas de viajar y ensanchar las latitudes mentales. Y, qui\u00e9n sabe, si arranca 2023 con un listado de deseos en forma [&hellip;]<\/p>\n","protected":false},"author":4,"featured_media":442312,"comment_status":"open","ping_status":"closed","sticky":false,"template":"","format":"standard","meta":{"om_disable_all_campaigns":false,"jnews-multi-image_gallery":[],"jnews_single_post":[],"jnews_primary_category":[],"jnews_social_meta":[],"footnotes":""},"categories":[39],"tags":[47258,47257],"class_list":["post-442311","post","type-post","status-publish","format-standard","has-post-thumbnail","hentry","category-viajes","tag-cargado-desde-el-fichero-de-recursos","tag-keywords-por-defecto"],"_links":{"self":[{"href":"https:\/\/dimensionturistica.com\/es\/wp-json\/wp\/v2\/posts\/442311","targetHints":{"allow":["GET"]}}],"collection":[{"href":"https:\/\/dimensionturistica.com\/es\/wp-json\/wp\/v2\/posts"}],"about":[{"href":"https:\/\/dimensionturistica.com\/es\/wp-json\/wp\/v2\/types\/post"}],"author":[{"embeddable":true,"href":"https:\/\/dimensionturistica.com\/es\/wp-json\/wp\/v2\/users\/4"}],"replies":[{"embeddable":true,"href":"https:\/\/dimensionturistica.com\/es\/wp-json\/wp\/v2\/comments?post=442311"}],"version-history":[{"count":0,"href":"https:\/\/dimensionturistica.com\/es\/wp-json\/wp\/v2\/posts\/442311\/revisions"}],"wp:featuredmedia":[{"embeddable":true,"href":"https:\/\/dimensionturistica.com\/es\/wp-json\/wp\/v2\/media\/442312"}],"wp:attachment":[{"href":"https:\/\/dimensionturistica.com\/es\/wp-json\/wp\/v2\/media?parent=442311"}],"wp:term":[{"taxonomy":"category","embeddable":true,"href":"https:\/\/dimensionturistica.com\/es\/wp-json\/wp\/v2\/categories?post=442311"},{"taxonomy":"post_tag","embeddable":true,"href":"https:\/\/dimensionturistica.com\/es\/wp-json\/wp\/v2\/tags?post=442311"}],"curies":[{"name":"wp","href":"https:\/\/api.w.org\/{rel}","templated":true}]}}