{"id":442225,"date":"2022-12-12T10:36:30","date_gmt":"2022-12-12T10:36:30","guid":{"rendered":"https:\/\/dimensionturistica.com\/es\/?p=442225"},"modified":"2022-12-12T10:36:30","modified_gmt":"2022-12-12T10:36:30","slug":"el-castillo-de-miercoles-se-esconde-en-el-corazon-de-rumania","status":"publish","type":"post","link":"https:\/\/dimensionturistica.com\/es\/el-castillo-de-miercoles-se-esconde-en-el-corazon-de-rumania\/","title":{"rendered":"El castillo de &#8216;Mi\u00e9rcoles&#8217; se esconde en el coraz\u00f3n de Ruman\u00eda"},"content":{"rendered":"<p> <br \/>\n<\/p>\n<div>\n<div id=\"involveds\" class=\"involveds wrap\">\n<div class=\"involved-authors only-author\">\n<div class=\"first-author\">\n<figure class=\"thumb col-xs-3\">&#13;<img loading=\"lazy\" decoding=\"async\" src=\"https:\/\/news.google.com\/medio\/2021\/12\/09\/asun-lujan_3bb1f03b_600x600.jpg\" alt=\"Asun Luj\u00e1n\" class=\"lazyload\" width=\"600\" height=\"600\" data-aspectratio=\"600\/600\"\/><noscript><img decoding=\"async\" src=\"https:\/\/news.google.com\/medio\/2021\/12\/09\/asun-lujan_3bb1f03b_600x600.jpg\" alt=\"Asun Luj\u00e1n\"\/><\/noscript>&#13;<\/figure>\n<div class=\"info-author\">\n<a rel=\"nofollow noopener\" target=\"_blank\" href=\"https:\/\/news.google.com\/autores\/asun-lujan_1248\" class=\"lnk-author css-authors  title-separator\">Asun Luj\u00e1n<\/a><\/p>\n<p class=\"title-author css-authors \">Periodista redactora de Viajes Nationwide Geographic<\/p>\n<\/div>\n<\/div>\n<\/div>\n<\/div>\n<p class=\"date\"> <time itemprop=\"dateModified\" datetime=\"2022-12-12T09:05:00+01:00\" data-timestamp=\"1670835900\">&#13;12 de diciembre de 2022 \u00b7 09:05<\/time>&#13;<\/p>\n<\/div>\n<div id=\"article-sumary\">\n<div class=\"article-txt ad-mobile-top\">\n<p>Los followers de la serie televisiva <em>La Familia Addams<\/em>, que fue estrenada por primera vez en 1964, han podido seguir las historias de este\u00a0peculiar clan a trav\u00e9s de la gran y la peque\u00f1a pantalla. Su \u00faltima entrega, la serie <em>Mi\u00e9rcoles\u00a0<\/em>no solo tiene la direcci\u00f3n de Tim Burton como aliciente, tambi\u00e9n un escenario que se ha convertido en el Hogwarts de esta d\u00e9cada.\u00a0Se trata de la Academia Nevermore, ubicada en la ficci\u00f3n en\u00a0una brumosa y encantada aldea de <a rel=\"nofollow noopener\" target=\"_blank\" href=\"https:\/\/viajes.nationalgeographic.com.es\/a\/vermont-paraiso-otonal-mas-deseado_14758\">Vermont<\/a>, pero que en realidad se trata del Palacio Cantacuzino, una ampulosa residencia localizada\u00a0en la realidad en\u00a0Busteni, a 38 km de Brasov, la capital de <a rel=\"nofollow noopener\" target=\"_blank\" href=\"https:\/\/viajes.nationalgeographic.com.es\/a\/transilvania-viaje-a-rumania-mas-legendaria_17830\">Transilvania<\/a>, y al abrigo de las monta\u00f1as del Parque Pure Bucegi, un\u00a0standard destino rumano de\u00a0esqu\u00ed en invierno y de senderismo el resto del a\u00f1o.<\/p>\n<p>\u00a0<\/p>\n<\/div>\n<\/div>\n<div id=\"article-text\">\n<div class=\"txt\">\n<aside class=\"subscription-highlighted\">\n<div class=\"subscription-container\">\n<div class=\"non-subscribed\">\n<p class=\"description\">Cyber Monday. Suscr\u00edbete hoy al -50% a la revista Viajes Nationwide Geographic y explora nuevos destinos<\/p>\n<p><a rel=\"nofollow noopener\" target=\"_blank\" href=\"https:\/\/tienda.rba.es\/revistas\/viajes-national-geographic?rba_source=viajes.nationalgeographic.com.es&amp;rba_medium=referral&amp;rba_campaign=NGMV&amp;rba_content=frase-articulo\" class=\"more-link\">EMPIEZA YA<\/a><\/div>\n<\/div>\n<\/aside>\n<p style=\"display: none;\"><img decoding=\"async\" id=\"ctl01_ctl00_phMain_phMain_ctl00_ctl02_ctl17_ctl01_imgContent\" src=\"https:\/\/news.google.com\/medio\/2022\/12\/12\/istock-934610648_94e9e9e7_800x800.jpg\" alt=\"iStock-934610648\" style=\"border-width:0px;\"\/><\/p>\n<aside class=\"add300x250 publi-interior-top ad-container-r1 ad-inline\"\/>\n<h2>De pabell\u00f3n de caza a academia m\u00e1gica<\/h2>\n<p>El Palacio de Cantacuzino fue construido en 1911, primero como pabell\u00f3n de caza y luego como residencia del pr\u00edncipe Gheorghe Grigore Cantacuzino, quien fuera alcalde de Bucarest y dos veces primer ministro de Rumania en los primeros a\u00f1os de 1900. El noble falleci\u00f3 en 1913, solo dos a\u00f1os despu\u00e9s de que se completara el proyecto. Elevado sobre una colina con vistas al pueblo de Busteni que se extiende a sus pies, el palacio est\u00e1 formado por el edificio principal y otros pabellones administrativos y para el servicio, adem\u00e1s de una capilla. Fue propiedad de la familia hasta 1948, cuando se nacionaliz\u00f3 para convertirlo en un sanatorio.<\/p>\n<figure class=\"thumb zoom\"><img loading=\"lazy\" decoding=\"async\" sizes=\"auto, 100vw\" srcset=\"https:\/\/news.google.com\/medio\/2022\/12\/07\/shutterstock-1249179643_d8f99ffb_720x479.jpg 720w,https:\/\/news.google.com\/medio\/2022\/12\/07\/shutterstock-1249179643_d373cea5_1200x799.jpg 1200w\" src=\"https:\/\/news.google.com\/medio\/2022\/12\/07\/shutterstock-1249179643_d373cea5_1200x799.jpg\" class=\"lazyload\" width=\"1200\" height=\"799\" data-aspectratio=\"1200\/799\"\/><noscript><img decoding=\"async\" src=\"https:\/\/news.google.com\/medio\/2022\/12\/07\/shutterstock-1249179643_d373cea5_1200x799.jpg\"\/><\/noscript><\/p>\n<div class=\"info\">\n<div class=\"credit\">\n<p>Sal\u00f3n principal del Castillo de Cantacuzino.<\/p>\n<\/div><figcaption class=\"by\">&#13;Foto: Shutterstock<\/figcaption><\/div>\n<\/figure>\n<h2>El sue\u00f1o de un pr\u00edncipe rumano<\/h2>\n<p>El pr\u00edncipe Cantacuzino quiso recrear su reino explicit. Para ello llam\u00f3 a los mejores arquitectos de Rumania, quienes dise\u00f1aron su recinto palaciego. Tras la fachada con balcones y arcadas, se abre un inside se\u00f1orial que puede visitarse por libre. Destaca el Sal\u00f3n de Baile, ejemplo de la arquitectura rumana Br\u00e2ncovenesc, un estilo que imper\u00f3 en los siglos XVII y XVIII, que mezclaba detalles bizantinos, otomanos y del Renacimiento tard\u00edo, una estancia que plasma el esplendor con el que viv\u00edan los nobles de aquellos a\u00f1os. En la decoraci\u00f3n abundan los adornos <em>artwork nouveau<\/em>, suelos de m\u00e1rmol y de parquet con dibujos, vidrieras, mosaicos, escaleras de roble con pasamanos de forja, y techos de estucos y madera tallada. Abundan las chimeneas de piedra caliza blanca con l\u00e1minas de oro y mosaicos con incrustaciones, y puertas de roble talladas con ornamentaci\u00f3n vegetal.<\/p>\n<figure class=\"thumb zoom\"><img loading=\"lazy\" decoding=\"async\" sizes=\"auto, 100vw\" srcset=\"https:\/\/news.google.com\/medio\/2022\/12\/07\/istock-1270028631_5d0df975_720x480.jpg 720w,https:\/\/news.google.com\/medio\/2022\/12\/07\/istock-1270028631_68d8ac3d_1200x800.jpg 1200w\" src=\"https:\/\/news.google.com\/medio\/2022\/12\/07\/istock-1270028631_68d8ac3d_1200x800.jpg\" class=\"lazyload\" width=\"1200\" height=\"800\" data-aspectratio=\"1200\/800\"\/><noscript><img decoding=\"async\" src=\"https:\/\/news.google.com\/medio\/2022\/12\/07\/istock-1270028631_68d8ac3d_1200x800.jpg\"\/><\/noscript><\/p>\n<div class=\"info\">\n<div class=\"credit\">\n<p>Exterior y jardines del Castillo de Cantacuzino.<\/p>\n<\/div><figcaption class=\"by\">&#13;Foto: iStock<\/figcaption><\/div>\n<\/figure>\n<h2>Un museo con jardines<\/h2>\n<p>En el inside se exhibe una extensa colecci\u00f3n de escudos de armas de los Cantacuzino. Tambi\u00e9n hay una galer\u00eda con retratos de una docena de antepasados \u200b\u200brealizados en cuero cordob\u00e9s. Otra estancia est\u00e1 adornada con frescos y los escudos de armas de 27 miembros de la familia. El \u00fanico accesorio de iluminaci\u00f3n unique que queda es un candelabro gigante, r\u00e9plica del que cuelga en el Gran Museo Hagia Sophia de Estambul. En 2015 se inaugur\u00f3 la Galer\u00eda de Arte del Castillo de Cantacuzino, donde se muestran ejemplos de arte contempor\u00e1neo de la Sociedad de Artistas Figurativos de Rumania.<\/p>\n<p>En la actualidad, el monumento ha sido transformado en museo de acceso libre, y suele albergar exposiciones de arte temporales, as\u00ed como conciertos y eventos culturales. Incluye el restaurante Canta Delicacies, con una terraza con vistas al pueblo y al valle de la Prahova, con los montes Bucegi en el horizonte. El palacio est\u00e1 rodeado de extensos jardines que se pueden disfrutar con actividades como paseos a caballo o tiro con arco.<\/p>\n<figure class=\"thumb zoom\"><img loading=\"lazy\" decoding=\"async\" sizes=\"auto, 100vw\" srcset=\"https:\/\/news.google.com\/medio\/2022\/12\/07\/istock-934610648_70fd7292_720x480.jpg 720w,https:\/\/news.google.com\/medio\/2022\/12\/07\/istock-934610648_964f55b7_1200x800.jpg 1200w\" src=\"https:\/\/news.google.com\/medio\/2022\/12\/07\/istock-934610648_964f55b7_1200x800.jpg\" class=\"lazyload\" width=\"1200\" height=\"800\" data-aspectratio=\"1200\/800\"\/><noscript><img decoding=\"async\" src=\"https:\/\/news.google.com\/medio\/2022\/12\/07\/istock-934610648_964f55b7_1200x800.jpg\"\/><\/noscript><\/p>\n<div class=\"info\">\n<div class=\"credit\">\n<p>Palacio de Cantacuzino, con su aspecto actual sin modificar para la serie &#8216;Wednesday&#8217;.<\/p>\n<\/div><figcaption class=\"by\">&#13;Foto: iStock<\/figcaption><\/div>\n<\/figure>\n<h2>Transilvania, un escenario de novela<\/h2>\n<p>El Palacio Cantacuzino se asienta en Busteni, localidad abrazada por los C\u00e1rpatos de Transilvania, una regi\u00f3n de bosques, pueblos y castillos impregnados de leyendas, como la de Vlad Tepes (1431-1476). La historia de este sombr\u00edo pr\u00edncipe rumano \u2013apodado \u00abel Empalador\u00bb por su crueldad, pero considerado h\u00e9roe nacional por sus gestas militares\u2013 inspir\u00f3 al irland\u00e9s Bram Stoker la novela <em>Dr\u00e1cula<\/em> (1897), llevada al cine en muchas ocasiones. El protagonista del libro es el eje de una standard ruta que se inicia en la medieval Sighisoara, donde la casa natal de Tepes acoge hoy un restaurante. Siempre hacia el sur, la huella del pr\u00edncipe aparece en la amurallada Brasov, la segunda ciudad en importancia de Ruman\u00eda y con uno de los cascos medievales m\u00e1s bonitos de Europa, y en el castillo de Bran (XIV), erigido sobre un risco desde el que se vigilaba el paso fronterizo del sur de los C\u00e1rpatos. Este \u00faltimo se localiza a 40 km del Palacio de Cantacuzino, en una regi\u00f3n agr\u00edcola que parece como adormecida por un encantamiento.<\/p>\n<p><!-- Widget Video --><br \/>\n<!-- End Widget Video --><\/p>\n<aside class=\"add300x600 publi-interior-bot ad-inline ad-container-r2\"\/><\/div>\n<p><!-- START: tags-rel  --><!-- END: tags-rel   --><br \/>\n<!-- START:toolbar --><!-- END:toolbar --><\/div>\n\n<p><em> &#8221; Fuentes news.google.com &#8221; <\/em><\/p>\n","protected":false},"excerpt":{"rendered":"<p>&#13;&#13; Asun Luj\u00e1n Periodista redactora de Viajes Nationwide Geographic &#13;12 de diciembre de 2022 \u00b7 09:05&#13; Los followers de la serie televisiva La Familia Addams, que fue estrenada por primera vez en 1964, han podido seguir las historias de este\u00a0peculiar clan a trav\u00e9s de la gran y la peque\u00f1a pantalla. Su \u00faltima entrega, la serie [&hellip;]<\/p>\n","protected":false},"author":4,"featured_media":442226,"comment_status":"open","ping_status":"closed","sticky":false,"template":"","format":"standard","meta":{"om_disable_all_campaigns":false,"jnews-multi-image_gallery":[],"jnews_single_post":[],"jnews_primary_category":[],"jnews_social_meta":[],"footnotes":""},"categories":[39],"tags":[47258,47257],"class_list":["post-442225","post","type-post","status-publish","format-standard","has-post-thumbnail","hentry","category-viajes","tag-cargado-desde-el-fichero-de-recursos","tag-keywords-por-defecto"],"_links":{"self":[{"href":"https:\/\/dimensionturistica.com\/es\/wp-json\/wp\/v2\/posts\/442225","targetHints":{"allow":["GET"]}}],"collection":[{"href":"https:\/\/dimensionturistica.com\/es\/wp-json\/wp\/v2\/posts"}],"about":[{"href":"https:\/\/dimensionturistica.com\/es\/wp-json\/wp\/v2\/types\/post"}],"author":[{"embeddable":true,"href":"https:\/\/dimensionturistica.com\/es\/wp-json\/wp\/v2\/users\/4"}],"replies":[{"embeddable":true,"href":"https:\/\/dimensionturistica.com\/es\/wp-json\/wp\/v2\/comments?post=442225"}],"version-history":[{"count":0,"href":"https:\/\/dimensionturistica.com\/es\/wp-json\/wp\/v2\/posts\/442225\/revisions"}],"wp:featuredmedia":[{"embeddable":true,"href":"https:\/\/dimensionturistica.com\/es\/wp-json\/wp\/v2\/media\/442226"}],"wp:attachment":[{"href":"https:\/\/dimensionturistica.com\/es\/wp-json\/wp\/v2\/media?parent=442225"}],"wp:term":[{"taxonomy":"category","embeddable":true,"href":"https:\/\/dimensionturistica.com\/es\/wp-json\/wp\/v2\/categories?post=442225"},{"taxonomy":"post_tag","embeddable":true,"href":"https:\/\/dimensionturistica.com\/es\/wp-json\/wp\/v2\/tags?post=442225"}],"curies":[{"name":"wp","href":"https:\/\/api.w.org\/{rel}","templated":true}]}}