{"id":442144,"date":"2022-12-12T06:20:26","date_gmt":"2022-12-12T06:20:26","guid":{"rendered":"https:\/\/dimensionturistica.com\/es\/?p=442144"},"modified":"2022-12-12T06:20:26","modified_gmt":"2022-12-12T06:20:26","slug":"la-enigmatica-laguna-que-inspiro-a-antonio-machado","status":"publish","type":"post","link":"https:\/\/dimensionturistica.com\/es\/la-enigmatica-laguna-que-inspiro-a-antonio-machado\/","title":{"rendered":"La enigm\u00e1tica laguna que inspir\u00f3 a Antonio Machado"},"content":{"rendered":"<p> <br \/>\n<\/p>\n<div>\n<div id=\"involveds\" class=\"involveds wrap\">\n<div class=\"involved-authors only-author\">\n<div class=\"first-author\">\n<figure class=\"thumb col-xs-3\">&#13;<img loading=\"lazy\" decoding=\"async\" src=\"https:\/\/news.google.com\/medio\/2021\/12\/09\/asun-lujan_3bb1f03b_600x600.jpg\" alt=\"Asun Luj\u00e1n\" class=\"lazyload\" width=\"600\" height=\"600\" data-aspectratio=\"600\/600\"\/><noscript><img decoding=\"async\" src=\"https:\/\/news.google.com\/medio\/2021\/12\/09\/asun-lujan_3bb1f03b_600x600.jpg\" alt=\"Asun Luj\u00e1n\"\/><\/noscript>&#13;<\/figure>\n<div class=\"info-author\">\n<a rel=\"nofollow noopener\" target=\"_blank\" href=\"https:\/\/news.google.com\/autores\/asun-lujan_1248\" class=\"lnk-author css-authors  title-separator\">Asun Luj\u00e1n<\/a><\/p>\n<p class=\"title-author css-authors \">Periodista redactora de Viajes Nationwide Geographic<\/p>\n<\/div>\n<\/div>\n<\/div>\n<\/div>\n<p class=\"date\"> <time itemprop=\"dateModified\" datetime=\"2022-12-12T07:00:00+01:00\" data-timestamp=\"1670828400\">&#13;12 de diciembre de 2022 \u00b7 07:00<\/time>&#13;<\/p>\n<\/div>\n<div id=\"article-text\">\n<div class=\"txt\">\n<aside class=\"subscription-highlighted\">\n<div class=\"subscription-container\">\n<div class=\"non-subscribed\">\n<p class=\"description\">Cyber Monday. Suscr\u00edbete hoy al -50% a la revista Viajes Nationwide Geographic y explora nuevos destinos<\/p>\n<p><a rel=\"nofollow noopener\" target=\"_blank\" href=\"https:\/\/tienda.rba.es\/revistas\/viajes-national-geographic?rba_source=viajes.nationalgeographic.com.es&amp;rba_medium=referral&amp;rba_campaign=NGMV&amp;rba_content=frase-articulo\" class=\"more-link\">EMPIEZA YA<\/a><\/div>\n<\/div>\n<\/aside>\n<p style=\"display: none;\"><img decoding=\"async\" id=\"ctl01_ctl00_phMain_phMain_ctl00_ctl02_ctl17_ctl01_imgContent\" src=\"https:\/\/news.google.com\/medio\/2022\/12\/07\/laguna-negra-de-soria_b9237868_800x800.jpg\" alt=\"laguna negra de soria\" style=\"border-width:0px;\"\/><\/p>\n<aside class=\"add300x250 publi-interior-top ad-container-r1 ad-inline\"\/>\n<p>La Laguna Negra, la mayor cubeta glaciar de la sierra de Urbi\u00f3n, se encaja entre picos de 2000 metros que tambi\u00e9n cobijan la cuna del r\u00edo Duero. Situado a 50 km al norte de Soria capital, desde Vinuesa se puede llegar en coche hasta la laguna, pero cuando la afluencia de visitantes es alta se recorren a pie los dos \u00faltimos kil\u00f3metros, a trav\u00e9s del encantador valle del Revinuesa, entre pinos y hayas de gran tama\u00f1o. Sus aguas oscuras, el silencio de sus bosques y las formas afiladas de los roquedos han hecho de este lugar una fuente inagotable de leyendas, como la que asegura que no tiene fondo o la que cube que por las boches salen de ella gritos desgarradores. Antonio Machado se inspir\u00f3 en \u00e9stas y otras historias cuando escribi\u00f3 <em>La tierra Alvargonz\u00e1lez<\/em> (1910), tras quedar atrapado all\u00ed por una tormenta.<\/p>\n<section class=\"related-article-content relacionado\">\n<p class=\"relatedTitle\">Art\u00edculo relacionado<\/p>\n<p><a rel=\"nofollow noopener\" target=\"_blank\" href=\"https:\/\/news.google.com\/a\/viaje-poetico-soria-a-oporto-por-rio-duero-16-etapas_17561\" class=\"rel\"><\/p>\n<article class=\"article\">&#13;<\/p>\n<figure class=\"thumb\">&#13;<img decoding=\"async\" src=\"https:\/\/news.google.com\/medio\/2021\/12\/02\/valle-del-duero_2d61a44e_1280x720.jpg\" alt=\"Valle del Duero\" class=\"imagenRelacionado lazyload\"\/><noscript><img decoding=\"async\" src=\"https:\/\/news.google.com\/medio\/2021\/12\/02\/valle-del-duero_2d61a44e_1280x720.jpg\" alt=\"Valle del Duero\"\/><\/noscript>&#13;<\/figure>\n<p>&#13;<\/p>\n<div class=\"relacionadoTxt\">\n<p>&#13;<\/p>\n<h4 class=\"supertitle\">&#13;Entre Espa\u00f1a y Portugal<\/h4>\n<h4 class=\"title\">&#13;Un viaje po\u00e9tico de Soria a Oporto por el r\u00edo Duero en 16 etapas<\/h4>\n<p>&#13;<\/p>\n<\/div>\n<\/article>\n<p><\/a><\/section>\n<aside class=\"add300x600 publi-interior-bot ad-inline ad-container-r2\"\/><\/div>\n<p><!-- START:toolbar --><!-- END:toolbar --><\/div>\n\n<p><em> &#8221; Fuentes news.google.com &#8221; <\/em><\/p>\n","protected":false},"excerpt":{"rendered":"<p>&#13;&#13; Asun Luj\u00e1n Periodista redactora de Viajes Nationwide Geographic &#13;12 de diciembre de 2022 \u00b7 07:00&#13; Cyber Monday. Suscr\u00edbete hoy al -50% a la revista Viajes Nationwide Geographic y explora nuevos destinos EMPIEZA YA La Laguna Negra, la mayor cubeta glaciar de la sierra de Urbi\u00f3n, se encaja entre picos de 2000 metros que tambi\u00e9n [&hellip;]<\/p>\n","protected":false},"author":4,"featured_media":442145,"comment_status":"open","ping_status":"closed","sticky":false,"template":"","format":"standard","meta":{"om_disable_all_campaigns":false,"jnews-multi-image_gallery":[],"jnews_single_post":[],"jnews_primary_category":[],"jnews_social_meta":[],"footnotes":""},"categories":[39],"tags":[47258,47257],"class_list":["post-442144","post","type-post","status-publish","format-standard","has-post-thumbnail","hentry","category-viajes","tag-cargado-desde-el-fichero-de-recursos","tag-keywords-por-defecto"],"_links":{"self":[{"href":"https:\/\/dimensionturistica.com\/es\/wp-json\/wp\/v2\/posts\/442144","targetHints":{"allow":["GET"]}}],"collection":[{"href":"https:\/\/dimensionturistica.com\/es\/wp-json\/wp\/v2\/posts"}],"about":[{"href":"https:\/\/dimensionturistica.com\/es\/wp-json\/wp\/v2\/types\/post"}],"author":[{"embeddable":true,"href":"https:\/\/dimensionturistica.com\/es\/wp-json\/wp\/v2\/users\/4"}],"replies":[{"embeddable":true,"href":"https:\/\/dimensionturistica.com\/es\/wp-json\/wp\/v2\/comments?post=442144"}],"version-history":[{"count":0,"href":"https:\/\/dimensionturistica.com\/es\/wp-json\/wp\/v2\/posts\/442144\/revisions"}],"wp:featuredmedia":[{"embeddable":true,"href":"https:\/\/dimensionturistica.com\/es\/wp-json\/wp\/v2\/media\/442145"}],"wp:attachment":[{"href":"https:\/\/dimensionturistica.com\/es\/wp-json\/wp\/v2\/media?parent=442144"}],"wp:term":[{"taxonomy":"category","embeddable":true,"href":"https:\/\/dimensionturistica.com\/es\/wp-json\/wp\/v2\/categories?post=442144"},{"taxonomy":"post_tag","embeddable":true,"href":"https:\/\/dimensionturistica.com\/es\/wp-json\/wp\/v2\/tags?post=442144"}],"curies":[{"name":"wp","href":"https:\/\/api.w.org\/{rel}","templated":true}]}}