{"id":441872,"date":"2022-12-11T17:29:58","date_gmt":"2022-12-11T17:29:58","guid":{"rendered":"https:\/\/dimensionturistica.com\/es\/?p=441872"},"modified":"2022-12-11T17:38:26","modified_gmt":"2022-12-11T17:38:26","slug":"concluye-con-gran-exito-la-1a-edicion-de-la-carrera-mar-a-mar-en-baja-california-sur-2","status":"publish","type":"post","link":"https:\/\/dimensionturistica.com\/es\/concluye-con-gran-exito-la-1a-edicion-de-la-carrera-mar-a-mar-en-baja-california-sur-2\/","title":{"rendered":"Concluye con gran \u00e9xito la 1\u00aa. edici\u00f3n de la Carrera Mar a Mar en Baja California Sur"},"content":{"rendered":"<p>Miguel Torruco Marqu\u00e9s, y el gobernador de Baja California Sur, V\u00edctor Manuel Castro Cos\u00edo, encabezaron la ceremonia de premiaci\u00f3n de los ganadores de la primera edici\u00f3n de la Carrera Mar a Mar, que tuvo lugar<img decoding=\"async\" class=\"size-medium wp-image-441887 alignleft\" src=\"https:\/\/dimensionturistica.com\/es\/wp-content\/uploads\/2022\/12\/Carrera-Mar-a-Mar-2-1-300x225.jpg\" alt=\"\" width=\"300\" height=\"225\" srcset=\"https:\/\/dimensionturistica.com\/es\/wp-content\/uploads\/2022\/12\/Carrera-Mar-a-Mar-2-1-300x225.jpg 300w, https:\/\/dimensionturistica.com\/es\/wp-content\/uploads\/2022\/12\/Carrera-Mar-a-Mar-2-1-1024x768.jpg 1024w, https:\/\/dimensionturistica.com\/es\/wp-content\/uploads\/2022\/12\/Carrera-Mar-a-Mar-2-1-768x576.jpg 768w, https:\/\/dimensionturistica.com\/es\/wp-content\/uploads\/2022\/12\/Carrera-Mar-a-Mar-2-1-1536x1152.jpg 1536w, https:\/\/dimensionturistica.com\/es\/wp-content\/uploads\/2022\/12\/Carrera-Mar-a-Mar-2-1-750x563.jpg 750w, https:\/\/dimensionturistica.com\/es\/wp-content\/uploads\/2022\/12\/Carrera-Mar-a-Mar-2-1-1140x855.jpg 1140w, https:\/\/dimensionturistica.com\/es\/wp-content\/uploads\/2022\/12\/Carrera-Mar-a-Mar-2-1.jpg 1600w\" sizes=\"(max-width: 300px) 100vw, 300px\" \/> del 2 al 4 de diciembre, partiendo desde Los Barriles y culminando en el Pueblo M\u00e1gico de Todos Santos, evento que concluy\u00f3 con un rotundo \u00e9xito.<\/p>\n<p>Acompa\u00f1ado tambi\u00e9n de la secretaria de Turismo y Econom\u00eda de Baja California Sur, Maribel Collins S\u00e1nchez, de la presidenta municipal de La Paz, Milena Paola Quiroga, y del presidente de Sabino, Ernesto Rivas, el titular de la Secretar\u00eda de Turismo (Sectur) felicit\u00f3 a las autoridades de los tres \u00f3rdenes de gobierno, as\u00ed como de los organizadores, pero especialmente a los 300 atletas de las diferentes nacionalidades que hicieron el recorrido de 110 kil\u00f3metros de costa a costa.<br \/>\n\u201cEl estado de Baja California Sur es un gran anfitri\u00f3n, como lo apreciamos en este evento. En su territorio se llevan a cabo, a lo largo del a\u00f1o, festivales gastron\u00f3micos y culturales, el avistamiento de ballenas y nado con tibur\u00f3n ballena, los triatlones, las visitas a pinturas rupestres y a las misiones, las actividades de playa,<img decoding=\"async\" class=\"size-medium wp-image-441885 alignright\" src=\"https:\/\/dimensionturistica.com\/es\/wp-content\/uploads\/2022\/12\/Carrera-Mar-a-Mar-5-1-300x200.jpg\" alt=\"\" width=\"300\" height=\"200\" srcset=\"https:\/\/dimensionturistica.com\/es\/wp-content\/uploads\/2022\/12\/Carrera-Mar-a-Mar-5-1-300x200.jpg 300w, https:\/\/dimensionturistica.com\/es\/wp-content\/uploads\/2022\/12\/Carrera-Mar-a-Mar-5-1-1024x682.jpg 1024w, https:\/\/dimensionturistica.com\/es\/wp-content\/uploads\/2022\/12\/Carrera-Mar-a-Mar-5-1-768x512.jpg 768w, https:\/\/dimensionturistica.com\/es\/wp-content\/uploads\/2022\/12\/Carrera-Mar-a-Mar-5-1-1536x1023.jpg 1536w, https:\/\/dimensionturistica.com\/es\/wp-content\/uploads\/2022\/12\/Carrera-Mar-a-Mar-5-1-750x500.jpg 750w, https:\/\/dimensionturistica.com\/es\/wp-content\/uploads\/2022\/12\/Carrera-Mar-a-Mar-5-1-1140x760.jpg 1140w, https:\/\/dimensionturistica.com\/es\/wp-content\/uploads\/2022\/12\/Carrera-Mar-a-Mar-5-1.jpg 1600w\" sizes=\"(max-width: 300px) 100vw, 300px\" \/> entre otros atractivos de alto valor en el mercado internacional\u201d, declar\u00f3.<br \/>\nSe\u00f1al\u00f3 que la Carrera Mar a Mar forma parte de la estrategia para impulsar la diversificaci\u00f3n de la oferta tur\u00edstica con productos de calidad que motiven al turista a regresar y a recomendar nuestros destinos, y se suma a eventos de talla internacional de alto impacto como Nayarit Desde el Cielo, competencia de paracaidismo extremo en Mexcaltit\u00e1n, San Blas y Riviera Nayarit, en el estado de Nayarit, y la Gran Carrera del Desierto, en Puerto Pe\u00f1asco, Sonora; con el prop\u00f3sito de atraer nuevos flujos de visitantes, y poco a poco colocarse en la preferencia de mexicanos y extranjeros.<br \/>\nEl secretario de Turismo explic\u00f3 que la Carrera Mar a Mar se vio enmarcada en bell\u00edsimas postales naturales, dado que atraves\u00f3 por diferentes tipos de paisajes, como son la playa, el desierto, semidesierto, el bosque con pinos y encinos, es decir, toda una experiencia visual y sensorial.<br \/>\n\u201cEl deporte nos ense\u00f1a la importancia de luchar, esforzarse y fijarse la meta para ser siempre mejores. Enhorabuena a todos los participantes por ser unos ganadores\u201d, asever\u00f3.<br \/>\nAl agradecer el decidido apoyo del gobernador V\u00edctor Castro, para realizar competencias de esta \u00edndole, el<img decoding=\"async\" class=\"size-medium wp-image-441883 alignright\" src=\"https:\/\/dimensionturistica.com\/es\/wp-content\/uploads\/2022\/12\/695ef41c-2c5e-4b39-a324-7b80bfabbe79-300x240.jpg\" alt=\"\" width=\"300\" height=\"240\" srcset=\"https:\/\/dimensionturistica.com\/es\/wp-content\/uploads\/2022\/12\/695ef41c-2c5e-4b39-a324-7b80bfabbe79-300x240.jpg 300w, https:\/\/dimensionturistica.com\/es\/wp-content\/uploads\/2022\/12\/695ef41c-2c5e-4b39-a324-7b80bfabbe79-1024x820.jpg 1024w, https:\/\/dimensionturistica.com\/es\/wp-content\/uploads\/2022\/12\/695ef41c-2c5e-4b39-a324-7b80bfabbe79-768x615.jpg 768w, https:\/\/dimensionturistica.com\/es\/wp-content\/uploads\/2022\/12\/695ef41c-2c5e-4b39-a324-7b80bfabbe79-1536x1231.jpg 1536w, https:\/\/dimensionturistica.com\/es\/wp-content\/uploads\/2022\/12\/695ef41c-2c5e-4b39-a324-7b80bfabbe79-750x601.jpg 750w, https:\/\/dimensionturistica.com\/es\/wp-content\/uploads\/2022\/12\/695ef41c-2c5e-4b39-a324-7b80bfabbe79-1140x913.jpg 1140w, https:\/\/dimensionturistica.com\/es\/wp-content\/uploads\/2022\/12\/695ef41c-2c5e-4b39-a324-7b80bfabbe79.jpg 1600w\" sizes=\"(max-width: 300px) 100vw, 300px\" \/> titular de Sectur destac\u00f3 que esta justa deportiva tambi\u00e9n forma parte de las pol\u00edticas que impulsan la actividad tur\u00edstica eco-sostenible y eco-responsable en el estado.<br \/>\n\u201cEn la Secretar\u00eda a mi cargo, con el fin de fomentar el turismo sostenible en el pa\u00eds, implementamos la estrategia \u2018M\u00e9xico Renace Sostenible\u2019. Derivado de la misma, hemos desarrollado el Proyecto Kuxatur, que consiste en promover actividades tur\u00edsticas vinculadas, entre otras, con el oc\u00e9ano, teniendo como prop\u00f3sito transitar hacia un turismo sostenible en M\u00e9xico\u201d, indic\u00f3 Torruco Marqu\u00e9s.<br \/>\nPrecis\u00f3 que en Baja California Sur, durante el presente a\u00f1o se realiz\u00f3 un taller presencial en el corredor La Paz &#8211; Sierra La Laguna &#8211; Los Cabos, para socializar la estrategia de turismo sostenible 2030 y reafirmar el compromiso de estos destinos con la biodiversidad y la biocultura.<br \/>\nResalt\u00f3 adem\u00e1s, que 25 playas de Los Cabos cuentan con certificaci\u00f3n \u201cBlue Flag\u201d, para la temporada 2022-2023, y que en la actual administraci\u00f3n, encabezada por el presidente Andr\u00e9s Manuel L\u00f3pez Obrador se ha logrado que M\u00e9xico sea un referente internacional en el n\u00famero de sitios con este distintivo, ocupando el primer lugar en el continente americano y el d\u00e9cimo en el mundo.<img decoding=\"async\" class=\"size-medium wp-image-441884 alignright\" src=\"https:\/\/dimensionturistica.com\/es\/wp-content\/uploads\/2022\/12\/Carrera-Mar-a-Mar-7-1-300x227.jpg\" alt=\"\" width=\"300\" height=\"227\" srcset=\"https:\/\/dimensionturistica.com\/es\/wp-content\/uploads\/2022\/12\/Carrera-Mar-a-Mar-7-1-300x227.jpg 300w, https:\/\/dimensionturistica.com\/es\/wp-content\/uploads\/2022\/12\/Carrera-Mar-a-Mar-7-1-1024x774.jpg 1024w, https:\/\/dimensionturistica.com\/es\/wp-content\/uploads\/2022\/12\/Carrera-Mar-a-Mar-7-1-768x581.jpg 768w, https:\/\/dimensionturistica.com\/es\/wp-content\/uploads\/2022\/12\/Carrera-Mar-a-Mar-7-1-1536x1162.jpg 1536w, https:\/\/dimensionturistica.com\/es\/wp-content\/uploads\/2022\/12\/Carrera-Mar-a-Mar-7-1-750x567.jpg 750w, https:\/\/dimensionturistica.com\/es\/wp-content\/uploads\/2022\/12\/Carrera-Mar-a-Mar-7-1-1140x862.jpg 1140w, https:\/\/dimensionturistica.com\/es\/wp-content\/uploads\/2022\/12\/Carrera-Mar-a-Mar-7-1.jpg 1600w\" sizes=\"(max-width: 300px) 100vw, 300px\" \/><br \/>\nPor su parte, el gobernador de Baja California Sur, V\u00edctor Manuel Castro Cos\u00edo, agradeci\u00f3 la presencia del secretario Torruco Marqu\u00e9s, por trabajar de la mano en el desarrollo tur\u00edstico de la entidad, como es en esta carrera que cruz\u00f3 desde Los Barriles hasta el Pueblo M\u00e1gico de Todos Santos, resaltando la belleza e importancia de la Sierra La Laguna.<br \/>\n\u201cEstamos muy contentos porque esta actividad tan noble como es el turismo nos coloca dentro de los primeros lugares de la naci\u00f3n, pero eso significa trabajar m\u00e1s para que la gente viva mejor. Hace unos a\u00f1os se declar\u00f3 Pueblo M\u00e1gico a este hermoso destino. Todos Santos es vida, y haber cruzado de Los Barriles hacia ac\u00e1, tiene un gran significado para los sudcalifornianos. Reconozco a todas las comunidades y a toda la gente que ayud\u00f3, as\u00ed como a las corredoras y corredores que son un ejemplo extraordinario\u201d, puntualiz\u00f3 el gobernador.<img decoding=\"async\" class=\"size-medium wp-image-441888 alignleft\" src=\"https:\/\/dimensionturistica.com\/es\/wp-content\/uploads\/2022\/12\/Carrera-Mar-a-Mar-1-1-300x225.jpg\" alt=\"\" width=\"300\" height=\"225\" srcset=\"https:\/\/dimensionturistica.com\/es\/wp-content\/uploads\/2022\/12\/Carrera-Mar-a-Mar-1-1-300x225.jpg 300w, https:\/\/dimensionturistica.com\/es\/wp-content\/uploads\/2022\/12\/Carrera-Mar-a-Mar-1-1-1024x768.jpg 1024w, https:\/\/dimensionturistica.com\/es\/wp-content\/uploads\/2022\/12\/Carrera-Mar-a-Mar-1-1-768x576.jpg 768w, https:\/\/dimensionturistica.com\/es\/wp-content\/uploads\/2022\/12\/Carrera-Mar-a-Mar-1-1-1536x1152.jpg 1536w, https:\/\/dimensionturistica.com\/es\/wp-content\/uploads\/2022\/12\/Carrera-Mar-a-Mar-1-1-750x563.jpg 750w, https:\/\/dimensionturistica.com\/es\/wp-content\/uploads\/2022\/12\/Carrera-Mar-a-Mar-1-1-1140x855.jpg 1140w, https:\/\/dimensionturistica.com\/es\/wp-content\/uploads\/2022\/12\/Carrera-Mar-a-Mar-1-1.jpg 1600w\" sizes=\"(max-width: 300px) 100vw, 300px\" \/><br \/>\nEn su oportunidad, la secretaria de Turismo y Econom\u00eda de Baja California Sur, Maribel Collins S\u00e1nchez, indic\u00f3 que recientemente fue ratificado el nombramiento del Pueblo M\u00e1gico de Todos Santos, y afirm\u00f3 que la carrera Mar a Mar diversifica el segmento deportivo, adem\u00e1s se quedar\u00e1 para siempre. La secretaria se uni\u00f3 a la felicitaci\u00f3n para todos los participantes, y a todos los que de una u otra forma colaboraron para que se llevara a cabo esta carrera.<br \/>\nDurante su visita por Baja California Sur, el secretario de Turismo, junto con las autoridades estatales y municipales, realiz\u00f3 un recorrido por el 1er. \u201cFestival de la machaca, el queso y el chorizo\u201d, en el Pueblo de San Antonio, en La Paz; en donde comparti\u00f3 con habitantes y asistentes, parte de las acciones que se llevan a cabo para incentivar el turismo en este destino.<\/p>\n","protected":false},"excerpt":{"rendered":"<p>Miguel Torruco Marqu\u00e9s, y el gobernador de Baja California Sur, V\u00edctor Manuel Castro Cos\u00edo, encabezaron la ceremonia de premiaci\u00f3n de los ganadores de la primera edici\u00f3n de la Carrera Mar a Mar, que tuvo lugar del 2 al 4 de diciembre, partiendo desde Los Barriles y culminando en el Pueblo M\u00e1gico de Todos Santos, evento [&hellip;]<\/p>\n","protected":false},"author":1,"featured_media":441882,"comment_status":"open","ping_status":"closed","sticky":false,"template":"","format":"standard","meta":{"om_disable_all_campaigns":false,"jnews-multi-image_gallery":[],"jnews_single_post":{"source_name":"","source_url":"","via_name":"","via_url":"","override_template":"0","override":[{"template":"1","single_blog_custom":"","parallax":"1","fullscreen":"1","layout":"right-sidebar","sidebar":"default-sidebar","second_sidebar":"default-sidebar","sticky_sidebar":"1","share_position":"top","share_float_style":"share-monocrhome","show_share_counter":"1","show_view_counter":"1","show_featured":"1","show_post_meta":"1","show_post_author":"1","show_post_author_image":"1","show_post_date":"1","post_date_format":"default","post_date_format_custom":"Y\/m\/d","show_post_category":"1","show_post_reading_time":"0","post_reading_time_wpm":"300","show_zoom_button":"0","zoom_button_out_step":"2","zoom_button_in_step":"3","show_post_tag":"1","show_prev_next_post":"1","show_popup_post":"1","number_popup_post":"1","show_author_box":"0","show_post_related":"0","show_inline_post_related":"0"}],"override_image_size":"0","image_override":[{"single_post_thumbnail_size":"crop-500","single_post_gallery_size":"crop-500"}],"trending_post":"0","trending_post_position":"meta","trending_post_label":"Trending","sponsored_post":"0","sponsored_post_label":"Sponsored by","sponsored_post_name":"","sponsored_post_url":"","sponsored_post_logo_enable":"0","sponsored_post_logo":"","sponsored_post_desc":"","disable_ad":"0"},"jnews_primary_category":{"id":"","hide":""},"jnews_social_meta":{"fb_title":"","fb_description":"","fb_image":"","twitter_title":"","twitter_description":"","twitter_image":""},"footnotes":""},"categories":[39],"tags":[],"class_list":["post-441872","post","type-post","status-publish","format-standard","has-post-thumbnail","hentry","category-viajes"],"_links":{"self":[{"href":"https:\/\/dimensionturistica.com\/es\/wp-json\/wp\/v2\/posts\/441872","targetHints":{"allow":["GET"]}}],"collection":[{"href":"https:\/\/dimensionturistica.com\/es\/wp-json\/wp\/v2\/posts"}],"about":[{"href":"https:\/\/dimensionturistica.com\/es\/wp-json\/wp\/v2\/types\/post"}],"author":[{"embeddable":true,"href":"https:\/\/dimensionturistica.com\/es\/wp-json\/wp\/v2\/users\/1"}],"replies":[{"embeddable":true,"href":"https:\/\/dimensionturistica.com\/es\/wp-json\/wp\/v2\/comments?post=441872"}],"version-history":[{"count":0,"href":"https:\/\/dimensionturistica.com\/es\/wp-json\/wp\/v2\/posts\/441872\/revisions"}],"wp:featuredmedia":[{"embeddable":true,"href":"https:\/\/dimensionturistica.com\/es\/wp-json\/wp\/v2\/media\/441882"}],"wp:attachment":[{"href":"https:\/\/dimensionturistica.com\/es\/wp-json\/wp\/v2\/media?parent=441872"}],"wp:term":[{"taxonomy":"category","embeddable":true,"href":"https:\/\/dimensionturistica.com\/es\/wp-json\/wp\/v2\/categories?post=441872"},{"taxonomy":"post_tag","embeddable":true,"href":"https:\/\/dimensionturistica.com\/es\/wp-json\/wp\/v2\/tags?post=441872"}],"curies":[{"name":"wp","href":"https:\/\/api.w.org\/{rel}","templated":true}]}}