{"id":441829,"date":"2022-12-11T16:23:48","date_gmt":"2022-12-11T16:23:48","guid":{"rendered":"https:\/\/dimensionturistica.com\/es\/?p=441829"},"modified":"2024-02-27T21:31:38","modified_gmt":"2024-02-27T21:31:38","slug":"miguel-torruco-toma-protesta-al-comite-ejecutivo-nacional-de-la-asociacion-mexicana-de-hoteles-y-moteles","status":"publish","type":"post","link":"https:\/\/dimensionturistica.com\/es\/miguel-torruco-toma-protesta-al-comite-ejecutivo-nacional-de-la-asociacion-mexicana-de-hoteles-y-moteles\/","title":{"rendered":"Miguel Torruco toma protesta al Comit\u00e9 Ejecutivo Nacional de la Asociaci\u00f3n Mexicana de Hoteles y Moteles"},"content":{"rendered":"<p>En el marco de la LXXXI Asamblea General Ordinaria de la AMHM, y de la celebraci\u00f3n de sus 100 a\u00f1os, que se llev\u00f3 a cabo en Mazatl\u00e1n, el titular de la Secretar\u00eda de Turismo (Sectur) destac\u00f3 la gesti\u00f3n del presidente<img decoding=\"async\" class=\"size-medium wp-image-441834 alignright\" src=\"https:\/\/dimensionturistica.com\/es\/wp-content\/uploads\/2022\/12\/Toma-protesta-al-Comite-Ejecutivo-Nacional-de-la-AMHM-1-300x225.jpg\" alt=\"\" width=\"300\" height=\"225\" srcset=\"https:\/\/dimensionturistica.com\/es\/wp-content\/uploads\/2022\/12\/Toma-protesta-al-Comite-Ejecutivo-Nacional-de-la-AMHM-1-300x225.jpg 300w, https:\/\/dimensionturistica.com\/es\/wp-content\/uploads\/2022\/12\/Toma-protesta-al-Comite-Ejecutivo-Nacional-de-la-AMHM-1-1024x768.jpg 1024w, https:\/\/dimensionturistica.com\/es\/wp-content\/uploads\/2022\/12\/Toma-protesta-al-Comite-Ejecutivo-Nacional-de-la-AMHM-1-768x576.jpg 768w, https:\/\/dimensionturistica.com\/es\/wp-content\/uploads\/2022\/12\/Toma-protesta-al-Comite-Ejecutivo-Nacional-de-la-AMHM-1-1536x1152.jpg 1536w, https:\/\/dimensionturistica.com\/es\/wp-content\/uploads\/2022\/12\/Toma-protesta-al-Comite-Ejecutivo-Nacional-de-la-AMHM-1-750x563.jpg 750w, https:\/\/dimensionturistica.com\/es\/wp-content\/uploads\/2022\/12\/Toma-protesta-al-Comite-Ejecutivo-Nacional-de-la-AMHM-1-1140x855.jpg 1140w, https:\/\/dimensionturistica.com\/es\/wp-content\/uploads\/2022\/12\/Toma-protesta-al-Comite-Ejecutivo-Nacional-de-la-AMHM-1.jpg 1600w\" sizes=\"(max-width: 300px) 100vw, 300px\" \/> saliente Juan Jos\u00e9 Fern\u00e1ndez Carrillo, y de su Consejo Directivo, por la importante labor realizada al frente de esta asociaci\u00f3n, coadyuvando al fortalecimiento del turismo de M\u00e9xico, sobre todo en tiempos tan dif\u00edciles como los que les toc\u00f3 vivir.<br \/>\n\u201cA la nueva Mesa Directiva, que ahora ser\u00e1 presidida por Miguel \u00c1ngel Fong, mis mejores deseos para que lleve a buen puerto los objetivos y tareas que tiene encomendadas. Como siempre, contar\u00e1n con todo el apoyo institucional de la Secretar\u00eda a mi cargo y, por supuesto, el personal\u201d, coment\u00f3.<br \/>\nEl secretario de Turismo reiter\u00f3 el fuerte v\u00ednculo que guarda con el sector hotelero, en particular con la Asociaci\u00f3n Mexicana de Hoteles y Moteles, la cual tuvo el honor de presidir del 2000 al 2004.<br \/>\nComo contribuci\u00f3n y reconocimiento a la prestigiada instituci\u00f3n en este aniversario especial con motivo de su centenario, Miguel Torruco Marqu\u00e9s present\u00f3 el libro titulado \u201cLa Asociaci\u00f3n Mexicana de Hoteles y Moteles, a 100 a\u00f1os de su fundaci\u00f3n\u201d, que es un recorrido por la historia de la hoteler\u00eda nacional, desde sus inicios en nuestras culturas prehisp\u00e1nicas hasta la \u00e9poca actual.<br \/>\n\u201cAdem\u00e1s, dedicamos un espacio para destacar la trayectoria y aporte de cada uno de sus presidentes en la consolidaci\u00f3n de la asociaci\u00f3n tur\u00edstica m\u00e1s antigua del continente americano, y presentamos, con datos precisos, c\u00f3mo ha evolucionado el sector turismo en los \u00faltimos a\u00f1os, as\u00ed como las tendencias de esta<img decoding=\"async\" class=\" wp-image-441831 alignright\" src=\"https:\/\/dimensionturistica.com\/es\/wp-content\/uploads\/2022\/12\/Toma-protesta-al-Comite-Ejecutivo-Nacional-de-la-AMHM-11-300x128.jpg\" alt=\"\" width=\"450\" height=\"192\" srcset=\"https:\/\/dimensionturistica.com\/es\/wp-content\/uploads\/2022\/12\/Toma-protesta-al-Comite-Ejecutivo-Nacional-de-la-AMHM-11-300x128.jpg 300w, https:\/\/dimensionturistica.com\/es\/wp-content\/uploads\/2022\/12\/Toma-protesta-al-Comite-Ejecutivo-Nacional-de-la-AMHM-11-1024x436.jpg 1024w, https:\/\/dimensionturistica.com\/es\/wp-content\/uploads\/2022\/12\/Toma-protesta-al-Comite-Ejecutivo-Nacional-de-la-AMHM-11-768x327.jpg 768w, https:\/\/dimensionturistica.com\/es\/wp-content\/uploads\/2022\/12\/Toma-protesta-al-Comite-Ejecutivo-Nacional-de-la-AMHM-11-1536x655.jpg 1536w, https:\/\/dimensionturistica.com\/es\/wp-content\/uploads\/2022\/12\/Toma-protesta-al-Comite-Ejecutivo-Nacional-de-la-AMHM-11-750x320.jpg 750w, https:\/\/dimensionturistica.com\/es\/wp-content\/uploads\/2022\/12\/Toma-protesta-al-Comite-Ejecutivo-Nacional-de-la-AMHM-11-1140x486.jpg 1140w, https:\/\/dimensionturistica.com\/es\/wp-content\/uploads\/2022\/12\/Toma-protesta-al-Comite-Ejecutivo-Nacional-de-la-AMHM-11.jpg 1600w\" sizes=\"(max-width: 450px) 100vw, 450px\" \/> actividad tras la pandemia\u201d, declar\u00f3.<br \/>\nEl titular de Sectur subray\u00f3 que la hoteler\u00eda se ha consolidado como pieza fundamental para la actividad tur\u00edstica, y por consecuencia, para la econom\u00eda nacional, ya que es fuente de divisas, empleo e inversi\u00f3n.<br \/>\nInform\u00f3 que los indicadores econ\u00f3micos del sector hotelero arrojan cifras muy positivas: en el periodo enero-septiembre del presente a\u00f1o, arribaron 58.9 millones de turistas a cuartos de hotel, 73.6% nacionales y 26.4% extranjeros, lo que representa solo un 5% menos que en igual lapso del 2019.<br \/>\nPrecis\u00f3 que, en este mismo periodo, se muestra un acumulado de ocupaci\u00f3n hotelera de 55.5%, apenas 5 puntos porcentuales por abajo del mismo intervalo del 2019; y al cierre del 2022 se estima un promedio anual de 56%, apenas 4.2 puntos porcentuales por debajo de lo obtenido en 2019, y un consumo por hospedaje de 14 mil 192 millones de d\u00f3lares, 14.6% menos que en 2019.<br \/>\nEl secretario de Turismo indic\u00f3 que, dadas las tendencias del presente a\u00f1o, en materia de divisas cerraremos el 2022 con 27 mil 429 millones de d\u00f3lares, rebasando en 11.6% lo captado en 2019.<br \/>\n\u201cCon ello se confirma, que las pol\u00edticas implementadas por el presidente de M\u00e9xico, Andr\u00e9s Manuel L\u00f3pez Obrador, durante la pandemia, fueron las correctas, al no restringir los vuelos internacionales, la implementaci\u00f3n inmediata de los protocolos biosanitarios, entre Sectur, Secretar\u00eda de Salud y en coordinaci\u00f3n con el sector privado, as\u00ed como la austeridad republicana y el no endeudamiento, que hizo posible disponer de recursos suficientes para la compra oportuna de vacunas\u201d, agreg\u00f3.<\/p>\n<p>Ante autoridades y empresarios de Mazatl\u00e1n, destac\u00f3 que en este destino se cre\u00f3 el Callej\u00f3n de Los Beatles, que se ha convertido en un atractivo ancla, y est\u00e1 en desarrollo el Acuario Mar de Cort\u00e9s, pr\u00f3ximo inaugurarse en 2023 y qu\u00e9 ser\u00e1 el m\u00e1s grande de Am\u00e9rica Latina.<\/p>\n<p>Atendiendo la solicitud y recomendaci\u00f3n del titular de Sectur Sinaloa y de los hoteleros, el secretario de Turismo acord\u00f3 que trabajar\u00e1n en un acercamiento con las l\u00edneas a\u00e9reas para fortalecer la conectividad y obtener mejores tarifas.<img decoding=\"async\" class=\"size-medium wp-image-441830 alignleft\" src=\"https:\/\/dimensionturistica.com\/es\/wp-content\/uploads\/2022\/12\/Toma-protesta-al-Comite-Ejecutivo-Nacional-de-la-AMHM-10-300x225.jpg\" alt=\"\" width=\"300\" height=\"225\" srcset=\"https:\/\/dimensionturistica.com\/es\/wp-content\/uploads\/2022\/12\/Toma-protesta-al-Comite-Ejecutivo-Nacional-de-la-AMHM-10-300x225.jpg 300w, https:\/\/dimensionturistica.com\/es\/wp-content\/uploads\/2022\/12\/Toma-protesta-al-Comite-Ejecutivo-Nacional-de-la-AMHM-10-1024x768.jpg 1024w, https:\/\/dimensionturistica.com\/es\/wp-content\/uploads\/2022\/12\/Toma-protesta-al-Comite-Ejecutivo-Nacional-de-la-AMHM-10-768x576.jpg 768w, https:\/\/dimensionturistica.com\/es\/wp-content\/uploads\/2022\/12\/Toma-protesta-al-Comite-Ejecutivo-Nacional-de-la-AMHM-10-1536x1152.jpg 1536w, https:\/\/dimensionturistica.com\/es\/wp-content\/uploads\/2022\/12\/Toma-protesta-al-Comite-Ejecutivo-Nacional-de-la-AMHM-10-750x563.jpg 750w, https:\/\/dimensionturistica.com\/es\/wp-content\/uploads\/2022\/12\/Toma-protesta-al-Comite-Ejecutivo-Nacional-de-la-AMHM-10-1140x855.jpg 1140w, https:\/\/dimensionturistica.com\/es\/wp-content\/uploads\/2022\/12\/Toma-protesta-al-Comite-Ejecutivo-Nacional-de-la-AMHM-10.jpg 1600w\" sizes=\"(max-width: 300px) 100vw, 300px\" \/><\/p>\n<p>Como parte de la ceremonia por el centenario de la AMHM, el secretario de Turismo realiz\u00f3 la entrega de reconocimientos a empresarios tur\u00edsticos locales por su destacada trayectoria en el sector, y ser aut\u00e9nticos casos de \u00e9xito en el destino.<\/p>\n<p>En su oportunidad, el secretario de Turismo de Sinaloa, Luis Guillermo Ben\u00edtez Torres, brind\u00f3 un cordial saludo de parte del gobernador, Rub\u00e9n Rocha Moya, quien destac\u00f3, es un gran aliado del sector y le est\u00e1 apostando en su gobierno al turismo como un motor para el desarrollo de Sinaloa y sus familias.<\/p>\n<p>\u201cPodr\u00e1n darse cuenta del crecimiento que hemos tenido en Mazatl\u00e1n y en todo Sinaloa, el mandatario estatal entiende muy bien lo que se ha vivido en estos d\u00edas previos y postpandemia, porque si alguien lo sufri\u00f3 en este pa\u00eds, igual que todos, fue la industria hotelera\u201d, acot\u00f3.<\/p>\n<p>Por su parte, el presidente entrante de la Asociaci\u00f3n Mexicana de Hoteles y Moteles, Miguel \u00c1ngel Fong, enfatiz\u00f3 la importancia de continuar trabajando de la mano con el Gobierno federal para alcanzar el desarrollo de la hoteler\u00eda y de la industria tur\u00edstica en general.<\/p>\n<p>Reconoci\u00f3 y agradeci\u00f3 la confianza de sus compa\u00f1eros en la AMHM para desempe\u00f1ar este importante cargo, a quienes adem\u00e1s asegur\u00f3 que la hoteler\u00eda continuar\u00e1 contribuyendo en la generaci\u00f3n de empleos. De igual forma, resalt\u00f3 la presencia de los expresidentes de la Asociaci\u00f3n que asistieron a esta ceremonia, a quienes asever\u00f3 que \u201chan puesto en alto el nombre de nuestra Asociaci\u00f3n, y ser\u00e1 una gran oportunidad para m\u00ed de estar a la altura de su ejemplo.\u201d<\/p>\n<p>En la toma de protesta del nuevo Comit\u00e9 Ejecutivo Nacional de la AMHM, tambi\u00e9n se cont\u00f3 con la presencia<img decoding=\"async\" class=\"size-medium wp-image-441832 alignright\" src=\"https:\/\/dimensionturistica.com\/es\/wp-content\/uploads\/2022\/12\/Toma-protesta-al-Comite-Ejecutivo-Nacional-de-la-AMHM-7-300x173.jpg\" alt=\"\" width=\"300\" height=\"173\" srcset=\"https:\/\/dimensionturistica.com\/es\/wp-content\/uploads\/2022\/12\/Toma-protesta-al-Comite-Ejecutivo-Nacional-de-la-AMHM-7-300x173.jpg 300w, https:\/\/dimensionturistica.com\/es\/wp-content\/uploads\/2022\/12\/Toma-protesta-al-Comite-Ejecutivo-Nacional-de-la-AMHM-7-768x443.jpg 768w, https:\/\/dimensionturistica.com\/es\/wp-content\/uploads\/2022\/12\/Toma-protesta-al-Comite-Ejecutivo-Nacional-de-la-AMHM-7-750x433.jpg 750w, https:\/\/dimensionturistica.com\/es\/wp-content\/uploads\/2022\/12\/Toma-protesta-al-Comite-Ejecutivo-Nacional-de-la-AMHM-7.jpg 934w\" sizes=\"(max-width: 300px) 100vw, 300px\" \/> de Estrella Palacios Dom\u00ednguez, subsecretaria de Promoci\u00f3n y Operaci\u00f3n Tur\u00edstica de Sinaloa; Mois\u00e9s R\u00edos Perez, subsecretario de Planeaci\u00f3n, Inversi\u00f3n y Desarrollo Tur\u00edstico de Sinaloa; Jos\u00e9 Alfonso Res\u00e9ndiz Memije, director del Fideicomiso para el Fomento de Turismo de Sinaloa; Ricardo Velarde, secretario de Desarrollo Econ\u00f3mico, Turismo y Pesca de Mazatl\u00e1n; la diputada local, Celia J\u00e1uregui Ibarra; los expresidente de esta Asociaci\u00f3n, Rafael Armend\u00e1riz Bl\u00e1zquez, Jes\u00fas Nader Marcos y Alfredo Tinajero Font\u00e1n; Jos\u00e9 Ram\u00f3n Manguart S\u00e1nchez, presidente de la Asociaci\u00f3n de Hoteles y Moteles 3 Islas de Mazatl\u00e1n; el presidente de la Junta de Honor de la Asociaci\u00f3n Mexicana de Hoteles y Moteles, Rafael Garc\u00eda Gonz\u00e1lez; entre otros.<\/p>\n<p>&nbsp;<\/p>\n","protected":false},"excerpt":{"rendered":"<p>En el marco de la LXXXI Asamblea General Ordinaria de la AMHM, y de la celebraci\u00f3n de sus 100 a\u00f1os, que se llev\u00f3 a cabo en Mazatl\u00e1n, el titular de la Secretar\u00eda de Turismo (Sectur) destac\u00f3 la gesti\u00f3n del presidente saliente Juan Jos\u00e9 Fern\u00e1ndez Carrillo, y de su Consejo Directivo, por la importante labor realizada [&hellip;]<\/p>\n","protected":false},"author":1,"featured_media":441833,"comment_status":"open","ping_status":"closed","sticky":false,"template":"","format":"standard","meta":{"om_disable_all_campaigns":false,"jnews-multi-image_gallery":[],"jnews_single_post":{"source_name":"","source_url":"","via_name":"","via_url":"","override_template":"0","override":[{"template":"1","single_blog_custom":"","parallax":"1","fullscreen":"1","layout":"right-sidebar","sidebar":"default-sidebar","second_sidebar":"default-sidebar","sticky_sidebar":"1","share_position":"top","share_float_style":"share-monocrhome","show_share_counter":"1","show_view_counter":"1","show_featured":"1","show_post_meta":"1","show_post_author":"1","show_post_author_image":"1","show_post_date":"1","post_date_format":"default","post_date_format_custom":"Y\/m\/d","show_post_category":"1","show_post_reading_time":"0","post_reading_time_wpm":"300","show_zoom_button":"0","zoom_button_out_step":"2","zoom_button_in_step":"3","show_post_tag":"1","show_prev_next_post":"1","show_popup_post":"1","number_popup_post":"1","show_author_box":"0","show_post_related":"0","show_inline_post_related":"0"}],"override_image_size":"0","image_override":[{"single_post_thumbnail_size":"crop-500","single_post_gallery_size":"crop-500"}],"trending_post":"0","trending_post_position":"meta","trending_post_label":"Trending","sponsored_post":"0","sponsored_post_label":"Sponsored by","sponsored_post_name":"","sponsored_post_url":"","sponsored_post_logo_enable":"0","sponsored_post_logo":"","sponsored_post_desc":"","disable_ad":"0"},"jnews_primary_category":{"id":"","hide":""},"jnews_social_meta":{"fb_title":"","fb_description":"","fb_image":"","twitter_title":"","twitter_description":"","twitter_image":""},"footnotes":""},"categories":[40],"tags":[],"class_list":["post-441829","post","type-post","status-publish","format-standard","has-post-thumbnail","hentry","category-industria"],"_links":{"self":[{"href":"https:\/\/dimensionturistica.com\/es\/wp-json\/wp\/v2\/posts\/441829","targetHints":{"allow":["GET"]}}],"collection":[{"href":"https:\/\/dimensionturistica.com\/es\/wp-json\/wp\/v2\/posts"}],"about":[{"href":"https:\/\/dimensionturistica.com\/es\/wp-json\/wp\/v2\/types\/post"}],"author":[{"embeddable":true,"href":"https:\/\/dimensionturistica.com\/es\/wp-json\/wp\/v2\/users\/1"}],"replies":[{"embeddable":true,"href":"https:\/\/dimensionturistica.com\/es\/wp-json\/wp\/v2\/comments?post=441829"}],"version-history":[{"count":0,"href":"https:\/\/dimensionturistica.com\/es\/wp-json\/wp\/v2\/posts\/441829\/revisions"}],"wp:featuredmedia":[{"embeddable":true,"href":"https:\/\/dimensionturistica.com\/es\/wp-json\/wp\/v2\/media\/441833"}],"wp:attachment":[{"href":"https:\/\/dimensionturistica.com\/es\/wp-json\/wp\/v2\/media?parent=441829"}],"wp:term":[{"taxonomy":"category","embeddable":true,"href":"https:\/\/dimensionturistica.com\/es\/wp-json\/wp\/v2\/categories?post=441829"},{"taxonomy":"post_tag","embeddable":true,"href":"https:\/\/dimensionturistica.com\/es\/wp-json\/wp\/v2\/tags?post=441829"}],"curies":[{"name":"wp","href":"https:\/\/api.w.org\/{rel}","templated":true}]}}