{"id":441750,"date":"2022-12-11T15:05:23","date_gmt":"2022-12-11T15:05:23","guid":{"rendered":"https:\/\/dimensionturistica.com\/es\/?p=441750"},"modified":"2022-12-11T15:05:23","modified_gmt":"2022-12-11T15:05:23","slug":"dhl-express-presenta-los-triunfos-obtenidos-en-2022-de-su-iniciativa-atletas-extraordinarios","status":"publish","type":"post","link":"https:\/\/dimensionturistica.com\/es\/dhl-express-presenta-los-triunfos-obtenidos-en-2022-de-su-iniciativa-atletas-extraordinarios\/","title":{"rendered":"DHL Express presenta los triunfos obtenidos en 2022 de su iniciativa \u201cAtletas Extraordinarios\u201d"},"content":{"rendered":"<p>\u201cAtletas Extraordinarios\u201d es una iniciativa creada por DHL Express M\u00e9xico enfocada en promover la equidad de g\u00e9nero y la inclusi\u00f3n a trav\u00e9s de apoyos para 6 deportistas mexicanos que han transformado enormes<img decoding=\"async\" class=\"size-medium wp-image-441759 alignright\" src=\"https:\/\/dimensionturistica.com\/es\/wp-content\/uploads\/2022\/12\/Sofia-Ramos-DHL-230x300.jpeg\" alt=\"\" width=\"230\" height=\"300\" srcset=\"https:\/\/dimensionturistica.com\/es\/wp-content\/uploads\/2022\/12\/Sofia-Ramos-DHL-230x300.jpeg 230w, https:\/\/dimensionturistica.com\/es\/wp-content\/uploads\/2022\/12\/Sofia-Ramos-DHL-784x1024.jpeg 784w, https:\/\/dimensionturistica.com\/es\/wp-content\/uploads\/2022\/12\/Sofia-Ramos-DHL-768x1003.jpeg 768w, https:\/\/dimensionturistica.com\/es\/wp-content\/uploads\/2022\/12\/Sofia-Ramos-DHL-1176x1536.jpeg 1176w, https:\/\/dimensionturistica.com\/es\/wp-content\/uploads\/2022\/12\/Sofia-Ramos-DHL-750x980.jpeg 750w, https:\/\/dimensionturistica.com\/es\/wp-content\/uploads\/2022\/12\/Sofia-Ramos-DHL-1140x1489.jpeg 1140w, https:\/\/dimensionturistica.com\/es\/wp-content\/uploads\/2022\/12\/Sofia-Ramos-DHL.jpeg 1284w\" sizes=\"(max-width: 230px) 100vw, 230px\" \/> obst\u00e1culos en oportunidades para conseguir sus sue\u00f1os. Son atletas de alto rendimiento que cada d\u00eda se esfuerzan para demostrar que tienen la actitud y la pasi\u00f3n que los impulsa a destacar en sus disciplinas, adem\u00e1s de contar con historias extraordinarias por compartir.<br \/>\nDurante este 2022, el proyecto ha cosechado grandes triunfos, gracias a la perseverancia, pasi\u00f3n y actitud de &#8220;puedo hacerlo\u201d que cada uno de ellos ha puesto en sus actividades y competencias m\u00e1s importantes en el a\u00f1o.<br \/>\nFabiola Ram\u00edrez &#8211; Nadadora paral\u00edmpica (medallista de bronce en los Juegos Paral\u00edmpicos de Tokio 2020 en 100m dorso)<br \/>\nEn abril de este a\u00f1o, durante la Serie Mundial de Para Nataci\u00f3n celebrada en Berl\u00edn, Alemania, Fabiola gan\u00f3 la medalla de Oro en 100m dorso y la de Plata en 50m dorso.<br \/>\nPosteriormente, en junio, obtuvo la presea de Plata en la modalidad 100m dorso con r\u00e9cord en la regi\u00f3n de<img decoding=\"async\" class=\"alignleft size-medium wp-image-441755\" src=\"https:\/\/dimensionturistica.com\/es\/wp-content\/uploads\/2022\/12\/Isis-Vargas1-200x300.jpg\" alt=\"\" width=\"200\" height=\"300\" srcset=\"https:\/\/dimensionturistica.com\/es\/wp-content\/uploads\/2022\/12\/Isis-Vargas1-200x300.jpg 200w, https:\/\/dimensionturistica.com\/es\/wp-content\/uploads\/2022\/12\/Isis-Vargas1-683x1024.jpg 683w, https:\/\/dimensionturistica.com\/es\/wp-content\/uploads\/2022\/12\/Isis-Vargas1-768x1152.jpg 768w, https:\/\/dimensionturistica.com\/es\/wp-content\/uploads\/2022\/12\/Isis-Vargas1-1024x1536.jpg 1024w, https:\/\/dimensionturistica.com\/es\/wp-content\/uploads\/2022\/12\/Isis-Vargas1-1365x2048.jpg 1365w, https:\/\/dimensionturistica.com\/es\/wp-content\/uploads\/2022\/12\/Isis-Vargas1-750x1125.jpg 750w, https:\/\/dimensionturistica.com\/es\/wp-content\/uploads\/2022\/12\/Isis-Vargas1-1140x1710.jpg 1140w, https:\/\/dimensionturistica.com\/es\/wp-content\/uploads\/2022\/12\/Isis-Vargas1.jpg 1672w\" sizes=\"(max-width: 200px) 100vw, 200px\" \/> Am\u00e9rica, al cronometrar 2:33.20 y el Bronce en la categor\u00eda 50m dorso, en el Campeonato Mundial celebrado en Madeira, Portugal.<br \/>\nPor \u00faltimo, particip\u00f3 en la Serie Mundial de Para Nataci\u00f3n en Tijuana, Baja California el pasado mes de octubre, con miras a sumar puntos y aspirar a clasificarse a los pr\u00f3ximos Juegos Parapanamericanos y Paral\u00edmpicos.<br \/>\nSof\u00eda Ramos &#8211; Marchista (medallista de oro en el Campeonato Mundial de Atletismo Sub-20 en 2021)<br \/>\nSiendo especialista en los 5 y 10 kil\u00f3metros, donde ha llegado a ser rankeada como primer lugar mundial, Sof\u00eda inici\u00f3 en 2022 su transici\u00f3n hacia los 20 km al conseguir el tercer lugar en el Circuito Nacional de Caminata, en Coatzacoalcos, Veracruz.<br \/>\nEn el mes de abril, en la World Athletics Race Walking Tour, que se celebr\u00f3 en Dudince, Eslovaquia, logr\u00f3 coronarse con la presea dorada en la prueba de 20 kil\u00f3metros femenil, lo que le vali\u00f3 ser rankeada como la marchista n\u00famero 1 sub-20 en el pa\u00eds.<img decoding=\"async\" class=\"size-medium wp-image-441758 alignright\" src=\"https:\/\/dimensionturistica.com\/es\/wp-content\/uploads\/2022\/12\/Jaime-Lomelin-jun22-300x225.jpg\" alt=\"\" width=\"300\" height=\"225\" srcset=\"https:\/\/dimensionturistica.com\/es\/wp-content\/uploads\/2022\/12\/Jaime-Lomelin-jun22-300x225.jpg 300w, https:\/\/dimensionturistica.com\/es\/wp-content\/uploads\/2022\/12\/Jaime-Lomelin-jun22-1024x768.jpg 1024w, https:\/\/dimensionturistica.com\/es\/wp-content\/uploads\/2022\/12\/Jaime-Lomelin-jun22-768x576.jpg 768w, https:\/\/dimensionturistica.com\/es\/wp-content\/uploads\/2022\/12\/Jaime-Lomelin-jun22-1536x1152.jpg 1536w, https:\/\/dimensionturistica.com\/es\/wp-content\/uploads\/2022\/12\/Jaime-Lomelin-jun22-750x563.jpg 750w, https:\/\/dimensionturistica.com\/es\/wp-content\/uploads\/2022\/12\/Jaime-Lomelin-jun22-1140x855.jpg 1140w, https:\/\/dimensionturistica.com\/es\/wp-content\/uploads\/2022\/12\/Jaime-Lomelin-jun22.jpg 1600w\" sizes=\"(max-width: 300px) 100vw, 300px\" \/><br \/>\nEste a\u00f1o particip\u00f3 en competencias internacionales como Podebrady, en Rep\u00fablica Checa, donde logr\u00f3 su mejor marca personal en los 20 km; as\u00ed como algunos eventos nacionales, como el Campeonato de Morelia, para mantener su nivel y buscar clasificarse a los Juegos Panamericanos de Santiago, Chile, en 2023.<br \/>\nIsis Vargas \u201cLa Emperatriz\u201d \u2013 Boxeadora<br \/>\nEl 02 de abril Isis obtuvo el Subcampeonato mundial del Peso S\u00faper Gallo por parte del Consejo Mundial de Boxeo (WBC), siendo apenas su primera pelea por un t\u00edtulo internacional.<br \/>\nA pesar de algunas lesiones que la aquejaron este a\u00f1o, recientemente consigui\u00f3 el triunfo en pelea clasificatoria de Peso Gallo, el pasado 29 de octubre, con lo cual mantiene los siguientes rankings: 15\/172 del mundo, 4\/19 nacional y 11\/20 dentro de la categor\u00eda S\u00faper Gallo en el Consejo Mundial de Boxeo.<br \/>\nJaime Lomel\u00edn &#8211; Nadador de largas distancias en mar abierto<br \/>\n2022 ha sido un a\u00f1o extraordinario para Jaime. En el mes de junio hizo historia al cruzar el Canal de<img decoding=\"async\" class=\"alignleft size-medium wp-image-441754\" src=\"https:\/\/dimensionturistica.com\/es\/wp-content\/uploads\/2022\/12\/Fabiola-Ramirez-Madeira-18-jun-169x300.jpg\" alt=\"\" width=\"169\" height=\"300\" srcset=\"https:\/\/dimensionturistica.com\/es\/wp-content\/uploads\/2022\/12\/Fabiola-Ramirez-Madeira-18-jun-169x300.jpg 169w, https:\/\/dimensionturistica.com\/es\/wp-content\/uploads\/2022\/12\/Fabiola-Ramirez-Madeira-18-jun-576x1024.jpg 576w, https:\/\/dimensionturistica.com\/es\/wp-content\/uploads\/2022\/12\/Fabiola-Ramirez-Madeira-18-jun.jpg 720w\" sizes=\"(max-width: 169px) 100vw, 169px\" \/> Molokai a la isla Oahu, en Haw\u00e1i, dif\u00edcil trayecto de 44 km de noche, en zona de tiburones y con un impactante tiempo de 13 horas con 08 minutos, el mejor tiempo para un mexicano, con lo que se coloc\u00f3 en el octavo puesto de los nadadores m\u00e1s r\u00e1pidos en dicha traves\u00eda, entre 77 nadadores de todo el mundo.<br \/>\nRecientemente, se dio a conocer que Jaime Lomel\u00edn estar\u00e1 en el Sal\u00f3n de la Fama Internacional de Maratones de Nataci\u00f3n (IMSHOF, por sus siglas en ingl\u00e9s), en la generaci\u00f3n 2023, siendo apenas el tercer mexicano en lograr dicha haza\u00f1a.<br \/>\nRafael Jaime y Omar \u00c1lvarez (Cordada Obscuras) Monta\u00f1ismo<br \/>\nDurante 2022, este d\u00fao contin\u00fao con su misi\u00f3n de consolidarse en la historia del alpinismo mexicano como la primera cordada un integrante invidente en conquistar la cumbre m\u00e1s alta de cada continente.<br \/>\nEn febrero escalaron el Monte Pissis, en Argentina (segundo volc\u00e1n m\u00e1s alto del mundo y la tercera monta\u00f1a m\u00e1s alta en Am\u00e9rica, con 6.7 km). Posteriormente en junio, consiguieron la escalada al volc\u00e1n Chimborazo, ubicado en Ecuador (cordillera de los Andes), el cual tiene una altitud de m\u00e1s de 6.2 km sobre el nivel del mar (el punto m\u00e1s cercano al Sol desde la Tierra, debido a su ubicaci\u00f3n geogr\u00e1fica).<br \/>\nEn el mes de septiembre, Rafa y Omar lograron regresar sanos y salvos de la cordillera del Himalaya, en su intento por conquistar la cima del Dhaulagiri, considerada la cuarta monta\u00f1a m\u00e1s peligrosa del mundo. Lo anterior les ha servido como preparaci\u00f3n para el reto que buscan alcanzar en 2023, escalar el pico m\u00e1s alto del planeta: el Everest.<br \/>\nDHL Express se enorgullece de ser una empresa impulsada por valores y centrada en promover la equidad y la inclusi\u00f3n, por ello, decidi\u00f3 apoyar las carreras deportivas de este grupo de atletas con distintas edades, retos f\u00edsicos y econ\u00f3micos, para fomentar el reconocimiento de hombres y mujeres con capacidades diferentes, cuyo desempe\u00f1o y logros han estado marcados por la resiliencia y la determinaci\u00f3n de vencer la adversidad.<br \/>\n\u201cDHL conoce muy bien el valor de la perseverancia y la actitud de vencer obst\u00e1culos en forma exitosa, estamos sumamente orgullosos de los logros realizados por nuestros Atletas Extraordinarios, su tenacidad, esfuerzo y determinaci\u00f3n hacen de ellos personas excepcionales y un ejemplo a seguir\u201d, coment\u00f3 Erika Quezada, VP de Retail y Mercadotecnia de DHL Express M\u00e9xico.<\/p>\n","protected":false},"excerpt":{"rendered":"<p>\u201cAtletas Extraordinarios\u201d es una iniciativa creada por DHL Express M\u00e9xico enfocada en promover la equidad de g\u00e9nero y la inclusi\u00f3n a trav\u00e9s de apoyos para 6 deportistas mexicanos que han transformado enormes obst\u00e1culos en oportunidades para conseguir sus sue\u00f1os. Son atletas de alto rendimiento que cada d\u00eda se esfuerzan para demostrar que tienen la actitud [&hellip;]<\/p>\n","protected":false},"author":1,"featured_media":441753,"comment_status":"open","ping_status":"closed","sticky":false,"template":"","format":"standard","meta":{"om_disable_all_campaigns":false,"jnews-multi-image_gallery":[],"jnews_single_post":{"source_name":"","source_url":"","via_name":"","via_url":"","override_template":"0","override":[{"template":"1","single_blog_custom":"","parallax":"1","fullscreen":"1","layout":"right-sidebar","sidebar":"default-sidebar","second_sidebar":"default-sidebar","sticky_sidebar":"1","share_position":"top","share_float_style":"share-monocrhome","show_share_counter":"1","show_view_counter":"1","show_featured":"1","show_post_meta":"1","show_post_author":"1","show_post_author_image":"1","show_post_date":"1","post_date_format":"default","post_date_format_custom":"Y\/m\/d","show_post_category":"1","show_post_reading_time":"0","post_reading_time_wpm":"300","show_zoom_button":"0","zoom_button_out_step":"2","zoom_button_in_step":"3","show_post_tag":"1","show_prev_next_post":"1","show_popup_post":"1","number_popup_post":"1","show_author_box":"0","show_post_related":"0","show_inline_post_related":"0"}],"override_image_size":"0","image_override":[{"single_post_thumbnail_size":"crop-500","single_post_gallery_size":"crop-500"}],"trending_post":"0","trending_post_position":"meta","trending_post_label":"Trending","sponsored_post":"0","sponsored_post_label":"Sponsored by","sponsored_post_name":"","sponsored_post_url":"","sponsored_post_logo_enable":"0","sponsored_post_logo":"","sponsored_post_desc":"","disable_ad":"0"},"jnews_primary_category":{"id":"","hide":""},"jnews_social_meta":{"fb_title":"","fb_description":"","fb_image":"","twitter_title":"","twitter_description":"","twitter_image":""},"footnotes":""},"categories":[40],"tags":[],"class_list":["post-441750","post","type-post","status-publish","format-standard","has-post-thumbnail","hentry","category-industria"],"_links":{"self":[{"href":"https:\/\/dimensionturistica.com\/es\/wp-json\/wp\/v2\/posts\/441750","targetHints":{"allow":["GET"]}}],"collection":[{"href":"https:\/\/dimensionturistica.com\/es\/wp-json\/wp\/v2\/posts"}],"about":[{"href":"https:\/\/dimensionturistica.com\/es\/wp-json\/wp\/v2\/types\/post"}],"author":[{"embeddable":true,"href":"https:\/\/dimensionturistica.com\/es\/wp-json\/wp\/v2\/users\/1"}],"replies":[{"embeddable":true,"href":"https:\/\/dimensionturistica.com\/es\/wp-json\/wp\/v2\/comments?post=441750"}],"version-history":[{"count":0,"href":"https:\/\/dimensionturistica.com\/es\/wp-json\/wp\/v2\/posts\/441750\/revisions"}],"wp:featuredmedia":[{"embeddable":true,"href":"https:\/\/dimensionturistica.com\/es\/wp-json\/wp\/v2\/media\/441753"}],"wp:attachment":[{"href":"https:\/\/dimensionturistica.com\/es\/wp-json\/wp\/v2\/media?parent=441750"}],"wp:term":[{"taxonomy":"category","embeddable":true,"href":"https:\/\/dimensionturistica.com\/es\/wp-json\/wp\/v2\/categories?post=441750"},{"taxonomy":"post_tag","embeddable":true,"href":"https:\/\/dimensionturistica.com\/es\/wp-json\/wp\/v2\/tags?post=441750"}],"curies":[{"name":"wp","href":"https:\/\/api.w.org\/{rel}","templated":true}]}}