{"id":441742,"date":"2022-12-11T14:53:26","date_gmt":"2022-12-11T14:53:26","guid":{"rendered":"https:\/\/dimensionturistica.com\/es\/?p=441742"},"modified":"2022-12-11T14:53:27","modified_gmt":"2022-12-11T14:53:27","slug":"de-siguenza-a-atienza-por-castillos-pueblos-y-joyas-romanicas","status":"publish","type":"post","link":"https:\/\/dimensionturistica.com\/es\/de-siguenza-a-atienza-por-castillos-pueblos-y-joyas-romanicas\/","title":{"rendered":"De Sig\u00fcenza a Atienza por castillos, pueblos y joyas rom\u00e1nicas"},"content":{"rendered":"<p> <br \/>\n<\/p>\n<div>\n<div id=\"involveds\" class=\"involveds wrap\">\n<div class=\"involved-authors only-author\">\n<div class=\"first-author\">\n<figure class=\"thumb col-xs-3\">&#13;<img loading=\"lazy\" decoding=\"async\" src=\"https:\/\/news.google.com\/medio\/2021\/12\/01\/zori-nl_a2484bc7_600x600.jpg\" alt=\"Zori-NL\" class=\"lazyload\" width=\"600\" height=\"600\" data-aspectratio=\"600\/600\"\/><noscript><img decoding=\"async\" src=\"https:\/\/news.google.com\/medio\/2021\/12\/01\/zori-nl_a2484bc7_600x600.jpg\" alt=\"Zori-NL\"\/><\/noscript>&#13;<\/figure>\n<\/div>\n<\/div>\n<\/div>\n<p class=\"date\"> <time itemprop=\"dateModified\" datetime=\"2022-12-11T09:33:00+01:00\" data-timestamp=\"1670751180\">&#13;11 de diciembre de 2022 \u00b7 09:33<\/time>&#13;<\/p>\n<\/div>\n<div id=\"article-sumary\">\n<div class=\"article-txt ad-mobile-top\">\n<p>M\u00e1s all\u00e1 de la rima consonante entre sus nombres y de una carretera comarcal, la CM-110, sencilla de seguir, Sig\u00fcenza y Atienza protagonizan una ruta ideally suited para adentrarse en un territorio de <a rel=\"nofollow noopener\" target=\"_blank\" href=\"https:\/\/viajes.nationalgeographic.com.es\/a\/guadalajara-viaje-por-provincia-esquivada_17203\">Guadalajara<\/a> despoblado rico en arte rom\u00e1nico y parajes desnudos. Porque en estas latitudes, fr\u00edas y abruptas, las paredes de arenisca y caliza parecen brotar de los riscos hasta coronarse en los humildes tejados. Y de ah\u00ed, hasta el cielo.<\/p>\n<\/div>\n<\/div>\n\n<p><em> &#8221; Fuentes news.google.com &#8221; <\/em><\/p>\n","protected":false},"excerpt":{"rendered":"<p>&#13;&#13; &#13;11 de diciembre de 2022 \u00b7 09:33&#13; M\u00e1s all\u00e1 de la rima consonante entre sus nombres y de una carretera comarcal, la CM-110, sencilla de seguir, Sig\u00fcenza y Atienza protagonizan una ruta ideally suited para adentrarse en un territorio de Guadalajara despoblado rico en arte rom\u00e1nico y parajes desnudos. Porque en estas latitudes, fr\u00edas [&hellip;]<\/p>\n","protected":false},"author":4,"featured_media":441743,"comment_status":"open","ping_status":"closed","sticky":false,"template":"","format":"standard","meta":{"om_disable_all_campaigns":false,"jnews-multi-image_gallery":[],"jnews_single_post":[],"jnews_primary_category":[],"jnews_social_meta":[],"footnotes":""},"categories":[39],"tags":[47258,47257],"class_list":["post-441742","post","type-post","status-publish","format-standard","has-post-thumbnail","hentry","category-viajes","tag-cargado-desde-el-fichero-de-recursos","tag-keywords-por-defecto"],"_links":{"self":[{"href":"https:\/\/dimensionturistica.com\/es\/wp-json\/wp\/v2\/posts\/441742","targetHints":{"allow":["GET"]}}],"collection":[{"href":"https:\/\/dimensionturistica.com\/es\/wp-json\/wp\/v2\/posts"}],"about":[{"href":"https:\/\/dimensionturistica.com\/es\/wp-json\/wp\/v2\/types\/post"}],"author":[{"embeddable":true,"href":"https:\/\/dimensionturistica.com\/es\/wp-json\/wp\/v2\/users\/4"}],"replies":[{"embeddable":true,"href":"https:\/\/dimensionturistica.com\/es\/wp-json\/wp\/v2\/comments?post=441742"}],"version-history":[{"count":0,"href":"https:\/\/dimensionturistica.com\/es\/wp-json\/wp\/v2\/posts\/441742\/revisions"}],"wp:featuredmedia":[{"embeddable":true,"href":"https:\/\/dimensionturistica.com\/es\/wp-json\/wp\/v2\/media\/441743"}],"wp:attachment":[{"href":"https:\/\/dimensionturistica.com\/es\/wp-json\/wp\/v2\/media?parent=441742"}],"wp:term":[{"taxonomy":"category","embeddable":true,"href":"https:\/\/dimensionturistica.com\/es\/wp-json\/wp\/v2\/categories?post=441742"},{"taxonomy":"post_tag","embeddable":true,"href":"https:\/\/dimensionturistica.com\/es\/wp-json\/wp\/v2\/tags?post=441742"}],"curies":[{"name":"wp","href":"https:\/\/api.w.org\/{rel}","templated":true}]}}