{"id":441734,"date":"2022-12-11T14:55:36","date_gmt":"2022-12-11T14:55:36","guid":{"rendered":"https:\/\/dimensionturistica.com\/es\/?p=441734"},"modified":"2022-12-11T14:55:36","modified_gmt":"2022-12-11T14:55:36","slug":"familias-extraordinarias-y-fundacion-amigos-caleidoscopio-ac-presentaron-la-colmena","status":"publish","type":"post","link":"https:\/\/dimensionturistica.com\/es\/familias-extraordinarias-y-fundacion-amigos-caleidoscopio-ac-presentaron-la-colmena\/","title":{"rendered":"Familias Extraordinarias y Fundaci\u00f3n Amigos Caleidoscopio A:C: presentaron \u00abLa Colmena\u00bb"},"content":{"rendered":"<p>Se present\u00f3 en Epicentro, el Lobby Bar del hotel Presidente InterContinental, \u201cLa Colmena\u201d instalaci\u00f3n art\u00edstica que conmemora el d\u00e9cimo aniversario de Familias Extraordinarias, asociaci\u00f3n conformada por<img decoding=\"async\" class=\"size-medium wp-image-441741 alignright\" src=\"https:\/\/dimensionturistica.com\/es\/wp-content\/uploads\/2022\/12\/LA-COLMENA-4-169x300.jpeg\" alt=\"\" width=\"169\" height=\"300\" srcset=\"https:\/\/dimensionturistica.com\/es\/wp-content\/uploads\/2022\/12\/LA-COLMENA-4-169x300.jpeg 169w, https:\/\/dimensionturistica.com\/es\/wp-content\/uploads\/2022\/12\/LA-COLMENA-4-576x1024.jpeg 576w, https:\/\/dimensionturistica.com\/es\/wp-content\/uploads\/2022\/12\/LA-COLMENA-4-768x1365.jpeg 768w, https:\/\/dimensionturistica.com\/es\/wp-content\/uploads\/2022\/12\/LA-COLMENA-4-864x1536.jpeg 864w, https:\/\/dimensionturistica.com\/es\/wp-content\/uploads\/2022\/12\/LA-COLMENA-4-750x1333.jpeg 750w, https:\/\/dimensionturistica.com\/es\/wp-content\/uploads\/2022\/12\/LA-COLMENA-4.jpeg 900w\" sizes=\"(max-width: 169px) 100vw, 169px\" \/> familiares de personas con discapacidad intelectual, especialmente con Tr\u00edsomia 21 o s\u00edndrome de Down.<br \/>\nEntre las misiones de Familias Extraordinarias se encuentra proveer apoyo emocional, informaci\u00f3n y formaci\u00f3n, as\u00ed como ofrecer a los padres los conocimientos necesarios para el mejor desarrollo de sus hijos. Busca ser un espacio para intercambiar experiencias y un veh\u00edculo para generar acciones en pro de la inclusi\u00f3n en todos los \u00e1mbitos de la vida.<br \/>\nPor su parte, la Fundaci\u00f3n Amigos Caleidoscopio A.C., es una instituci\u00f3n sin fines de lucro dedicada a mejorar la calidad de vida de las personas con discapacidad intelectual a trav\u00e9s del arte y otras actividades creativas y l\u00fadicas, ofreciendo talleres para j\u00f3venes y adultos en pro de su continuo bienestar, <img decoding=\"async\" class=\"size-medium wp-image-441738 alignleft\" src=\"https:\/\/dimensionturistica.com\/es\/wp-content\/uploads\/2022\/12\/LA-COLMENA-1-169x300.jpeg\" alt=\"\" width=\"169\" height=\"300\" srcset=\"https:\/\/dimensionturistica.com\/es\/wp-content\/uploads\/2022\/12\/LA-COLMENA-1-169x300.jpeg 169w, https:\/\/dimensionturistica.com\/es\/wp-content\/uploads\/2022\/12\/LA-COLMENA-1-576x1024.jpeg 576w, https:\/\/dimensionturistica.com\/es\/wp-content\/uploads\/2022\/12\/LA-COLMENA-1-768x1365.jpeg 768w, https:\/\/dimensionturistica.com\/es\/wp-content\/uploads\/2022\/12\/LA-COLMENA-1-864x1536.jpeg 864w, https:\/\/dimensionturistica.com\/es\/wp-content\/uploads\/2022\/12\/LA-COLMENA-1-750x1333.jpeg 750w, https:\/\/dimensionturistica.com\/es\/wp-content\/uploads\/2022\/12\/LA-COLMENA-1.jpeg 900w\" sizes=\"(max-width: 169px) 100vw, 169px\" \/>desarrollo e inclusi\u00f3n social.<br \/>\nRealizada bajo la direcci\u00f3n art\u00edstica de Ana Elisa Romo, directora de arte de Fundaci\u00f3n Amigos Caleidoscopio A.C. \u201cLa Colmena\u201d es una obra de arte colectiva de gran formato compuesta por m\u00e1s de 30 hex\u00e1gonos de 50 x 65 a manera de collage que fueron elaborados por sus diferentes c\u00e9lulas a lo largo del pa\u00eds.<br \/>\nCada hex\u00e1gono que conforma \u201cLa Colmena\u201d refleja el trabajo en equipo, la uni\u00f3n y empat\u00eda que caracteriza a ambas asociaciones y en cada uno se pueden apreciar diferentes t\u00e9cnicas, motivos, texturas, colores y frases que se crearon en familia, lo que se traduce en momentos de convivencia y creaci\u00f3n. La presentaci\u00f3n de \u201cLa Colmena\u201d en las instalaciones del hotel, forma parte del concepto \u201cHospedArte\u201d que busca difundir las diferentes expresiones art\u00edsticas y culturales del pa\u00eds.<\/p>\n","protected":false},"excerpt":{"rendered":"<p>Se present\u00f3 en Epicentro, el Lobby Bar del hotel Presidente InterContinental, \u201cLa Colmena\u201d instalaci\u00f3n art\u00edstica que conmemora el d\u00e9cimo aniversario de Familias Extraordinarias, asociaci\u00f3n conformada por familiares de personas con discapacidad intelectual, especialmente con Tr\u00edsomia 21 o s\u00edndrome de Down. Entre las misiones de Familias Extraordinarias se encuentra proveer apoyo emocional, informaci\u00f3n y formaci\u00f3n, as\u00ed [&hellip;]<\/p>\n","protected":false},"author":1,"featured_media":441740,"comment_status":"open","ping_status":"closed","sticky":false,"template":"","format":"standard","meta":{"om_disable_all_campaigns":false,"jnews-multi-image_gallery":[],"jnews_single_post":{"source_name":"","source_url":"","via_name":"","via_url":"","override_template":"0","override":[{"template":"1","single_blog_custom":"","parallax":"1","fullscreen":"1","layout":"right-sidebar","sidebar":"default-sidebar","second_sidebar":"default-sidebar","sticky_sidebar":"1","share_position":"top","share_float_style":"share-monocrhome","show_share_counter":"1","show_view_counter":"1","show_featured":"1","show_post_meta":"1","show_post_author":"1","show_post_author_image":"1","show_post_date":"1","post_date_format":"default","post_date_format_custom":"Y\/m\/d","show_post_category":"1","show_post_reading_time":"0","post_reading_time_wpm":"300","show_zoom_button":"0","zoom_button_out_step":"2","zoom_button_in_step":"3","show_post_tag":"1","show_prev_next_post":"1","show_popup_post":"1","number_popup_post":"1","show_author_box":"0","show_post_related":"0","show_inline_post_related":"0"}],"override_image_size":"0","image_override":[{"single_post_thumbnail_size":"crop-500","single_post_gallery_size":"crop-500"}],"trending_post":"0","trending_post_position":"meta","trending_post_label":"Trending","sponsored_post":"0","sponsored_post_label":"Sponsored by","sponsored_post_name":"","sponsored_post_url":"","sponsored_post_logo_enable":"0","sponsored_post_logo":"","sponsored_post_desc":"","disable_ad":"0"},"jnews_primary_category":{"id":"","hide":""},"jnews_social_meta":{"fb_title":"","fb_description":"","fb_image":"","twitter_title":"","twitter_description":"","twitter_image":""},"footnotes":""},"categories":[40],"tags":[],"class_list":["post-441734","post","type-post","status-publish","format-standard","has-post-thumbnail","hentry","category-industria"],"_links":{"self":[{"href":"https:\/\/dimensionturistica.com\/es\/wp-json\/wp\/v2\/posts\/441734","targetHints":{"allow":["GET"]}}],"collection":[{"href":"https:\/\/dimensionturistica.com\/es\/wp-json\/wp\/v2\/posts"}],"about":[{"href":"https:\/\/dimensionturistica.com\/es\/wp-json\/wp\/v2\/types\/post"}],"author":[{"embeddable":true,"href":"https:\/\/dimensionturistica.com\/es\/wp-json\/wp\/v2\/users\/1"}],"replies":[{"embeddable":true,"href":"https:\/\/dimensionturistica.com\/es\/wp-json\/wp\/v2\/comments?post=441734"}],"version-history":[{"count":0,"href":"https:\/\/dimensionturistica.com\/es\/wp-json\/wp\/v2\/posts\/441734\/revisions"}],"wp:featuredmedia":[{"embeddable":true,"href":"https:\/\/dimensionturistica.com\/es\/wp-json\/wp\/v2\/media\/441740"}],"wp:attachment":[{"href":"https:\/\/dimensionturistica.com\/es\/wp-json\/wp\/v2\/media?parent=441734"}],"wp:term":[{"taxonomy":"category","embeddable":true,"href":"https:\/\/dimensionturistica.com\/es\/wp-json\/wp\/v2\/categories?post=441734"},{"taxonomy":"post_tag","embeddable":true,"href":"https:\/\/dimensionturistica.com\/es\/wp-json\/wp\/v2\/tags?post=441734"}],"curies":[{"name":"wp","href":"https:\/\/api.w.org\/{rel}","templated":true}]}}