{"id":441719,"date":"2022-12-11T14:31:07","date_gmt":"2022-12-11T14:31:07","guid":{"rendered":"https:\/\/dimensionturistica.com\/es\/?p=441719"},"modified":"2022-12-11T14:31:07","modified_gmt":"2022-12-11T14:31:07","slug":"alcoholimetro-todo-el-dia-todos-los-dias","status":"publish","type":"post","link":"https:\/\/dimensionturistica.com\/es\/alcoholimetro-todo-el-dia-todos-los-dias\/","title":{"rendered":"Alcohol\u00edmetro Todo el D\u00eda, Todos los D\u00edas"},"content":{"rendered":"<p>Durante el arranque del programa \u201cConduce Sin Alcohol\u201d, operativo Fin de A\u00f1o 2022, las Secretar\u00edas de Movilidad (SEMOVI) y de Seguridad Ciudadana (SSC) de la Ciudad de M\u00e9xico, sumaron esfuerzos con CANIRAC, para evitar accidentes viales con consecuencias mortales a causa del consumo inmoderado de alcohol.<br \/>\nDurante el evento, el Secretario de Seguridad Ciudadana, Omar Garc\u00eda Harfuch, destac\u00f3 que se intensificar\u00e1<img decoding=\"async\" class=\"size-medium wp-image-441723 alignleft\" src=\"https:\/\/dimensionturistica.com\/es\/wp-content\/uploads\/2022\/12\/Conduce-sin-Alcohol3-300x200.jpeg\" alt=\"\" width=\"300\" height=\"200\" srcset=\"https:\/\/dimensionturistica.com\/es\/wp-content\/uploads\/2022\/12\/Conduce-sin-Alcohol3-300x200.jpeg 300w, https:\/\/dimensionturistica.com\/es\/wp-content\/uploads\/2022\/12\/Conduce-sin-Alcohol3-768x512.jpeg 768w, https:\/\/dimensionturistica.com\/es\/wp-content\/uploads\/2022\/12\/Conduce-sin-Alcohol3-750x500.jpeg 750w, https:\/\/dimensionturistica.com\/es\/wp-content\/uploads\/2022\/12\/Conduce-sin-Alcohol3.jpeg 1024w\" sizes=\"(max-width: 300px) 100vw, 300px\" \/> la presencia y operaci\u00f3n del programa Conduce Sin Alcohol en las 16 alcald\u00edas, incluyendo las entradas y salidas carreteras de la Ciudad de M\u00e9xico, con el objetivo de salvaguardar la integridad f\u00edsica de conductores de veh\u00edculos, peatones, ciclistas y de la ciudadan\u00eda en general.<br \/>\nA\u00f1adi\u00f3 que a partir del 1 de diciembre y hasta el 8 de enero de 2023 se desplegar\u00e1n 507 polic\u00edas y m\u00e1s de 200 veh\u00edculos, en 32 puntos de revisi\u00f3n, algunos aleatorios y otros fijos, las 24 horas del d\u00eda.<br \/>\nPrecis\u00f3 que de enero a noviembre de este a\u00f1o han sido infraccionadas 8 mil 657 personas por exceder los l\u00edmites de ingesta de alcohol permitidos y se han remitido a un dep\u00f3sito 8 mil 554 veh\u00edculos. \u201cEsto se traduce en miles de vidas salvadas y en menos accidentes con consecuencias mortales\u201d, precis\u00f3.<br \/>\nDurante su participaci\u00f3n, Andr\u00e9s Lajous Loaeza, hizo una reflexi\u00f3n sobre las consecuencias del consumo de alcohol al conducir, y se\u00f1al\u00f3 que gracias al fortalecimiento de este programa, durante el a\u00f1o 2021, en diciembre las defunciones disminuyeron al 18% en comparaci\u00f3n al 2020 y 6% en comparaci\u00f3n el a\u00f1o 2019.<br \/>\nPor su parte, Salvador Guerrero Chipr\u00e9s, Presidente del Consejo Ciudadano para la Seguridad y Justicia de la Ciudad de M\u00e9xico, expres\u00f3 que \u201ceste programa ha sido la garant\u00eda de que disminuyen 70 % el n\u00famero de<img decoding=\"async\" class=\"size-medium wp-image-441721 alignright\" src=\"https:\/\/dimensionturistica.com\/es\/wp-content\/uploads\/2022\/12\/Conduce-sin-Alcohol5-300x225.jpeg\" alt=\"\" width=\"300\" height=\"225\" srcset=\"https:\/\/dimensionturistica.com\/es\/wp-content\/uploads\/2022\/12\/Conduce-sin-Alcohol5-300x225.jpeg 300w, https:\/\/dimensionturistica.com\/es\/wp-content\/uploads\/2022\/12\/Conduce-sin-Alcohol5-768x576.jpeg 768w, https:\/\/dimensionturistica.com\/es\/wp-content\/uploads\/2022\/12\/Conduce-sin-Alcohol5-750x563.jpeg 750w, https:\/\/dimensionturistica.com\/es\/wp-content\/uploads\/2022\/12\/Conduce-sin-Alcohol5.jpeg 1024w\" sizes=\"(max-width: 300px) 100vw, 300px\" \/> incidentes tr\u00e1gicos fatales por consumo excesivo del alcohol\u201d. Adem\u00e1s, se\u00f1al\u00f3 que, de acuerdo con datos del INEGI, 7 de cada 10 siniestros viales se relacionan directamente con el consumo del alcohol.<br \/>\nEn su intervenci\u00f3n, Germ\u00e1n F. Gonz\u00e1lez Bernal, Presidente Nacional de CANIRAC, a\u00f1adi\u00f3 que la industria restaurantera se suma a este programa mediante acciones de difusi\u00f3n, reuniones de trabajo, apoyando las jornadas amistosas y capacitando al personal para que cuando vean a una persona que ha consumido exceso de alcohol lo inviten a entregar las llaves y utilizar otro medio de transporte en lugar de conducir.<br \/>\nCon estas acciones, las autoridades reafirman su compromiso por sumar esfuerzos con el sector privado, para evitar accidentes viales y brindar un entorno m\u00e1s seguro a la poblaci\u00f3n.<\/p>\n","protected":false},"excerpt":{"rendered":"<p>Durante el arranque del programa \u201cConduce Sin Alcohol\u201d, operativo Fin de A\u00f1o 2022, las Secretar\u00edas de Movilidad (SEMOVI) y de Seguridad Ciudadana (SSC) de la Ciudad de M\u00e9xico, sumaron esfuerzos con CANIRAC, para evitar accidentes viales con consecuencias mortales a causa del consumo inmoderado de alcohol. Durante el evento, el Secretario de Seguridad Ciudadana, Omar [&hellip;]<\/p>\n","protected":false},"author":1,"featured_media":441725,"comment_status":"open","ping_status":"closed","sticky":false,"template":"","format":"standard","meta":{"om_disable_all_campaigns":false,"jnews-multi-image_gallery":[],"jnews_single_post":{"source_name":"","source_url":"","via_name":"","via_url":"","override_template":"0","override":[{"template":"1","single_blog_custom":"","parallax":"1","fullscreen":"1","layout":"right-sidebar","sidebar":"default-sidebar","second_sidebar":"default-sidebar","sticky_sidebar":"1","share_position":"top","share_float_style":"share-monocrhome","show_share_counter":"1","show_view_counter":"1","show_featured":"1","show_post_meta":"1","show_post_author":"1","show_post_author_image":"1","show_post_date":"1","post_date_format":"default","post_date_format_custom":"Y\/m\/d","show_post_category":"1","show_post_reading_time":"0","post_reading_time_wpm":"300","show_zoom_button":"0","zoom_button_out_step":"2","zoom_button_in_step":"3","show_post_tag":"1","show_prev_next_post":"1","show_popup_post":"1","number_popup_post":"1","show_author_box":"0","show_post_related":"0","show_inline_post_related":"0"}],"override_image_size":"0","image_override":[{"single_post_thumbnail_size":"crop-500","single_post_gallery_size":"crop-500"}],"trending_post":"0","trending_post_position":"meta","trending_post_label":"Trending","sponsored_post":"0","sponsored_post_label":"Sponsored by","sponsored_post_name":"","sponsored_post_url":"","sponsored_post_logo_enable":"0","sponsored_post_logo":"","sponsored_post_desc":"","disable_ad":"0"},"jnews_primary_category":{"id":"","hide":""},"jnews_social_meta":{"fb_title":"","fb_description":"","fb_image":"","twitter_title":"","twitter_description":"","twitter_image":""},"footnotes":""},"categories":[43],"tags":[],"class_list":["post-441719","post","type-post","status-publish","format-standard","has-post-thumbnail","hentry","category-gourmet"],"_links":{"self":[{"href":"https:\/\/dimensionturistica.com\/es\/wp-json\/wp\/v2\/posts\/441719","targetHints":{"allow":["GET"]}}],"collection":[{"href":"https:\/\/dimensionturistica.com\/es\/wp-json\/wp\/v2\/posts"}],"about":[{"href":"https:\/\/dimensionturistica.com\/es\/wp-json\/wp\/v2\/types\/post"}],"author":[{"embeddable":true,"href":"https:\/\/dimensionturistica.com\/es\/wp-json\/wp\/v2\/users\/1"}],"replies":[{"embeddable":true,"href":"https:\/\/dimensionturistica.com\/es\/wp-json\/wp\/v2\/comments?post=441719"}],"version-history":[{"count":0,"href":"https:\/\/dimensionturistica.com\/es\/wp-json\/wp\/v2\/posts\/441719\/revisions"}],"wp:featuredmedia":[{"embeddable":true,"href":"https:\/\/dimensionturistica.com\/es\/wp-json\/wp\/v2\/media\/441725"}],"wp:attachment":[{"href":"https:\/\/dimensionturistica.com\/es\/wp-json\/wp\/v2\/media?parent=441719"}],"wp:term":[{"taxonomy":"category","embeddable":true,"href":"https:\/\/dimensionturistica.com\/es\/wp-json\/wp\/v2\/categories?post=441719"},{"taxonomy":"post_tag","embeddable":true,"href":"https:\/\/dimensionturistica.com\/es\/wp-json\/wp\/v2\/tags?post=441719"}],"curies":[{"name":"wp","href":"https:\/\/api.w.org\/{rel}","templated":true}]}}