{"id":441664,"date":"2022-12-11T12:51:30","date_gmt":"2022-12-11T12:51:30","guid":{"rendered":"https:\/\/dimensionturistica.com\/es\/?p=441664"},"modified":"2022-12-11T12:51:30","modified_gmt":"2022-12-11T12:51:30","slug":"los-faros-del-atlantico-temidos-por-los-fareros","status":"publish","type":"post","link":"https:\/\/dimensionturistica.com\/es\/los-faros-del-atlantico-temidos-por-los-fareros\/","title":{"rendered":"Los faros del Atl\u00e1ntico temidos por los fareros"},"content":{"rendered":"<p> <br \/>\n<\/p>\n<div>\n<div id=\"involveds\" class=\"involveds wrap\">\n<div class=\"involved-authors only-author multiple\">\n<div class=\"first-author\">\n<figure class=\"thumb col-xs-3\">&#13;<img loading=\"lazy\" decoding=\"async\" src=\"https:\/\/news.google.com\/medio\/2021\/12\/09\/foto-alex-newsletter_0d47dd82_600x600.jpg\" alt=\"Foto Alex Newsletter\" class=\"lazyload\" width=\"600\" height=\"600\" data-aspectratio=\"600\/600\"\/><noscript><img decoding=\"async\" src=\"https:\/\/news.google.com\/medio\/2021\/12\/09\/foto-alex-newsletter_0d47dd82_600x600.jpg\" alt=\"Foto Alex Newsletter\"\/><\/noscript>&#13;<\/figure>\n<\/div>\n<div class=\"second-author\">\n<figure class=\"thumb col-xs-3\">&#13;<img loading=\"lazy\" decoding=\"async\" src=\"https:\/\/news.google.com\/medio\/2021\/12\/09\/asun-lujan_3bb1f03b_600x600.jpg\" alt=\"Asun Luj\u00e1n\" class=\"lazyload\" width=\"600\" height=\"600\" data-aspectratio=\"600\/600\"\/><noscript><img decoding=\"async\" src=\"https:\/\/news.google.com\/medio\/2021\/12\/09\/asun-lujan_3bb1f03b_600x600.jpg\" alt=\"Asun Luj\u00e1n\"\/><\/noscript>&#13;<\/figure>\n<div class=\"info-author\">\n<a rel=\"nofollow noopener\" target=\"_blank\" href=\"https:\/\/news.google.com\/autores\/asun-lujan_1248\" class=\"lnk-author css-authors  title-separator\">Asun Luj\u00e1n<\/a><\/p>\n<p class=\"title-author css-authors \">Periodista redactora de Viajes Nationwide Geographic<\/p>\n<\/div>\n<\/div>\n<\/div>\n<\/div>\n<p class=\"date\"> <time itemprop=\"dateModified\" datetime=\"2022-12-11T12:55:00+01:00\" data-timestamp=\"1670763300\">&#13;11 de diciembre de 2022 \u00b7 12:55<\/time>&#13;<\/p>\n<\/div>\n<div id=\"article-sumary\">\n<div class=\"article-txt ad-mobile-top\">\n<p dir=\"ltr\"><span id=\"docs-internal-guid-fc0feced-7fff-5d42-c8a6-8154c5a38ff0\">Hoy ya no, pero en los tiempos dorados de los faros corri\u00f3 una in style clasificaci\u00f3n entre los fareros por la cual hab\u00eda tres tipos de faros: estaban los &#8220;faros del para\u00edso&#8221;, que eran aquellos de f\u00e1cil acceso y cercanos a comunidades, en suelo firme; luego estaban los &#8220;faros del purgatorio&#8221;, que eran los que se situaban\u00a0no muy lejos, pero no eran\u00a0suficientemente c\u00f3modos; por \u00faltimo estaban los &#8220;faros del infierno&#8221;, enclavados en la nada, en mitad del mar o sobre peque\u00f1os salientes, apenas rocas puntiagudas o acantilados vertiginosos. Muchos de estos faros del Atl\u00e1ntico estaban dentro de la tercera categor\u00eda. Eso no quita que\u00a0hoy algunos est\u00e9n\u00a0considerados entre\u00a0<a rel=\"nofollow noopener\" target=\"_blank\" href=\"https:\/\/viajes.nationalgeographic.com.es\/a\/quince-faros-mas-bellos-mundo_8917\">los faros m\u00e1s bellos y fascinantes del planeta<\/a>.<\/span><\/p>\n<p>\u00a0<\/p>\n<\/div>\n<\/div>\n\n<p><em> &#8221; Fuentes news.google.com &#8221; <\/em><\/p>\n","protected":false},"excerpt":{"rendered":"<p>&#13;&#13; &#13;&#13; Asun Luj\u00e1n Periodista redactora de Viajes Nationwide Geographic &#13;11 de diciembre de 2022 \u00b7 12:55&#13; Hoy ya no, pero en los tiempos dorados de los faros corri\u00f3 una in style clasificaci\u00f3n entre los fareros por la cual hab\u00eda tres tipos de faros: estaban los &#8220;faros del para\u00edso&#8221;, que eran aquellos de f\u00e1cil acceso [&hellip;]<\/p>\n","protected":false},"author":4,"featured_media":441665,"comment_status":"open","ping_status":"closed","sticky":false,"template":"","format":"standard","meta":{"om_disable_all_campaigns":false,"jnews-multi-image_gallery":[],"jnews_single_post":[],"jnews_primary_category":[],"jnews_social_meta":[],"footnotes":""},"categories":[39],"tags":[47258,47257],"class_list":["post-441664","post","type-post","status-publish","format-standard","has-post-thumbnail","hentry","category-viajes","tag-cargado-desde-el-fichero-de-recursos","tag-keywords-por-defecto"],"_links":{"self":[{"href":"https:\/\/dimensionturistica.com\/es\/wp-json\/wp\/v2\/posts\/441664","targetHints":{"allow":["GET"]}}],"collection":[{"href":"https:\/\/dimensionturistica.com\/es\/wp-json\/wp\/v2\/posts"}],"about":[{"href":"https:\/\/dimensionturistica.com\/es\/wp-json\/wp\/v2\/types\/post"}],"author":[{"embeddable":true,"href":"https:\/\/dimensionturistica.com\/es\/wp-json\/wp\/v2\/users\/4"}],"replies":[{"embeddable":true,"href":"https:\/\/dimensionturistica.com\/es\/wp-json\/wp\/v2\/comments?post=441664"}],"version-history":[{"count":0,"href":"https:\/\/dimensionturistica.com\/es\/wp-json\/wp\/v2\/posts\/441664\/revisions"}],"wp:featuredmedia":[{"embeddable":true,"href":"https:\/\/dimensionturistica.com\/es\/wp-json\/wp\/v2\/media\/441665"}],"wp:attachment":[{"href":"https:\/\/dimensionturistica.com\/es\/wp-json\/wp\/v2\/media?parent=441664"}],"wp:term":[{"taxonomy":"category","embeddable":true,"href":"https:\/\/dimensionturistica.com\/es\/wp-json\/wp\/v2\/categories?post=441664"},{"taxonomy":"post_tag","embeddable":true,"href":"https:\/\/dimensionturistica.com\/es\/wp-json\/wp\/v2\/tags?post=441664"}],"curies":[{"name":"wp","href":"https:\/\/api.w.org\/{rel}","templated":true}]}}