{"id":441554,"date":"2022-12-11T02:05:25","date_gmt":"2022-12-11T02:05:25","guid":{"rendered":"https:\/\/dimensionturistica.com\/es\/?p=441554"},"modified":"2022-12-11T02:05:25","modified_gmt":"2022-12-11T02:05:25","slug":"2022-ano-historico-para-el-turismo-en-la-region","status":"publish","type":"post","link":"https:\/\/dimensionturistica.com\/es\/2022-ano-historico-para-el-turismo-en-la-region\/","title":{"rendered":"2022, a\u00f1o hist\u00f3rico para el turismo en la Regi\u00f3n"},"content":{"rendered":"<p> <br \/>\n<\/p>\n<div id=\"\">\n<p>No son estimaciones.<a rel=\"nofollow noopener\" target=\"_blank\" href=\"https:\/\/www.larazon.es\/murcia\/20221130\/mykvhhos7bbo3jkkngedm6zeey.html\"><strong> Las cifras oficiales confirman que este 2022 ser\u00e1 un a\u00f1o hist\u00f3rico para el turismo<\/strong>. <\/a>El conjunto de alojamientos tur\u00edsticos de la Regi\u00f3n, formado por hoteles, apartamentos tur\u00edsticos, alojamientos rurales y c\u00e1mpines, registr\u00f3 durante <strong>los primeros diez meses de 2022 un aumento de visitantes del 1,7 por ciento respecto al mismo periodo de 2019<\/strong>, seg\u00fan las estad\u00edsticas de ocupaci\u00f3n del Instituto Nacional de Estad\u00edstica (INE).<\/p>\n<p>De este modo,<strong> la afluencia de viajeros en los alojamientos regionales aument\u00f3 en el intervalo entre enero y octubre hasta alcanzar la cifra de 1.484.402<\/strong>, un incremento que contrasta con el descenso registrado de media en Espa\u00f1a, que todav\u00eda se encuentra un 3,3 por ciento por debajo de las cifras previas a la pandemia.<\/p>\n<p>Respecto al mes de octubre, los viajeros residentes en Espa\u00f1a alojados en los establecimientos reglados de la Regi\u00f3n, tanto hoteleros como extrahoteleros, <strong>sumaron un whole de 103.703, un 0,4 por ciento m\u00e1s que en octubre de 2019.<\/strong><\/p>\n<aside style=\"max-width:615px;min-width:300px;width:100%;height:462px\" class=\"ad all sunmedia1 bg-placeholder \"\/>\n<p>Por su parte, los residentes en el extranjero aumentaron el 0,3 por ciento, hasta llegar a 36.079.<\/p>\n<p>El <strong>consejero de Presidencia, Turismo, Cultura y Deportes, Marcos Ortu\u00f1o,<\/strong> asegur\u00f3 que estos datos permiten calificar 2022 como el a\u00f1o de la consolidaci\u00f3n de la recuperaci\u00f3n de la actividad tur\u00edstica en la Regi\u00f3n de Murcia.<\/p>\n<p>\u00abLa Comunidad rinde un steadiness por encima de la media de Espa\u00f1a y, en muchos casos, lidera o se encuentra en el grupo de cabeza de las autonom\u00edas con mejor comportamiento no solo en afluencia de visitantes, sino en los distintos indicadores que ofrecen fuentes oficiales\u00bb.<\/p>\n<p>En este sentido, <strong>hizo hincapi\u00e9 en el dato de 43.723 afiliados de media de enero a octubre en actividades de hosteler\u00eda<\/strong> y agencias de viajes, que representa el mejor registro de la serie hist\u00f3rica para los primeros diez meses del a\u00f1o y un 2,3 por ciento m\u00e1s de empleo que los niveles anteriores a la pandemia.<\/p>\n<p>Tambi\u00e9n record\u00f3 que entre enero y octubre de 2022 los turistas extranjeros que visitaron la Regi\u00f3n realizaron un desembolso medio diario de 99,75 euros,<strong> un 5,9 por ciento m\u00e1s que en ese mismo per\u00edodo de 2019<\/strong>, seg\u00fan recoge la estad\u00edstica Egatur del INE.<\/p>\n<aside style=\"max-width:300px;min-width:300px;width:100%;height:600px\" class=\"ad all right1 bg-placeholder \"\/>\n<p>Adem\u00e1s, en este mismo per\u00edodo, la Regi\u00f3n fue la comunidad espa\u00f1ola en la que los turistas internacionales realizaron estancias m\u00e1s prolongadas, 12,3 d\u00edas de media frente a 7,4 d\u00edas del conjunto nacional.<\/p>\n<p>\u201cEfecto AVE\u201d<\/p>\n<p>Por otra parte, en diez d\u00edas comenzar\u00e1n a round los <strong>primeros trenes de Alta Velocidad que conectar\u00e1n la Regi\u00f3n de Murcia con Madrid.<\/strong><\/p>\n<p>No obstante, el Gobierno de la Regi\u00f3n de Murcia ha solicitado al Ejecutivo central que replantee la programaci\u00f3n de los servicios AVE a la Comunidad, pues considera que los previstos son insuficientes. \u00abEs un desprop\u00f3sito que solo dos trenes mejoren los tiempos de viaje\u00bb.<\/p>\n<\/div>\n\n<p><em> &#8221; Fuentes news.google.com &#8221; <\/em><\/p>\n","protected":false},"excerpt":{"rendered":"<p>No son estimaciones. Las cifras oficiales confirman que este 2022 ser\u00e1 un a\u00f1o hist\u00f3rico para el turismo. El conjunto de alojamientos tur\u00edsticos de la Regi\u00f3n, formado por hoteles, apartamentos tur\u00edsticos, alojamientos rurales y c\u00e1mpines, registr\u00f3 durante los primeros diez meses de 2022 un aumento de visitantes del 1,7 por ciento respecto al mismo periodo de [&hellip;]<\/p>\n","protected":false},"author":4,"featured_media":441555,"comment_status":"open","ping_status":"closed","sticky":false,"template":"","format":"standard","meta":{"om_disable_all_campaigns":false,"jnews-multi-image_gallery":[],"jnews_single_post":[],"jnews_primary_category":[],"jnews_social_meta":[],"footnotes":""},"categories":[40],"tags":[9885,544],"class_list":["post-441554","post","type-post","status-publish","format-standard","has-post-thumbnail","hentry","category-industria","tag-ave","tag-turismo"],"_links":{"self":[{"href":"https:\/\/dimensionturistica.com\/es\/wp-json\/wp\/v2\/posts\/441554","targetHints":{"allow":["GET"]}}],"collection":[{"href":"https:\/\/dimensionturistica.com\/es\/wp-json\/wp\/v2\/posts"}],"about":[{"href":"https:\/\/dimensionturistica.com\/es\/wp-json\/wp\/v2\/types\/post"}],"author":[{"embeddable":true,"href":"https:\/\/dimensionturistica.com\/es\/wp-json\/wp\/v2\/users\/4"}],"replies":[{"embeddable":true,"href":"https:\/\/dimensionturistica.com\/es\/wp-json\/wp\/v2\/comments?post=441554"}],"version-history":[{"count":0,"href":"https:\/\/dimensionturistica.com\/es\/wp-json\/wp\/v2\/posts\/441554\/revisions"}],"wp:featuredmedia":[{"embeddable":true,"href":"https:\/\/dimensionturistica.com\/es\/wp-json\/wp\/v2\/media\/441555"}],"wp:attachment":[{"href":"https:\/\/dimensionturistica.com\/es\/wp-json\/wp\/v2\/media?parent=441554"}],"wp:term":[{"taxonomy":"category","embeddable":true,"href":"https:\/\/dimensionturistica.com\/es\/wp-json\/wp\/v2\/categories?post=441554"},{"taxonomy":"post_tag","embeddable":true,"href":"https:\/\/dimensionturistica.com\/es\/wp-json\/wp\/v2\/tags?post=441554"}],"curies":[{"name":"wp","href":"https:\/\/api.w.org\/{rel}","templated":true}]}}