{"id":441525,"date":"2022-12-10T23:30:17","date_gmt":"2022-12-10T23:30:17","guid":{"rendered":"https:\/\/dimensionturistica.com\/es\/?p=441525"},"modified":"2022-12-10T23:30:17","modified_gmt":"2022-12-10T23:30:17","slug":"delta-volvera-a-ces-2023-el-evento-tecnologico-mas-importante-del-mundo-que-se-celebrara-en-las-vegas","status":"publish","type":"post","link":"https:\/\/dimensionturistica.com\/es\/delta-volvera-a-ces-2023-el-evento-tecnologico-mas-importante-del-mundo-que-se-celebrara-en-las-vegas\/","title":{"rendered":"Delta volver\u00e1 a CES 2023, el evento tecnol\u00f3gico m\u00e1s importante del mundo, que se celebrar\u00e1 en Las Vegas"},"content":{"rendered":"<p>Ed Bastian, CEO de Delta, se unir\u00e1 a Michael E. Kassan, CEO de MediaLink, en el escenario del 5 de enero en Las Vegas para hablar de c\u00f3mo Delta y otras marcas de consumo est\u00e1n combinando la tecnolog\u00eda con el<img decoding=\"async\" class=\"size-medium wp-image-441527 alignright\" src=\"https:\/\/dimensionturistica.com\/es\/wp-content\/uploads\/2022\/12\/thLa-Guardia-de-Nueva-Yor-300x225.jpg\" alt=\"\" width=\"300\" height=\"225\" srcset=\"https:\/\/dimensionturistica.com\/es\/wp-content\/uploads\/2022\/12\/thLa-Guardia-de-Nueva-Yor-300x225.jpg 300w, https:\/\/dimensionturistica.com\/es\/wp-content\/uploads\/2022\/12\/thLa-Guardia-de-Nueva-Yor.jpg 474w\" sizes=\"(max-width: 300px) 100vw, 300px\" \/> ingenio para conocer y servir mejor a sus clientes, atrayendo a sus miembros con experiencias cada vez m\u00e1s personalizadas y pensadas para ellos. Delta volver\u00e1 al escenario de CES\u00ae 2023 para compartir c\u00f3mo el aprovechamiento de las personas, la personalizaci\u00f3n y la innovaci\u00f3n est\u00e1 construyendo un viaje m\u00e1s conectado, abriendo el programa C Space de este a\u00f1o, el destino de los l\u00edderes de las industrias de contenido y entretenimiento en el evento tecnol\u00f3gico m\u00e1s influyente del mundo.<br \/>\nEl CEO de Delta, Ed Bastian, se unir\u00e1 al CEO de MediaLink, Michael E. Kassan, en el escenario del 5 de enero en Las Vegas para hablar sobre las formas en que Delta y otras marcas de consumo est\u00e1n combinando la tecnolog\u00eda con el ingenio para conocer y servir mejor a sus clientes, involucrando a sus miembros con experiencias cada vez m\u00e1s personalizadas y curadas s\u00f3lo para<img decoding=\"async\" class=\"alignleft size-medium wp-image-441526\" src=\"https:\/\/dimensionturistica.com\/es\/wp-content\/uploads\/2022\/12\/unnamed-15-300x169.jpg\" alt=\"\" width=\"300\" height=\"169\" srcset=\"https:\/\/dimensionturistica.com\/es\/wp-content\/uploads\/2022\/12\/unnamed-15-300x169.jpg 300w, https:\/\/dimensionturistica.com\/es\/wp-content\/uploads\/2022\/12\/unnamed-15-768x432.jpg 768w, https:\/\/dimensionturistica.com\/es\/wp-content\/uploads\/2022\/12\/unnamed-15-750x422.jpg 750w, https:\/\/dimensionturistica.com\/es\/wp-content\/uploads\/2022\/12\/unnamed-15.jpg 1024w\" sizes=\"(max-width: 300px) 100vw, 300px\" \/> ellos.<br \/>\n&#8220;A medida que emergemos de tres a\u00f1os de transformaci\u00f3n, el poder de la conexi\u00f3n humana nunca ha sido m\u00e1s importante, y el papel de Delta para permitir esas conexiones es significativo y necesario&#8221;, dijo Bastian. &#8220;Volvemos al CES en 2023 para mostrar c\u00f3mo estamos liderando la transformaci\u00f3n de los viajes que prometimos en 2020, y para compartir hacia d\u00f3nde vamos como el compa\u00f1ero de viaje sin igual para nuestros clientes y para el mundo.&#8221;<br \/>\nDelta hizo historia en el CES en 2020 cuando Bastian pronunci\u00f3 el primer discurso de apertura de la conferencia por parte de una compa\u00f1\u00eda de aviaci\u00f3n. Bastian tambi\u00e9n apareci\u00f3 en el escenario principal del<img decoding=\"async\" class=\"size-medium wp-image-441528 alignright\" src=\"https:\/\/dimensionturistica.com\/es\/wp-content\/uploads\/2022\/12\/el-Aeropuerto-Metropolitano-de-Detroit-300x203.jpg\" alt=\"\" width=\"300\" height=\"203\" srcset=\"https:\/\/dimensionturistica.com\/es\/wp-content\/uploads\/2022\/12\/el-Aeropuerto-Metropolitano-de-Detroit-300x203.jpg 300w, https:\/\/dimensionturistica.com\/es\/wp-content\/uploads\/2022\/12\/el-Aeropuerto-Metropolitano-de-Detroit.jpg 474w\" sizes=\"(max-width: 300px) 100vw, 300px\" \/> CES en 2019 como invitado de la entonces CEO de IBM, Ginni Rometty. Los detalles adicionales sobre la presencia de Delta en el CES 2023 estar\u00e1n disponibles pronto.<br \/>\n&#8220;Delta se ha ganado el coraz\u00f3n y la mente de sus seguidores y fans m\u00e1s devotos. La forma en que han sido capaces de transformar las experiencias en vuelo y el entretenimiento a la carta para el deleite de los consumidores ha puesto el list\u00f3n muy alto para las marcas&#8221;, dijo Kassan. &#8220;Estoy deseando sumergirme en esto con Ed en el escenario de la keynote del CES C Space y ofrecer a los profesionales del marketing algunos puntos de partida inspiradores&#8221;.<br \/>\n&#8220;La keynote de Ed y Michael en el C Space abrir\u00e1 nuestras mentes a las innovaciones y tendencias disruptivas que sacuden el mundo del marketing y su impacto en el comportamiento humano&#8221;, dijo Gary Shapiro, presidente y CEO de CTA. &#8220;Esta sesi\u00f3n sentar\u00e1 las bases para aprender de un panel diverso de directores de marketing l\u00edderes en la industria y otros que crean experiencias personalizadas para el consumidor&#8221;.<img decoding=\"async\" class=\"size-medium wp-image-441529 alignright\" src=\"https:\/\/dimensionturistica.com\/es\/wp-content\/uploads\/2022\/12\/al-CES-en-Delt-300x150.jpg\" alt=\"\" width=\"300\" height=\"150\" srcset=\"https:\/\/dimensionturistica.com\/es\/wp-content\/uploads\/2022\/12\/al-CES-en-Delt-300x150.jpg 300w, https:\/\/dimensionturistica.com\/es\/wp-content\/uploads\/2022\/12\/al-CES-en-Delt-360x180.jpg 360w, https:\/\/dimensionturistica.com\/es\/wp-content\/uploads\/2022\/12\/al-CES-en-Delt.jpg 474w\" sizes=\"(max-width: 300px) 100vw, 300px\" \/><br \/>\nUna de las maneras de llegar al CES en Delta<br \/>\nDelta trabaja constantemente para satisfacer la demanda de nuestros clientes de asistir a los mayores eventos del mundo y desde hace tiempo apoya a CES con m\u00e1s vuelos y rutas adicionales desde mercados clave. Este a\u00f1o, Delta ofrecer\u00e1 vuelos adicionales a Las Vegas desde 16 ciudades estadounidenses y tres centros internacionales. La aerol\u00ednea tambi\u00e9n volar\u00e1 directamente desde lugares como Austin (Texas), Fort Lauderdale y Orlando (Florida), y el condado de Orange, San Diego y San Jos\u00e9 (California), ciudades a las que Delta no suele ofrecer vuelos sin escalas.<br \/>\nLa aerol\u00ednea tambi\u00e9n planea llevar a los asistentes selectos a la conferencia con estilo con el regreso de su Delta Festival Shuttle con destino al CES desde Nueva York (JFK), Seattle y Los \u00c1ngeles (LAX) el 4 de enero de 2023. Aquellos que se unan s\u00f3lo por invitaci\u00f3n ser\u00e1n tratados con un servicio de comida y bebida antes del vuelo en los Delta Sky Clubs, estatus Silver Medallion de cortes\u00eda y una selecci\u00f3n de comodidades a bordo. El concepto de Delta Festival Shuttle debut\u00f3 originalmente en Los \u00c1ngeles en 2015 como una valiosa adici\u00f3n a los esfuerzos de Delta para involucrar a los miembros de las comunidades de tecnolog\u00eda, entretenimiento, influenciadores y medios de comunicaci\u00f3n.<br \/>\nDelta ha seguido invirtiendo en un viaje de primera clase. Solo este a\u00f1o, la aerol\u00ednea ha presentado transformaciones de terminales por valor de miles de millones de d\u00f3lares tanto en el aeropuerto La Guardia de Nueva York como en el Internacional de Los \u00c1ngeles, consolidando a\u00fan m\u00e1s su compromiso con esos centros y creando una experiencia m\u00e1s eficiente y fluida para los clientes desde el momento en que llegan al aeropuerto.<br \/>\nDelta tambi\u00e9n sigue invirtiendo en tecnolog\u00eda de identidad digital en estos y otros aeropuertos, lo que permite a los clientes desplazarse por el aeropuerto mediante coincidencias faciales, eliminando la necesidad de mostrar una tarjeta de embarque o una identificaci\u00f3n gubernamental y agilizando as\u00ed sus viajes.<br \/>\nDelta tambi\u00e9n estren\u00f3 recientemente su experiencia de Realidad Paralela en el Aeropuerto Metropolitano de Detroit, dando vida a una tecnolog\u00eda que se present\u00f3 por primera vez en el CES en 2020. Y el mes pasado, la aerol\u00ednea se embarc\u00f3 en una asociaci\u00f3n comercial y operativa de varios a\u00f1os y en varios mercados con Joby Aviation para ofrecer un servicio de transporte sostenible y transformador de casa al aeropuerto a los clientes de Delta, comenzando en Nueva York y Los \u00c1ngeles.<\/p>\n","protected":false},"excerpt":{"rendered":"<p>Ed Bastian, CEO de Delta, se unir\u00e1 a Michael E. Kassan, CEO de MediaLink, en el escenario del 5 de enero en Las Vegas para hablar de c\u00f3mo Delta y otras marcas de consumo est\u00e1n combinando la tecnolog\u00eda con el ingenio para conocer y servir mejor a sus clientes, atrayendo a sus miembros con experiencias [&hellip;]<\/p>\n","protected":false},"author":1,"featured_media":441530,"comment_status":"open","ping_status":"closed","sticky":false,"template":"","format":"standard","meta":{"om_disable_all_campaigns":false,"jnews-multi-image_gallery":[],"jnews_single_post":{"source_name":"","source_url":"","via_name":"","via_url":"","override_template":"0","override":[{"template":"1","single_blog_custom":"","parallax":"1","fullscreen":"1","layout":"right-sidebar","sidebar":"default-sidebar","second_sidebar":"default-sidebar","sticky_sidebar":"1","share_position":"top","share_float_style":"share-monocrhome","show_share_counter":"1","show_view_counter":"1","show_featured":"1","show_post_meta":"1","show_post_author":"1","show_post_author_image":"1","show_post_date":"1","post_date_format":"default","post_date_format_custom":"Y\/m\/d","show_post_category":"1","show_post_reading_time":"0","post_reading_time_wpm":"300","show_zoom_button":"0","zoom_button_out_step":"2","zoom_button_in_step":"3","show_post_tag":"1","show_prev_next_post":"1","show_popup_post":"1","number_popup_post":"1","show_author_box":"0","show_post_related":"0","show_inline_post_related":"0"}],"override_image_size":"0","image_override":[{"single_post_thumbnail_size":"crop-500","single_post_gallery_size":"crop-500"}],"trending_post":"0","trending_post_position":"meta","trending_post_label":"Trending","sponsored_post":"0","sponsored_post_label":"Sponsored by","sponsored_post_name":"","sponsored_post_url":"","sponsored_post_logo_enable":"0","sponsored_post_logo":"","sponsored_post_desc":"","disable_ad":"0"},"jnews_primary_category":{"id":"","hide":""},"jnews_social_meta":{"fb_title":"","fb_description":"","fb_image":"","twitter_title":"","twitter_description":"","twitter_image":""},"footnotes":""},"categories":[39],"tags":[],"class_list":["post-441525","post","type-post","status-publish","format-standard","has-post-thumbnail","hentry","category-viajes"],"_links":{"self":[{"href":"https:\/\/dimensionturistica.com\/es\/wp-json\/wp\/v2\/posts\/441525","targetHints":{"allow":["GET"]}}],"collection":[{"href":"https:\/\/dimensionturistica.com\/es\/wp-json\/wp\/v2\/posts"}],"about":[{"href":"https:\/\/dimensionturistica.com\/es\/wp-json\/wp\/v2\/types\/post"}],"author":[{"embeddable":true,"href":"https:\/\/dimensionturistica.com\/es\/wp-json\/wp\/v2\/users\/1"}],"replies":[{"embeddable":true,"href":"https:\/\/dimensionturistica.com\/es\/wp-json\/wp\/v2\/comments?post=441525"}],"version-history":[{"count":0,"href":"https:\/\/dimensionturistica.com\/es\/wp-json\/wp\/v2\/posts\/441525\/revisions"}],"wp:featuredmedia":[{"embeddable":true,"href":"https:\/\/dimensionturistica.com\/es\/wp-json\/wp\/v2\/media\/441530"}],"wp:attachment":[{"href":"https:\/\/dimensionturistica.com\/es\/wp-json\/wp\/v2\/media?parent=441525"}],"wp:term":[{"taxonomy":"category","embeddable":true,"href":"https:\/\/dimensionturistica.com\/es\/wp-json\/wp\/v2\/categories?post=441525"},{"taxonomy":"post_tag","embeddable":true,"href":"https:\/\/dimensionturistica.com\/es\/wp-json\/wp\/v2\/tags?post=441525"}],"curies":[{"name":"wp","href":"https:\/\/api.w.org\/{rel}","templated":true}]}}