{"id":441481,"date":"2022-12-10T21:26:43","date_gmt":"2022-12-10T21:26:43","guid":{"rendered":"https:\/\/dimensionturistica.com\/es\/?p=441481"},"modified":"2022-12-10T21:26:44","modified_gmt":"2022-12-10T21:26:44","slug":"te-contamos-donde-hay-servicio-blablacar-el-auto-compartido","status":"publish","type":"post","link":"https:\/\/dimensionturistica.com\/es\/te-contamos-donde-hay-servicio-blablacar-el-auto-compartido\/","title":{"rendered":"Te contamos donde hay servicio Blablacar, el auto compartido"},"content":{"rendered":"<p> <br \/>\n<\/p>\n<div>\n<p>El servicio de <strong>Blablacar<\/strong> ayuda a far de personas en el mundo<strong> a viajar<\/strong> de una manera econ\u00f3mica <strong>compartiendo un veh\u00edculo <\/strong>con alguien m\u00e1s, pero \u00bfD\u00f3nde se puede pedir?<\/p>\n<p>La compa\u00f1\u00eda que tiene m\u00e1s de 16 a\u00f1os se origin\u00f3 en Francia y aunque al principio s\u00f3lo funcionaba en ese pa\u00eds, ahora <strong>ya abarca casi todo el mundo.<\/strong><\/p>\n<p>De acuerdo con la p\u00e1gina oficial<strong>, Blablacar est\u00e1 presente en 22 pa\u00edses<\/strong> del <a rel=\"nofollow noopener\" target=\"_blank\" href=\"https:\/\/www.debate.com.mx\/seccion\/mundo\/\">mundo<\/a>: Francia, Espa\u00f1a, Italia, Reino Unido, Portugal, Polonia, Benelux (B\u00e9lgica, Pa\u00edses Bajos y Luxemburgo).<\/p>\n<p>As\u00ed como,\u00a0Alemania, Ucrania y Rusia, Turqu\u00eda, India, Hungr\u00eda, Ruman\u00eda, Croacia, Serbia, <a rel=\"nofollow noopener\" target=\"_blank\" href=\"http:\/\/https:\/\/www.debate.com.mx\">M\u00e9xico<\/a>, Brasil, Rep\u00fablica Checa y Eslovaquia.<\/p>\n<p>De esta forma, se convierte en la plataforma m\u00e1s grande para compartir autos a nivel social mundial.<\/p>\n<p>As\u00ed que ya lo sabes, en <strong>M\u00e9xico <\/strong>se encuentra esta aplicaci\u00f3n para que realices tus viajes de manera econ\u00f3mica.<\/p>\n<p>Seg\u00fan la p\u00e1gina, los viajes que m\u00e1s se piden en el pa\u00eds son <strong>CDMX hacia Guadalajara<\/strong>, Guadalajara -CDMX.<\/p>\n<p>Adem\u00e1s de CDMX hacia Puebla y viceversa; y desde la Ciudad de M\u00e9xico hasta Quer\u00e9taro.\u00a0<\/p>\n<p>Te recomendamos leer:<\/p>\n<p>Cabe recordar que no son los \u00fanicos viajes, ya que los puedes pedir desde cualquier estado de M\u00e9xico hacia otra entidad. O desde una ciudad a otra.<\/p>\n<div class=\"ck-video-player\"> <amp-iframe width=\"640\" height=\"360\" sandbox=\"allow-scripts allow-same-origin allow-presentation\" allowfullscreen=\"\" frameborder=\"0\" layout=\"responsive\" src=\"https:\/\/iframe.debate.com.mx\/ajax\/get_share_video.html?id=\/videos\/video-flash\/2022\/08\/31\/300284611_3444869969123730_8041080354776369234_n.mp4\" class=\"i-amphtml-layout-responsive i-amphtml-layout-size-defined\" i-amphtml-layout=\"responsive\"><i-amphtml-sizer style=\"display:block;padding-top:56.25%\"\/> <amp-img src=\"https:\/\/news.google.com\/img\/2022\/08\/31\/tuax_profeco.jpg\" layout=\"fill\" placeholder=\"\" class=\"i-amphtml-layout-fill i-amphtml-layout-size-defined\" i-amphtml-layout=\"fill\"\/> <\/amp-iframe><figcaption> Profeco te explica el cobro de TUA en la compra de un boleto de avi\u00f3n <\/figcaption><\/div>\n<\/div>\n\n<p><em> &#8221; Fuentes news.google.com &#8221; <\/em><\/p>\n","protected":false},"excerpt":{"rendered":"<p>El servicio de Blablacar ayuda a far de personas en el mundo a viajar de una manera econ\u00f3mica compartiendo un veh\u00edculo con alguien m\u00e1s, pero \u00bfD\u00f3nde se puede pedir? La compa\u00f1\u00eda que tiene m\u00e1s de 16 a\u00f1os se origin\u00f3 en Francia y aunque al principio s\u00f3lo funcionaba en ese pa\u00eds, ahora ya abarca casi todo [&hellip;]<\/p>\n","protected":false},"author":4,"featured_media":441482,"comment_status":"open","ping_status":"closed","sticky":false,"template":"","format":"standard","meta":{"om_disable_all_campaigns":false,"jnews-multi-image_gallery":[],"jnews_single_post":[],"jnews_primary_category":[],"jnews_social_meta":[],"footnotes":""},"categories":[39],"tags":[3934,58560,545],"class_list":["post-441481","post","type-post","status-publish","format-standard","has-post-thumbnail","hentry","category-viajes","tag-aplicaciones","tag-servicios-de-transporte","tag-viajes"],"_links":{"self":[{"href":"https:\/\/dimensionturistica.com\/es\/wp-json\/wp\/v2\/posts\/441481","targetHints":{"allow":["GET"]}}],"collection":[{"href":"https:\/\/dimensionturistica.com\/es\/wp-json\/wp\/v2\/posts"}],"about":[{"href":"https:\/\/dimensionturistica.com\/es\/wp-json\/wp\/v2\/types\/post"}],"author":[{"embeddable":true,"href":"https:\/\/dimensionturistica.com\/es\/wp-json\/wp\/v2\/users\/4"}],"replies":[{"embeddable":true,"href":"https:\/\/dimensionturistica.com\/es\/wp-json\/wp\/v2\/comments?post=441481"}],"version-history":[{"count":0,"href":"https:\/\/dimensionturistica.com\/es\/wp-json\/wp\/v2\/posts\/441481\/revisions"}],"wp:featuredmedia":[{"embeddable":true,"href":"https:\/\/dimensionturistica.com\/es\/wp-json\/wp\/v2\/media\/441482"}],"wp:attachment":[{"href":"https:\/\/dimensionturistica.com\/es\/wp-json\/wp\/v2\/media?parent=441481"}],"wp:term":[{"taxonomy":"category","embeddable":true,"href":"https:\/\/dimensionturistica.com\/es\/wp-json\/wp\/v2\/categories?post=441481"},{"taxonomy":"post_tag","embeddable":true,"href":"https:\/\/dimensionturistica.com\/es\/wp-json\/wp\/v2\/tags?post=441481"}],"curies":[{"name":"wp","href":"https:\/\/api.w.org\/{rel}","templated":true}]}}