{"id":441409,"date":"2022-12-10T17:30:18","date_gmt":"2022-12-10T17:30:18","guid":{"rendered":"https:\/\/dimensionturistica.com\/es\/?p=441409"},"modified":"2022-12-10T17:30:18","modified_gmt":"2022-12-10T17:30:18","slug":"fiesta-inn-ofrece-a-todo-el-publico-tradicionales-menus-navidenos-hasta-para-10-personas-para-celebrar-con-los-mejores-sabores-y-sin-preocuparse-por-los-preparativos-estas-fechas","status":"publish","type":"post","link":"https:\/\/dimensionturistica.com\/es\/fiesta-inn-ofrece-a-todo-el-publico-tradicionales-menus-navidenos-hasta-para-10-personas-para-celebrar-con-los-mejores-sabores-y-sin-preocuparse-por-los-preparativos-estas-fechas\/","title":{"rendered":"Fiesta Inn ofrece a todo el p\u00fablico tradicionales men\u00fas navide\u00f1os hasta para 10 personas, para celebrar con los mejores sabores y sin preocuparse por los preparativos estas fechas."},"content":{"rendered":"<p>Fiesta Inn, la cadena de hoteles m\u00e1s flexible que brinda las mejores experiencias integrando las distintas necesidades de los viajeros y con mayor cobertura en M\u00e9xico; con el fin de brindar siempre los mejores<img decoding=\"async\" class=\"size-medium wp-image-441417 alignright\" src=\"https:\/\/dimensionturistica.com\/es\/wp-content\/uploads\/2022\/12\/landscape_83842216-300x150.jpg\" alt=\"\" width=\"300\" height=\"150\" srcset=\"https:\/\/dimensionturistica.com\/es\/wp-content\/uploads\/2022\/12\/landscape_83842216-300x150.jpg 300w, https:\/\/dimensionturistica.com\/es\/wp-content\/uploads\/2022\/12\/landscape_83842216-1024x512.jpg 1024w, https:\/\/dimensionturistica.com\/es\/wp-content\/uploads\/2022\/12\/landscape_83842216-768x384.jpg 768w, https:\/\/dimensionturistica.com\/es\/wp-content\/uploads\/2022\/12\/landscape_83842216-1536x768.jpg 1536w, https:\/\/dimensionturistica.com\/es\/wp-content\/uploads\/2022\/12\/landscape_83842216-360x180.jpg 360w, https:\/\/dimensionturistica.com\/es\/wp-content\/uploads\/2022\/12\/landscape_83842216-750x375.jpg 750w, https:\/\/dimensionturistica.com\/es\/wp-content\/uploads\/2022\/12\/landscape_83842216-1140x570.jpg 1140w, https:\/\/dimensionturistica.com\/es\/wp-content\/uploads\/2022\/12\/landscape_83842216.jpg 1600w\" sizes=\"(max-width: 300px) 100vw, 300px\" \/> momentos a sus hu\u00e9spedes y al p\u00fablico en general, invita a celebrar las fiestas navide\u00f1as con un men\u00fa temporal de cenas para las celebraciones durante todo el mes de diciembre.<br \/>\nEn estas fiestas decembrinas, Fiesta Inn quiere compartir los sabores que llenan de esperanza y alimentan el esp\u00edritu navide\u00f1o. La marca, acompa\u00f1a a todas las familias para ofrecer cenas con opciones culinarias de primer nivel, pensadas para que cada una de las familias pasen m\u00e1s tiempo con sus seres queridos mientras disfrutan de los sabores c\u00e1lidos de esta temporada, entre diversi\u00f3n y convivencias, creando los mejores recuerdos de sus vidas.<br \/>\nLos platillos navide\u00f1os de Fiesta Inn se pueden solicitar por kilo, con un diverso men\u00fa de platillos tradicionales e indispensables como: bacalao a la vizca\u00edna, pierna en adobo, romeritos, pavo con relleno tradicional, entre muchos otros m\u00e1s.<br \/>\nCon opciones de ensalada, guarnici\u00f3n, plato fuerte y postres. Esta opci\u00f3n gastron\u00f3mica, se puede pedir en cualquiera de los Fiesta Inn participantes con al menos 8 d\u00edas de anticipaci\u00f3n y todas las cenas se recolectan en el hotel de tu conveniencia, disponible hasta el 31 de diciembre del 2022.<br \/>\n\u201cEn Fiesta Inn queremos darles el balance que necesitan para pasar m\u00e1s tiempo con la familia. Con<img decoding=\"async\" class=\"size-medium wp-image-441414 alignright\" src=\"https:\/\/dimensionturistica.com\/es\/wp-content\/uploads\/2022\/12\/fachada_xl-300x222.jpg\" alt=\"\" width=\"300\" height=\"222\" srcset=\"https:\/\/dimensionturistica.com\/es\/wp-content\/uploads\/2022\/12\/fachada_xl-300x222.jpg 300w, https:\/\/dimensionturistica.com\/es\/wp-content\/uploads\/2022\/12\/fachada_xl-1024x758.jpg 1024w, https:\/\/dimensionturistica.com\/es\/wp-content\/uploads\/2022\/12\/fachada_xl-768x568.jpg 768w, https:\/\/dimensionturistica.com\/es\/wp-content\/uploads\/2022\/12\/fachada_xl-750x555.jpg 750w, https:\/\/dimensionturistica.com\/es\/wp-content\/uploads\/2022\/12\/fachada_xl-1140x844.jpg 1140w, https:\/\/dimensionturistica.com\/es\/wp-content\/uploads\/2022\/12\/fachada_xl.jpg 1500w\" sizes=\"(max-width: 300px) 100vw, 300px\" \/> estas cenas buscamos llevar hasta la mesa de nuestros hu\u00e9spedes y clientes la calidad y calidez que ofrece Fiesta Inn con los sabores tan caracter\u00edsticos de la Navidad, queremos que en estas fechas no se preocupen m\u00e1s que por disfrutar de la cena familiar en compa\u00f1\u00eda de sus seres queridos.\u201d coment\u00f3 Benjamin Daumas, Subdirector de Fiesta Inn.<br \/>\nLos hoteles Fiesta Inn participantes son:<br \/>\n&#8211; Fiesta Inn Aeropuerto Ciudad de M\u00e9xico<br \/>\n&#8211; Fiesta Inn Canc\u00fan Las Am\u00e9ricas<br \/>\n&#8211; Fiesta Inn Celaya Galer\u00edas<br \/>\n&#8211; Fiesta Inn Centro Hist\u00f3rico Ciudad de M\u00e9xico<br \/>\n&#8211; Fiesta Inn Chetumal<br \/>\n&#8211; Fiesta Inn Ciudad Obreg\u00f3n<br \/>\n&#8211; Fiesta Inn Colima<br \/>\n&#8211; Fiesta Inn Cuautitl\u00e1n<br \/>\n&#8211; Fiesta Inn Cuernavaca<br \/>\n&#8211; Fiesta Inn Morelia Altozano<br \/>\n&#8211; Fiesta Inn Playa del Carmen<img decoding=\"async\" class=\"size-medium wp-image-441419 alignright\" src=\"https:\/\/dimensionturistica.com\/es\/wp-content\/uploads\/2022\/12\/th-29-300x138.jpeg\" alt=\"\" width=\"300\" height=\"138\" srcset=\"https:\/\/dimensionturistica.com\/es\/wp-content\/uploads\/2022\/12\/th-29-300x138.jpeg 300w, https:\/\/dimensionturistica.com\/es\/wp-content\/uploads\/2022\/12\/th-29.jpeg 474w\" sizes=\"(max-width: 300px) 100vw, 300px\" \/><br \/>\n&#8211; Fiesta Inn Plaza Central Aeropuerto<br \/>\n&#8211; Fiesta Inn Puebla FINSA<br \/>\n&#8211; Fiesta Inn Puebla Las \u00c1nimas<br \/>\n&#8211; Fiesta Inn Quer\u00e9taro Centro Sur<br \/>\n&#8211; Fiesta Inn San Luis Potos\u00ed Glorieta de Ju\u00e1rez<br \/>\n&#8211; Fiesta Inn San Luis Potos\u00ed Oriente<br \/>\n&#8211; Fiesta Inn Silao Puerto Interior<br \/>\n&#8211; Fiesta Inn Tijuana Otay Aeropuerto<br \/>\n&#8211; Fiesta Inn Tlalnepantla<br \/>\n&#8211; Fiesta Inn Tuxtla Fashion Mall<img decoding=\"async\" class=\"alignleft size-medium wp-image-441414\" src=\"https:\/\/dimensionturistica.com\/es\/wp-content\/uploads\/2022\/12\/fachada_xl-300x222.jpg\" alt=\"\" width=\"300\" height=\"222\" srcset=\"https:\/\/dimensionturistica.com\/es\/wp-content\/uploads\/2022\/12\/fachada_xl-300x222.jpg 300w, https:\/\/dimensionturistica.com\/es\/wp-content\/uploads\/2022\/12\/fachada_xl-1024x758.jpg 1024w, https:\/\/dimensionturistica.com\/es\/wp-content\/uploads\/2022\/12\/fachada_xl-768x568.jpg 768w, https:\/\/dimensionturistica.com\/es\/wp-content\/uploads\/2022\/12\/fachada_xl-750x555.jpg 750w, https:\/\/dimensionturistica.com\/es\/wp-content\/uploads\/2022\/12\/fachada_xl-1140x844.jpg 1140w, https:\/\/dimensionturistica.com\/es\/wp-content\/uploads\/2022\/12\/fachada_xl.jpg 1500w\" sizes=\"(max-width: 300px) 100vw, 300px\" \/><br \/>\n&#8211; Fiesta Inn Tuxtla Guti\u00e9rrez<br \/>\n&#8211; Fiesta Inn Veracruz Boca del R\u00edo<br \/>\n&#8211; Fiesta Inn Veracruz Malec\u00f3n<br \/>\n&#8211; Fiesta Inn Xalapa<br \/>\nEstos men\u00fas navide\u00f1os fueron dise\u00f1ados con el fin de celebrar un a\u00f1o m\u00e1s en familia con sabores que inspiran la alegr\u00eda, amor y buenos deseos, compartiendo en familia, amigos y seres queridos. Todos los pedidos se hacen directamente al hotel de tu preferencia, consulta los n\u00fameros telef\u00f3nicos en: fiestainn.com.<\/p>\n","protected":false},"excerpt":{"rendered":"<p>Fiesta Inn, la cadena de hoteles m\u00e1s flexible que brinda las mejores experiencias integrando las distintas necesidades de los viajeros y con mayor cobertura en M\u00e9xico; con el fin de brindar siempre los mejores momentos a sus hu\u00e9spedes y al p\u00fablico en general, invita a celebrar las fiestas navide\u00f1as con un men\u00fa temporal de cenas [&hellip;]<\/p>\n","protected":false},"author":1,"featured_media":441416,"comment_status":"open","ping_status":"closed","sticky":false,"template":"","format":"standard","meta":{"om_disable_all_campaigns":false,"jnews-multi-image_gallery":[],"jnews_single_post":{"source_name":"","source_url":"","via_name":"","via_url":"","override_template":"0","override":[{"template":"1","single_blog_custom":"","parallax":"1","fullscreen":"1","layout":"right-sidebar","sidebar":"default-sidebar","second_sidebar":"default-sidebar","sticky_sidebar":"1","share_position":"top","share_float_style":"share-monocrhome","show_share_counter":"1","show_view_counter":"1","show_featured":"1","show_post_meta":"1","show_post_author":"1","show_post_author_image":"1","show_post_date":"1","post_date_format":"default","post_date_format_custom":"Y\/m\/d","show_post_category":"1","show_post_reading_time":"0","post_reading_time_wpm":"300","show_zoom_button":"0","zoom_button_out_step":"2","zoom_button_in_step":"3","show_post_tag":"1","show_prev_next_post":"1","show_popup_post":"1","number_popup_post":"1","show_author_box":"0","show_post_related":"0","show_inline_post_related":"0"}],"override_image_size":"0","image_override":[{"single_post_thumbnail_size":"crop-500","single_post_gallery_size":"crop-500"}],"trending_post":"0","trending_post_position":"meta","trending_post_label":"Trending","sponsored_post":"0","sponsored_post_label":"Sponsored by","sponsored_post_name":"","sponsored_post_url":"","sponsored_post_logo_enable":"0","sponsored_post_logo":"","sponsored_post_desc":"","disable_ad":"0"},"jnews_primary_category":{"id":"","hide":""},"jnews_social_meta":{"fb_title":"","fb_description":"","fb_image":"","twitter_title":"","twitter_description":"","twitter_image":""},"footnotes":""},"categories":[43],"tags":[],"class_list":["post-441409","post","type-post","status-publish","format-standard","has-post-thumbnail","hentry","category-gourmet"],"_links":{"self":[{"href":"https:\/\/dimensionturistica.com\/es\/wp-json\/wp\/v2\/posts\/441409","targetHints":{"allow":["GET"]}}],"collection":[{"href":"https:\/\/dimensionturistica.com\/es\/wp-json\/wp\/v2\/posts"}],"about":[{"href":"https:\/\/dimensionturistica.com\/es\/wp-json\/wp\/v2\/types\/post"}],"author":[{"embeddable":true,"href":"https:\/\/dimensionturistica.com\/es\/wp-json\/wp\/v2\/users\/1"}],"replies":[{"embeddable":true,"href":"https:\/\/dimensionturistica.com\/es\/wp-json\/wp\/v2\/comments?post=441409"}],"version-history":[{"count":0,"href":"https:\/\/dimensionturistica.com\/es\/wp-json\/wp\/v2\/posts\/441409\/revisions"}],"wp:featuredmedia":[{"embeddable":true,"href":"https:\/\/dimensionturistica.com\/es\/wp-json\/wp\/v2\/media\/441416"}],"wp:attachment":[{"href":"https:\/\/dimensionturistica.com\/es\/wp-json\/wp\/v2\/media?parent=441409"}],"wp:term":[{"taxonomy":"category","embeddable":true,"href":"https:\/\/dimensionturistica.com\/es\/wp-json\/wp\/v2\/categories?post=441409"},{"taxonomy":"post_tag","embeddable":true,"href":"https:\/\/dimensionturistica.com\/es\/wp-json\/wp\/v2\/tags?post=441409"}],"curies":[{"name":"wp","href":"https:\/\/api.w.org\/{rel}","templated":true}]}}