{"id":441372,"date":"2022-12-10T15:44:15","date_gmt":"2022-12-10T15:44:15","guid":{"rendered":"https:\/\/dimensionturistica.com\/es\/?p=441372"},"modified":"2022-12-10T15:44:15","modified_gmt":"2022-12-10T15:44:15","slug":"air-france-recibe-el-angers-su-vigesimo-a350-900-y-asi-sigue-con-la-modernizacion-de-su-flota","status":"publish","type":"post","link":"https:\/\/dimensionturistica.com\/es\/air-france-recibe-el-angers-su-vigesimo-a350-900-y-asi-sigue-con-la-modernizacion-de-su-flota\/","title":{"rendered":"Air France recibe el Angers, su vig\u00e9simo A350-900 y as\u00ed sigue con\u00a0 la modernizaci\u00f3n de su flota"},"content":{"rendered":"<p>El Airbus A350 es la nueva joya de la flota de larga distancia de Air France. Con una reducci\u00f3n de las emisiones de CO2 de un 25% en comparaci\u00f3n con los aviones de la generaci\u00f3n anterior, es una poderosa forma de reducir la huella medioambiental de la aerol\u00ednea. Su huella ac\u00fastica tambi\u00e9n se ha reducido en un<img decoding=\"async\" class=\" wp-image-441368 alignright\" src=\"https:\/\/dimensionturistica.com\/es\/wp-content\/uploads\/2022\/12\/FRANDE-300x104.jpg\" alt=\"\" width=\"410\" height=\"142\" srcset=\"https:\/\/dimensionturistica.com\/es\/wp-content\/uploads\/2022\/12\/FRANDE-300x104.jpg 300w, https:\/\/dimensionturistica.com\/es\/wp-content\/uploads\/2022\/12\/FRANDE.jpg 600w\" sizes=\"(max-width: 410px) 100vw, 410px\" \/> 40%.<br \/>\nAir France sigue integrando en su flota aviones de \u00faltima generaci\u00f3n, con un mejor rendimiento econ\u00f3mico y medioambiental. La compa\u00f1\u00eda dio la bienvenida a su flota al vig\u00e9simo Airbus A350-900, con matr\u00edcula F-HTYT. El avi\u00f3n ha salido de la l\u00ednea de montaje de Airbus en Toulouse y ha completado su vuelo de transbordo a Par\u00eds- Charles de Gaulle, donde operar\u00e1 en las rutas de larga distancia de la aerol\u00ednea.<br \/>\nRealiz\u00f3 su primer vuelo comercial el 26 de noviembre de 2022, con destino a Lima (vuelo AF480). La parte delantera del fuselaje lleva el nombre de Anger, en homenaje a la ciudad francesa que fue sede de los reyes de Francia. Desde 2019 y la entrega de su primer Airbus A350, Air France ha recuperado la tradici\u00f3n de<img decoding=\"async\" class=\" wp-image-441367 alignleft\" src=\"https:\/\/dimensionturistica.com\/es\/wp-content\/uploads\/2022\/12\/FRAMCIA-300x120.jpg\" alt=\"\" width=\"470\" height=\"188\" srcset=\"https:\/\/dimensionturistica.com\/es\/wp-content\/uploads\/2022\/12\/FRAMCIA-300x120.jpg 300w, https:\/\/dimensionturistica.com\/es\/wp-content\/uploads\/2022\/12\/FRAMCIA.jpg 600w\" sizes=\"(max-width: 470px) 100vw, 470px\" \/> bautizar sus aviones con nombres de ciudades francesas. Antes de Angers, Air France bautiz\u00f3 sus anteriores 19 Airbus A350 con los nombres de Toulouse, Lyon, Saint-Denis de la R\u00e9union, Niza, Burdeos, Marsella, Reims, Dijon, Saint-Malo, Cannes, Aubusson, Pointe-\u00e1-Pitre, Fort-de-France, Chambord, Cayenne, Lille, Menton, Deauville y Biscarrosse. En total, la compa\u00f1\u00eda ha encargado 38 Airbus A350-900, cuyas entregas continuar\u00e1n a un ritmo constante hasta 2025. De aqu\u00ed a 2030, los aviones de \u00faltima generaci\u00f3n (Airbus A350, Boeing 787, Airbus A220) constituir\u00e1n el 70% de la flota de Air France -frente al 7% actual- gracias a un ambicioso plan de inversiones de mil millones de euros al a\u00f1o.<br \/>\nLa \u00faltima generaci\u00f3n de aviones ecol\u00f3gicos El Airbus A350-900 simboliza la transici\u00f3n hacia un transporte a\u00e9reo m\u00e1s sostenible. Consume un 25% menos de combustible (2,5 litros por pasajero cada 100 kil\u00f3metros) que un avi\u00f3n de pasajeros de tama\u00f1o equivalente y m\u00e1s antiguo, gracias al uso de materiales m\u00e1s ligeros: 53% de materiales compuestos y 14% de titanio. Su huella ac\u00fastica tambi\u00e9n se ha reducido en un 40%. Lo mejor de Air France a bordo del Airbus A350 El Airbus A350 dispone de 324 asientos, 34 en la cabina Business, 24 en la cabina Premium Economy y 266 en la cabina Economy. A bordo, los clientes disfrutan de:- Una cabina espaciosa en Business, Premium Economy y Economy,- Ventanas un 30% m\u00e1s grandes,- Un sistema de presi\u00f3n de aire optimizado, que proporciona una atm\u00f3sfera de cabina m\u00e1s confortable con aire renovado regularmente, &#8211; Una iluminaci\u00f3n adaptada a las diferentes fases del vuelo. Para estar conectados a bordo del Airbus A350, los clientes pueden acceder a Air France CONNECT, el\u201cservicio Wi-Fi a bordo.<br \/>\nLos 20 destinos para descubrir a bordo del Airbus A350 este invierno con salida desde Par\u00eds-Charles de Gaulle son: Atlanta, Chicago, Miami y Seattle (Estados Unidos), Montreal (Canad\u00e1\u00b4), Ciudad de M\u00e9xico (M\u00e9xico), San Jos\u00e9 (Costa Rica), Lima (Peru\u00b4), S\u00e3o Paulo (Brasil), Buenos Aires (Argentina), Santiago de Chile (Chile), Conakry (Guinea), Bamako (Mali), Brazzaville (Rep\u00fablica del Congo), Kinshasa (Rep\u00fablica Democr\u00e1tica del Congo), El Cairo (Egipto), Tel Aviv (Israel), Beirut (L\u00edbano), Delhi y Bangalore (India). M\u00e1s informaci\u00f3n sobre el A350: https:\/\/corporate.airfrance.com\/sites\/default\/files\/livret-a350_fr_4_web.pdf<\/p>\n","protected":false},"excerpt":{"rendered":"<p>El Airbus A350 es la nueva joya de la flota de larga distancia de Air France. Con una reducci\u00f3n de las emisiones de CO2 de un 25% en comparaci\u00f3n con los aviones de la generaci\u00f3n anterior, es una poderosa forma de reducir la huella medioambiental de la aerol\u00ednea. Su huella ac\u00fastica tambi\u00e9n se ha reducido [&hellip;]<\/p>\n","protected":false},"author":1,"featured_media":441366,"comment_status":"open","ping_status":"closed","sticky":false,"template":"","format":"standard","meta":{"om_disable_all_campaigns":false,"jnews-multi-image_gallery":[],"jnews_single_post":{"source_name":"","source_url":"","via_name":"","via_url":"","override_template":"0","override":[{"template":"1","single_blog_custom":"","parallax":"1","fullscreen":"1","layout":"right-sidebar","sidebar":"default-sidebar","second_sidebar":"default-sidebar","sticky_sidebar":"1","share_position":"top","share_float_style":"share-monocrhome","show_share_counter":"1","show_view_counter":"1","show_featured":"1","show_post_meta":"1","show_post_author":"1","show_post_author_image":"1","show_post_date":"1","post_date_format":"default","post_date_format_custom":"Y\/m\/d","show_post_category":"1","show_post_reading_time":"0","post_reading_time_wpm":"300","show_zoom_button":"0","zoom_button_out_step":"2","zoom_button_in_step":"3","show_post_tag":"1","show_prev_next_post":"1","show_popup_post":"1","number_popup_post":"1","show_author_box":"0","show_post_related":"0","show_inline_post_related":"0"}],"override_image_size":"0","image_override":[{"single_post_thumbnail_size":"crop-500","single_post_gallery_size":"crop-500"}],"trending_post":"0","trending_post_position":"meta","trending_post_label":"Trending","sponsored_post":"0","sponsored_post_label":"Sponsored by","sponsored_post_name":"","sponsored_post_url":"","sponsored_post_logo_enable":"0","sponsored_post_logo":"","sponsored_post_desc":"","disable_ad":"0"},"jnews_primary_category":{"id":"","hide":""},"jnews_social_meta":{"fb_title":"","fb_description":"","fb_image":"","twitter_title":"","twitter_description":"","twitter_image":""},"footnotes":""},"categories":[39],"tags":[],"class_list":["post-441372","post","type-post","status-publish","format-standard","has-post-thumbnail","hentry","category-viajes"],"_links":{"self":[{"href":"https:\/\/dimensionturistica.com\/es\/wp-json\/wp\/v2\/posts\/441372","targetHints":{"allow":["GET"]}}],"collection":[{"href":"https:\/\/dimensionturistica.com\/es\/wp-json\/wp\/v2\/posts"}],"about":[{"href":"https:\/\/dimensionturistica.com\/es\/wp-json\/wp\/v2\/types\/post"}],"author":[{"embeddable":true,"href":"https:\/\/dimensionturistica.com\/es\/wp-json\/wp\/v2\/users\/1"}],"replies":[{"embeddable":true,"href":"https:\/\/dimensionturistica.com\/es\/wp-json\/wp\/v2\/comments?post=441372"}],"version-history":[{"count":0,"href":"https:\/\/dimensionturistica.com\/es\/wp-json\/wp\/v2\/posts\/441372\/revisions"}],"wp:featuredmedia":[{"embeddable":true,"href":"https:\/\/dimensionturistica.com\/es\/wp-json\/wp\/v2\/media\/441366"}],"wp:attachment":[{"href":"https:\/\/dimensionturistica.com\/es\/wp-json\/wp\/v2\/media?parent=441372"}],"wp:term":[{"taxonomy":"category","embeddable":true,"href":"https:\/\/dimensionturistica.com\/es\/wp-json\/wp\/v2\/categories?post=441372"},{"taxonomy":"post_tag","embeddable":true,"href":"https:\/\/dimensionturistica.com\/es\/wp-json\/wp\/v2\/tags?post=441372"}],"curies":[{"name":"wp","href":"https:\/\/api.w.org\/{rel}","templated":true}]}}