{"id":441278,"date":"2022-12-10T09:23:17","date_gmt":"2022-12-10T09:23:17","guid":{"rendered":"https:\/\/dimensionturistica.com\/es\/?p=441278"},"modified":"2022-12-10T09:23:17","modified_gmt":"2022-12-10T09:23:17","slug":"la-guardia-civil-te-ensena-a-colocar-las-cadenas-para-la-nieve","status":"publish","type":"post","link":"https:\/\/dimensionturistica.com\/es\/la-guardia-civil-te-ensena-a-colocar-las-cadenas-para-la-nieve\/","title":{"rendered":"La Guardia Civil te ense\u00f1a a colocar las cadenas para la nieve"},"content":{"rendered":"<p> <br \/>\n<\/p>\n<div id=\"\">\n<p>La Guardia Civil te ense\u00f1a a colocar las cadenas de tu coche<strong> en 30 segundos<\/strong>. La Benem\u00e9rita ha publicado un v\u00eddeo tutorial publicado en su perfil oficial de Tiktok. <\/p>\n<p>Ante el aumento de incidencias en carreteras con nieve registradas estos d\u00edas, un agente de Tr\u00e1fico explica los pasos a seguir para poner correctamente las cadenas de nuestros veh\u00edculos. Se recomienda practicar antes en casa viendo esta publicaci\u00f3n: <a rel=\"nofollow noopener\" target=\"_blank\" href=\"https:\/\/vm.tiktok.com\/ZMFgrfNjQ\/\">https:\/\/vm.tiktok.com\/ZMFgrfNjQ\/<\/a><\/p>\n<p>La colocaci\u00f3n de las cadenas en los veh\u00edculos <strong>se convierte rn un problema <\/strong>para muchos usuarios que tienen que hacerlo por primera vez en una aut\u00e9ntica complicaci\u00f3n y son muchas las ocasiones en las que <strong>los agentes de la Guardia Civil <\/strong>tienen que ayudar a los conductores.<\/p>\n<p> A veces, son otros usuarios con m\u00e1s experiencia. De lo que se trata, si tenemos que viajar pese a la amenaza de nieve o nos sorprende una tormenta, que estemos preparados para realizar algo aparentemente sencillo pero que se puede convertir en un problema.<\/p>\n<aside style=\"max-width:615px;min-width:300px;width:100%;height:462px\" class=\"ad all sunmedia1 bg-placeholder \"\/>\n<p>En cualquier caso, se deben seguir siempre los consejos de la Guardia Civil y, si se pueden evitar los viajes, quedarse en  casa y posponer el viaje.<\/p>\n<\/div>\n\n<p><em> &#8221; Fuentes news.google.com &#8221; <\/em><\/p>\n","protected":false},"excerpt":{"rendered":"<p>La Guardia Civil te ense\u00f1a a colocar las cadenas de tu coche en 30 segundos. La Benem\u00e9rita ha publicado un v\u00eddeo tutorial publicado en su perfil oficial de Tiktok. Ante el aumento de incidencias en carreteras con nieve registradas estos d\u00edas, un agente de Tr\u00e1fico explica los pasos a seguir para poner correctamente las cadenas [&hellip;]<\/p>\n","protected":false},"author":4,"featured_media":441279,"comment_status":"open","ping_status":"closed","sticky":false,"template":"","format":"standard","meta":{"om_disable_all_campaigns":false,"jnews-multi-image_gallery":[],"jnews_single_post":[],"jnews_primary_category":[],"jnews_social_meta":[],"footnotes":""},"categories":[40],"tags":[20736,5713,7284,784],"class_list":["post-441278","post","type-post","status-publish","format-standard","has-post-thumbnail","hentry","category-industria","tag-guardia-civil","tag-invierno","tag-nieve","tag-trafico"],"_links":{"self":[{"href":"https:\/\/dimensionturistica.com\/es\/wp-json\/wp\/v2\/posts\/441278","targetHints":{"allow":["GET"]}}],"collection":[{"href":"https:\/\/dimensionturistica.com\/es\/wp-json\/wp\/v2\/posts"}],"about":[{"href":"https:\/\/dimensionturistica.com\/es\/wp-json\/wp\/v2\/types\/post"}],"author":[{"embeddable":true,"href":"https:\/\/dimensionturistica.com\/es\/wp-json\/wp\/v2\/users\/4"}],"replies":[{"embeddable":true,"href":"https:\/\/dimensionturistica.com\/es\/wp-json\/wp\/v2\/comments?post=441278"}],"version-history":[{"count":0,"href":"https:\/\/dimensionturistica.com\/es\/wp-json\/wp\/v2\/posts\/441278\/revisions"}],"wp:featuredmedia":[{"embeddable":true,"href":"https:\/\/dimensionturistica.com\/es\/wp-json\/wp\/v2\/media\/441279"}],"wp:attachment":[{"href":"https:\/\/dimensionturistica.com\/es\/wp-json\/wp\/v2\/media?parent=441278"}],"wp:term":[{"taxonomy":"category","embeddable":true,"href":"https:\/\/dimensionturistica.com\/es\/wp-json\/wp\/v2\/categories?post=441278"},{"taxonomy":"post_tag","embeddable":true,"href":"https:\/\/dimensionturistica.com\/es\/wp-json\/wp\/v2\/tags?post=441278"}],"curies":[{"name":"wp","href":"https:\/\/api.w.org\/{rel}","templated":true}]}}