{"id":441219,"date":"2022-12-10T04:33:46","date_gmt":"2022-12-10T04:33:46","guid":{"rendered":"https:\/\/dimensionturistica.com\/es\/?p=441219"},"modified":"2022-12-10T04:33:46","modified_gmt":"2022-12-10T04:33:46","slug":"dhl-express-es-reconocida-por-segundo-ano-consecutivo-entre-los-mejores-lugares-para-trabajar-lgbtq","status":"publish","type":"post","link":"https:\/\/dimensionturistica.com\/es\/dhl-express-es-reconocida-por-segundo-ano-consecutivo-entre-los-mejores-lugares-para-trabajar-lgbtq\/","title":{"rendered":"DHL Express es reconocida por segundo a\u00f1o consecutivo entre los Mejores Lugares para Trabajar LGBTQ+"},"content":{"rendered":"<p>Por segundo a\u00f1o consecutivo, DHL Express M\u00e9xico recibi\u00f3 el reconocimiento de la organizaci\u00f3n Human Rights Campaign (HRC) como uno de los \u201cMejores Lugares para Trabajar LGBTQ+ 2023\u201d, por su compromiso con la igualdad y adopci\u00f3n de pol\u00edticas vitales para fomentar la participaci\u00f3n e inclusi\u00f3n de personas de la comunidad l\u00e9sbico, gay, bisexual, transg\u00e9nero y queer (LGBTQ+) en su fuerza laboral.<img decoding=\"async\" class=\"size-medium wp-image-441221 alignright\" src=\"https:\/\/dimensionturistica.com\/es\/wp-content\/uploads\/2022\/12\/HRCDHL-300x225.jpeg\" alt=\"\" width=\"300\" height=\"225\" srcset=\"https:\/\/dimensionturistica.com\/es\/wp-content\/uploads\/2022\/12\/HRCDHL-300x225.jpeg 300w, https:\/\/dimensionturistica.com\/es\/wp-content\/uploads\/2022\/12\/HRCDHL-768x576.jpeg 768w, https:\/\/dimensionturistica.com\/es\/wp-content\/uploads\/2022\/12\/HRCDHL-750x562.jpeg 750w, https:\/\/dimensionturistica.com\/es\/wp-content\/uploads\/2022\/12\/HRCDHL.jpeg 999w\" sizes=\"(max-width: 300px) 100vw, 300px\" \/><br \/>\nAnualmente, la Fundaci\u00f3n HRC, en alianza con ADIL Diversidad e Inclusi\u00f3n Laboral, elabora el Programa Global de Equidad Laboral en M\u00e9xico: HRC Equidad MX, encuesta l\u00edder de evaluaci\u00f3n comparativa de pol\u00edticas y pr\u00e1cticas pertinentes a la inclusi\u00f3n e igualdad en las principales corporaciones y empresas de M\u00e9xico.<br \/>\nDHL Express cumpli\u00f3 con todos los criterios de las categor\u00edas que fueron requeridos para este a\u00f1o, alcanzando los 100 puntos establecidos por adoptar protecciones contra la discriminaci\u00f3n, tener un consejo de diversidad, contar con empleados LGBT+, implementar estrategias en capacitaci\u00f3n y entrenamiento y desarrollar actividades p\u00fablicas para apoyar la inclusi\u00f3n y diversidad, creando un ambiente de trabajo m\u00e1s incluyente para todos sus empleados.<br \/>\n\u201cLa diversidad y singularidad de nuestra gente es lo que hace grande a nuestra compa\u00f1\u00eda.<br \/>\nPor ello, estamos comprometidos a generar un entorno en el que todos nuestros colaboradores se sientan vistos, escuchados y seguros de ser ellos mismos, sea cual fuere su orientaci\u00f3n sexual o identidad de g\u00e9nero y que puedan lograr sus metas profesionales en un gran lugar de trabajo para todas y todos\u201d, mencion\u00f3 Antonio Arranz, CEO de DHL Express M\u00e9xico.<br \/>\nA trav\u00e9s de diversas campa\u00f1as de concientizaci\u00f3n sobre sesgos de g\u00e9nero y reconocimiento de logros, la compa\u00f1\u00eda fomenta el derecho a la igualdad de oportunidades entre hombres y mujeres. Desde 2008, DHL puso en marcha su red interna RainbowNet, que ofrece una plataforma para que los empleados de la comunidad LGBTQ+ compartan sus experiencias. La red tiene miembros en todo el mundo y est\u00e1 ah\u00ed para apoyar a los empleados en la que nadie tiene que explicar, justificar o esconder su identidad o su orientaci\u00f3n sexual.<br \/>\nLa organizaci\u00f3n HRC consider\u00f3 298 empresas mexicanas y multinacionales participantes, las cuales fueron<img decoding=\"async\" class=\"size-medium wp-image-441222 alignright\" src=\"https:\/\/dimensionturistica.com\/es\/wp-content\/uploads\/2022\/12\/DHLLGBTQ-300x300.jpg\" alt=\"\" width=\"300\" height=\"300\" srcset=\"https:\/\/dimensionturistica.com\/es\/wp-content\/uploads\/2022\/12\/DHLLGBTQ-300x300.jpg 300w, https:\/\/dimensionturistica.com\/es\/wp-content\/uploads\/2022\/12\/DHLLGBTQ-1024x1024.jpg 1024w, https:\/\/dimensionturistica.com\/es\/wp-content\/uploads\/2022\/12\/DHLLGBTQ-150x150.jpg 150w, https:\/\/dimensionturistica.com\/es\/wp-content\/uploads\/2022\/12\/DHLLGBTQ-768x768.jpg 768w, https:\/\/dimensionturistica.com\/es\/wp-content\/uploads\/2022\/12\/DHLLGBTQ-75x75.jpg 75w, https:\/\/dimensionturistica.com\/es\/wp-content\/uploads\/2022\/12\/DHLLGBTQ-350x350.jpg 350w, https:\/\/dimensionturistica.com\/es\/wp-content\/uploads\/2022\/12\/DHLLGBTQ-750x750.jpg 750w, https:\/\/dimensionturistica.com\/es\/wp-content\/uploads\/2022\/12\/DHLLGBTQ-1140x1140.jpg 1140w, https:\/\/dimensionturistica.com\/es\/wp-content\/uploads\/2022\/12\/DHLLGBTQ.jpg 1200w\" sizes=\"(max-width: 300px) 100vw, 300px\" \/> analizadas y revisadas con detalle para considerarlas en el \u00edndice corporativo HRC Equidad MX; finalmente, DHL Express se coloc\u00f3 entre las 252 l\u00edderes en obtener la calificaci\u00f3n del 100% para la certificaci\u00f3n de los \u201cMejores Lugares para Trabajar LGBTQ+ 2023\u201d.<br \/>\n\u201cCon este reconocimiento, queremos agradecer a todo nuestro equipo su compromiso con la tolerancia y la aceptaci\u00f3n de la diversidad que ha conseguido que todos los empleados se sientan c\u00f3modos e incluidos cada d\u00eda. Concebimos la diversidad de nuestro personal como una aut\u00e9ntica fortaleza que nos ha hecho crecer y que ha conseguido que la gente conf\u00ede en nosotros, por lo que continuaremos fomentando ambientes de trabajo inclusivos en cada una de nuestras filiales\u201d, concluy\u00f3 Antonio Arranz.<\/p>\n","protected":false},"excerpt":{"rendered":"<p>Por segundo a\u00f1o consecutivo, DHL Express M\u00e9xico recibi\u00f3 el reconocimiento de la organizaci\u00f3n Human Rights Campaign (HRC) como uno de los \u201cMejores Lugares para Trabajar LGBTQ+ 2023\u201d, por su compromiso con la igualdad y adopci\u00f3n de pol\u00edticas vitales para fomentar la participaci\u00f3n e inclusi\u00f3n de personas de la comunidad l\u00e9sbico, gay, bisexual, transg\u00e9nero y queer [&hellip;]<\/p>\n","protected":false},"author":1,"featured_media":441220,"comment_status":"open","ping_status":"closed","sticky":false,"template":"","format":"standard","meta":{"om_disable_all_campaigns":false,"jnews-multi-image_gallery":[],"jnews_single_post":{"source_name":"","source_url":"","via_name":"","via_url":"","override_template":"0","override":[{"template":"1","single_blog_custom":"","parallax":"1","fullscreen":"1","layout":"right-sidebar","sidebar":"default-sidebar","second_sidebar":"default-sidebar","sticky_sidebar":"1","share_position":"top","share_float_style":"share-monocrhome","show_share_counter":"1","show_view_counter":"1","show_featured":"1","show_post_meta":"1","show_post_author":"1","show_post_author_image":"1","show_post_date":"1","post_date_format":"default","post_date_format_custom":"Y\/m\/d","show_post_category":"1","show_post_reading_time":"0","post_reading_time_wpm":"300","show_zoom_button":"0","zoom_button_out_step":"2","zoom_button_in_step":"3","show_post_tag":"1","show_prev_next_post":"1","show_popup_post":"1","number_popup_post":"1","show_author_box":"0","show_post_related":"0","show_inline_post_related":"0"}],"override_image_size":"0","image_override":[{"single_post_thumbnail_size":"crop-500","single_post_gallery_size":"crop-500"}],"trending_post":"0","trending_post_position":"meta","trending_post_label":"Trending","sponsored_post":"0","sponsored_post_label":"Sponsored by","sponsored_post_name":"","sponsored_post_url":"","sponsored_post_logo_enable":"0","sponsored_post_logo":"","sponsored_post_desc":"","disable_ad":"0"},"jnews_primary_category":{"id":"","hide":""},"jnews_social_meta":{"fb_title":"","fb_description":"","fb_image":"","twitter_title":"","twitter_description":"","twitter_image":""},"footnotes":""},"categories":[40],"tags":[],"class_list":["post-441219","post","type-post","status-publish","format-standard","has-post-thumbnail","hentry","category-industria"],"_links":{"self":[{"href":"https:\/\/dimensionturistica.com\/es\/wp-json\/wp\/v2\/posts\/441219","targetHints":{"allow":["GET"]}}],"collection":[{"href":"https:\/\/dimensionturistica.com\/es\/wp-json\/wp\/v2\/posts"}],"about":[{"href":"https:\/\/dimensionturistica.com\/es\/wp-json\/wp\/v2\/types\/post"}],"author":[{"embeddable":true,"href":"https:\/\/dimensionturistica.com\/es\/wp-json\/wp\/v2\/users\/1"}],"replies":[{"embeddable":true,"href":"https:\/\/dimensionturistica.com\/es\/wp-json\/wp\/v2\/comments?post=441219"}],"version-history":[{"count":0,"href":"https:\/\/dimensionturistica.com\/es\/wp-json\/wp\/v2\/posts\/441219\/revisions"}],"wp:featuredmedia":[{"embeddable":true,"href":"https:\/\/dimensionturistica.com\/es\/wp-json\/wp\/v2\/media\/441220"}],"wp:attachment":[{"href":"https:\/\/dimensionturistica.com\/es\/wp-json\/wp\/v2\/media?parent=441219"}],"wp:term":[{"taxonomy":"category","embeddable":true,"href":"https:\/\/dimensionturistica.com\/es\/wp-json\/wp\/v2\/categories?post=441219"},{"taxonomy":"post_tag","embeddable":true,"href":"https:\/\/dimensionturistica.com\/es\/wp-json\/wp\/v2\/tags?post=441219"}],"curies":[{"name":"wp","href":"https:\/\/api.w.org\/{rel}","templated":true}]}}