{"id":441117,"date":"2022-12-10T03:00:06","date_gmt":"2022-12-10T03:00:06","guid":{"rendered":"https:\/\/dimensionturistica.com\/es\/?p=441117"},"modified":"2022-12-10T03:00:06","modified_gmt":"2022-12-10T03:00:06","slug":"mani-y-sisal-cumplen-dos-anos-en-yucatan-de-ser-pueblos-magicos","status":"publish","type":"post","link":"https:\/\/dimensionturistica.com\/es\/mani-y-sisal-cumplen-dos-anos-en-yucatan-de-ser-pueblos-magicos\/","title":{"rendered":"Mani y Sisal cumplen dos a\u00f1os en Yucat\u00e1n de ser Pueblos M\u00e1gicos"},"content":{"rendered":"<p>En este mes de diciembre, se cumplen dos a\u00f1os desde que Man\u00ed y Sisal en Yucat\u00e1n, fueron declarados como \u201cPueblos M\u00e1gicos\u201d por la Secretar\u00eda de Turismo Federal (Sectur), sum\u00e1ndose a Valladolid e Izamal, poblaciones que han destacado por su biodiversidad, cultura, paisajes naturales, vestigios mayas; as\u00ed como<img decoding=\"async\" class=\"size-medium wp-image-441124 alignright\" src=\"https:\/\/dimensionturistica.com\/es\/wp-content\/uploads\/2022\/12\/unnamed-13-300x200.jpg\" alt=\"\" width=\"300\" height=\"200\" srcset=\"https:\/\/dimensionturistica.com\/es\/wp-content\/uploads\/2022\/12\/unnamed-13-300x200.jpg 300w, https:\/\/dimensionturistica.com\/es\/wp-content\/uploads\/2022\/12\/unnamed-13-768x512.jpg 768w, https:\/\/dimensionturistica.com\/es\/wp-content\/uploads\/2022\/12\/unnamed-13-750x500.jpg 750w, https:\/\/dimensionturistica.com\/es\/wp-content\/uploads\/2022\/12\/unnamed-13.jpg 1024w\" sizes=\"(max-width: 300px) 100vw, 300px\" \/> por sus historias y eventos sobresalientes que se han suscitado en el lugar. Adicional a ello, en estos sitios, sus habitantes han demostrado ser ejemplo de c\u00f3mo, a trav\u00e9s de estrategias inclusivas y sustentables, es posible beneficiar a sus comunidades.<br \/>\nEn cuanto a Man\u00ed, cabe mencionar que, tambi\u00e9n forma parte de los Best Tourism Village de la Organizaci\u00f3n Mundial del Turismo (OMT), gracias a sus buenas pr\u00e1cticas en materia de preservaci\u00f3n y sostenibilidad tur\u00edstica. Este para\u00edso Maya, es una tierra asombrosa en donde cada rinc\u00f3n nos remonta al pasado; ah\u00ed, de acuerdo con su nombre en lengua maya: Manik, significa \u201cLugar donde todo pas\u00f3\u201d, y aunque no existen datos exactos del momento en que los Mayas se instalaron en aquella zona, se sabe, gracias a la evidencia arqueol\u00f3gica, que pudieron haberse establecido ah\u00ed entre los a\u00f1os 1000 y 400 A.C.<br \/>\nAl ser uno de los pueblos m\u00e1s antiguos de la Pen\u00ednsula, caminar por sus calles es encontrarse con una comunidad que vive a trav\u00e9s de su lengua materna, mientras portan con orgullo los textiles llenos de color y dise\u00f1o que les dan identidad; vivir las tradiciones m\u00e1s arraigadas del mundo maya, en donde las mujeres, hombres y ni\u00f1os conviven bajo la sombra de un solar maya y alrededor del fog\u00f3n de sus cocinas abiertas.<br \/>\nAl estar en Man\u00ed debes visitar el Convento de San Miguel Arc\u00e1ngel, uno de los m\u00e1s antiguos de la pen\u00ednsula,<img decoding=\"async\" class=\"size-medium wp-image-441128 alignright\" src=\"https:\/\/dimensionturistica.com\/es\/wp-content\/uploads\/2022\/12\/unnamed-1-6-300x200.jpg\" alt=\"\" width=\"300\" height=\"200\" srcset=\"https:\/\/dimensionturistica.com\/es\/wp-content\/uploads\/2022\/12\/unnamed-1-6-300x200.jpg 300w, https:\/\/dimensionturistica.com\/es\/wp-content\/uploads\/2022\/12\/unnamed-1-6-1024x683.jpg 1024w, https:\/\/dimensionturistica.com\/es\/wp-content\/uploads\/2022\/12\/unnamed-1-6-768x512.jpg 768w, https:\/\/dimensionturistica.com\/es\/wp-content\/uploads\/2022\/12\/unnamed-1-6-1536x1024.jpg 1536w, https:\/\/dimensionturistica.com\/es\/wp-content\/uploads\/2022\/12\/unnamed-1-6-750x500.jpg 750w, https:\/\/dimensionturistica.com\/es\/wp-content\/uploads\/2022\/12\/unnamed-1-6-1140x760.jpg 1140w, https:\/\/dimensionturistica.com\/es\/wp-content\/uploads\/2022\/12\/unnamed-1-6.jpg 1920w\" sizes=\"(max-width: 300px) 100vw, 300px\" \/> edificado en 1549, o bien sus 30 meliponarios donde se preserva a la abeja melipona, actividad que se ha realizado por cientos de a\u00f1os que forma parte de la cultura y tradiciones locales; de paso no te olvides de conocer el Cenote Xcabachen, un espacio lleno de misticismo maya, considerado como la puerta al Xibalb\u00e1 (inframundo). De igual forma, no puedes perderte de sus talleres artesanales de bordado, en donde se pr\u00e1ctica el punto de cruz, as\u00ed como la t\u00e9cnica de X\u2019manikt\u00e9 considerada como la de mayor antig\u00fcedad en la regi\u00f3n, que hoy por hoy es una de las grandes aportaciones art\u00edsticas del mundo maya. <img decoding=\"async\" class=\"size-medium wp-image-441127 alignright\" src=\"https:\/\/dimensionturistica.com\/es\/wp-content\/uploads\/2022\/12\/unnamed-2-4-300x200.jpg\" alt=\"\" width=\"300\" height=\"200\" srcset=\"https:\/\/dimensionturistica.com\/es\/wp-content\/uploads\/2022\/12\/unnamed-2-4-300x200.jpg 300w, https:\/\/dimensionturistica.com\/es\/wp-content\/uploads\/2022\/12\/unnamed-2-4-1024x683.jpg 1024w, https:\/\/dimensionturistica.com\/es\/wp-content\/uploads\/2022\/12\/unnamed-2-4-768x512.jpg 768w, https:\/\/dimensionturistica.com\/es\/wp-content\/uploads\/2022\/12\/unnamed-2-4-750x500.jpg 750w, https:\/\/dimensionturistica.com\/es\/wp-content\/uploads\/2022\/12\/unnamed-2-4.jpg 1138w\" sizes=\"(max-width: 300px) 100vw, 300px\" \/>Por \u00faltimo, disfruta de su exquisita gastronom\u00eda local, deleitando tu paladar con un delicioso poc chuc, cuyo ingrediente principal es la carne de cerdo marinada en jugo de naranja agria, con el sabor ahumado que proporciona el carb\u00f3n durante su cocci\u00f3n, acompa\u00f1ado de salsa de tomate, cebolla morada asada, salsa de chile habanero, r\u00e1bano en rodajas, cilantro y tortillas de ma\u00edz hechas a mano; este platillo har\u00e1 de tu experiencia algo inolvidable.<br \/>\nPor su parte, en Sisal podr\u00e1s deleitarte con su ambiente repleto de paz, mientras paseas en lancha por sus manglares, observas aves mientras disfrutas de interesantes historias y leyendas en boca de sus pobladores. Este fue un puerto comercial en la \u00e9poca colonial, que durante su temporada de gran auge, funcion\u00f3 como entrada principal para el desembarque de buques procedentes de La Habana; sin embargo, con la apertura de Puerto Progreso, Sisal pasar\u00eda a ser s\u00f3lo un punto para la pesca, en donde su tranquilidad se ha convertido en uno de los grandes atractivos para los turistas.<br \/>\nUna de sus grandes an\u00e9cdotas se encuentra en la llegada de la emperatriz Carlota a bordo del \u201cvapor<img decoding=\"async\" class=\"size-medium wp-image-441126 alignright\" src=\"https:\/\/dimensionturistica.com\/es\/wp-content\/uploads\/2022\/12\/unnamed-3-3-300x225.jpg\" alt=\"\" width=\"300\" height=\"225\" srcset=\"https:\/\/dimensionturistica.com\/es\/wp-content\/uploads\/2022\/12\/unnamed-3-3-300x225.jpg 300w, https:\/\/dimensionturistica.com\/es\/wp-content\/uploads\/2022\/12\/unnamed-3-3-1024x768.jpg 1024w, https:\/\/dimensionturistica.com\/es\/wp-content\/uploads\/2022\/12\/unnamed-3-3-768x576.jpg 768w, https:\/\/dimensionturistica.com\/es\/wp-content\/uploads\/2022\/12\/unnamed-3-3-1536x1152.jpg 1536w, https:\/\/dimensionturistica.com\/es\/wp-content\/uploads\/2022\/12\/unnamed-3-3-2048x1536.jpg 2048w, https:\/\/dimensionturistica.com\/es\/wp-content\/uploads\/2022\/12\/unnamed-3-3-750x563.jpg 750w, https:\/\/dimensionturistica.com\/es\/wp-content\/uploads\/2022\/12\/unnamed-3-3-1140x855.jpg 1140w\" sizes=\"(max-width: 300px) 100vw, 300px\" \/> Tabasco\u201d, que desembarc\u00f3 un 22 de noviembre de 1865, un hecho hist\u00f3rico, pues ser\u00eda la primera vez que pisar\u00eda suelo mexicano. \u201cCaminamos sobre un tapete de conchas blancas hasta la casa prevista para descansar\u2026\u201d; as\u00ed quedar\u00eda documentado en las memorias de Carlota en su camino a la hacienda de Hunucm\u00e1, la cual a\u00fan es posible admirar, destacando su construcci\u00f3n del siglo XIX, y que es una de las muchas muestras vivientes del auge del henequ\u00e9n en Yucat\u00e1n.<br \/>\nSin duda, quienes visiten Sisal, vivir\u00e1n cada d\u00eda un encuentro con la naturaleza. En la Reserva Estatal El Palmar, sus humedales son h\u00e1bitat de una colonia considerable del flamenco rosa y para conocer la silenciosa vida subacu\u00e1tica es preciso sumergirse en lo m\u00e1s hondo de las aguas que los manglares protegen. Llegar a este paraje implica una traves\u00eda en kayak por canales que conducen a la diversidad de fauna que lo conforman.<img decoding=\"async\" class=\"size-medium wp-image-441127 alignright\" src=\"https:\/\/dimensionturistica.com\/es\/wp-content\/uploads\/2022\/12\/unnamed-2-4-300x200.jpg\" alt=\"\" width=\"300\" height=\"200\" srcset=\"https:\/\/dimensionturistica.com\/es\/wp-content\/uploads\/2022\/12\/unnamed-2-4-300x200.jpg 300w, https:\/\/dimensionturistica.com\/es\/wp-content\/uploads\/2022\/12\/unnamed-2-4-1024x683.jpg 1024w, https:\/\/dimensionturistica.com\/es\/wp-content\/uploads\/2022\/12\/unnamed-2-4-768x512.jpg 768w, https:\/\/dimensionturistica.com\/es\/wp-content\/uploads\/2022\/12\/unnamed-2-4-750x500.jpg 750w, https:\/\/dimensionturistica.com\/es\/wp-content\/uploads\/2022\/12\/unnamed-2-4.jpg 1138w\" sizes=\"(max-width: 300px) 100vw, 300px\" \/><br \/>\nYucat\u00e1n ha logrado posicionarse como el destino de moda este 2022, no solo por ser una de las entidades m\u00e1s seguras del pa\u00eds, sino, gracias a su vasta oferta tur\u00edstica, que incluye Pueblos M\u00e1gicos, reservas naturales, extraordinarias playas, zonas arqueol\u00f3gicas y una ciudad cosmopolita, capital cultural y gastron\u00f3mica del Sureste de M\u00e9xico; recientemente reconocida como una de las 5 Mejores grandes ciudades del mundo para viajar por la revista Cond\u00e9 Nast Traveler. Estas vacaciones no lo pienses m\u00e1s y ap\u00f3yate del planificador de yucatan.travel y organiza t\u00fa tiempo para unas vacaciones inolvidables.<\/p>\n","protected":false},"excerpt":{"rendered":"<p>En este mes de diciembre, se cumplen dos a\u00f1os desde que Man\u00ed y Sisal en Yucat\u00e1n, fueron declarados como \u201cPueblos M\u00e1gicos\u201d por la Secretar\u00eda de Turismo Federal (Sectur), sum\u00e1ndose a Valladolid e Izamal, poblaciones que han destacado por su biodiversidad, cultura, paisajes naturales, vestigios mayas; as\u00ed como por sus historias y eventos sobresalientes que se [&hellip;]<\/p>\n","protected":false},"author":1,"featured_media":441125,"comment_status":"open","ping_status":"closed","sticky":false,"template":"","format":"standard","meta":{"om_disable_all_campaigns":false,"jnews-multi-image_gallery":[],"jnews_single_post":{"source_name":"","source_url":"","via_name":"","via_url":"","override_template":"0","override":[{"template":"1","single_blog_custom":"","parallax":"1","fullscreen":"1","layout":"right-sidebar","sidebar":"default-sidebar","second_sidebar":"default-sidebar","sticky_sidebar":"1","share_position":"top","share_float_style":"share-monocrhome","show_share_counter":"1","show_view_counter":"1","show_featured":"1","show_post_meta":"1","show_post_author":"1","show_post_author_image":"1","show_post_date":"1","post_date_format":"default","post_date_format_custom":"Y\/m\/d","show_post_category":"1","show_post_reading_time":"0","post_reading_time_wpm":"300","show_zoom_button":"0","zoom_button_out_step":"2","zoom_button_in_step":"3","show_post_tag":"1","show_prev_next_post":"1","show_popup_post":"1","number_popup_post":"1","show_author_box":"0","show_post_related":"0","show_inline_post_related":"0"}],"override_image_size":"0","image_override":[{"single_post_thumbnail_size":"crop-500","single_post_gallery_size":"crop-500"}],"trending_post":"0","trending_post_position":"meta","trending_post_label":"Trending","sponsored_post":"0","sponsored_post_label":"Sponsored by","sponsored_post_name":"","sponsored_post_url":"","sponsored_post_logo_enable":"0","sponsored_post_logo":"","sponsored_post_desc":"","disable_ad":"0"},"jnews_primary_category":{"id":"","hide":""},"jnews_social_meta":{"fb_title":"","fb_description":"","fb_image":"","twitter_title":"","twitter_description":"","twitter_image":""},"footnotes":""},"categories":[39],"tags":[],"class_list":["post-441117","post","type-post","status-publish","format-standard","has-post-thumbnail","hentry","category-viajes"],"_links":{"self":[{"href":"https:\/\/dimensionturistica.com\/es\/wp-json\/wp\/v2\/posts\/441117","targetHints":{"allow":["GET"]}}],"collection":[{"href":"https:\/\/dimensionturistica.com\/es\/wp-json\/wp\/v2\/posts"}],"about":[{"href":"https:\/\/dimensionturistica.com\/es\/wp-json\/wp\/v2\/types\/post"}],"author":[{"embeddable":true,"href":"https:\/\/dimensionturistica.com\/es\/wp-json\/wp\/v2\/users\/1"}],"replies":[{"embeddable":true,"href":"https:\/\/dimensionturistica.com\/es\/wp-json\/wp\/v2\/comments?post=441117"}],"version-history":[{"count":0,"href":"https:\/\/dimensionturistica.com\/es\/wp-json\/wp\/v2\/posts\/441117\/revisions"}],"wp:featuredmedia":[{"embeddable":true,"href":"https:\/\/dimensionturistica.com\/es\/wp-json\/wp\/v2\/media\/441125"}],"wp:attachment":[{"href":"https:\/\/dimensionturistica.com\/es\/wp-json\/wp\/v2\/media?parent=441117"}],"wp:term":[{"taxonomy":"category","embeddable":true,"href":"https:\/\/dimensionturistica.com\/es\/wp-json\/wp\/v2\/categories?post=441117"},{"taxonomy":"post_tag","embeddable":true,"href":"https:\/\/dimensionturistica.com\/es\/wp-json\/wp\/v2\/tags?post=441117"}],"curies":[{"name":"wp","href":"https:\/\/api.w.org\/{rel}","templated":true}]}}