{"id":441094,"date":"2022-12-10T02:13:59","date_gmt":"2022-12-10T02:13:59","guid":{"rendered":"https:\/\/dimensionturistica.com\/es\/?p=441094"},"modified":"2022-12-10T02:13:59","modified_gmt":"2022-12-10T02:13:59","slug":"sectur-y-gma-trabajan-en-la-profesionalizacion-del-sector-turismo-para-impulsar-la-competitividad","status":"publish","type":"post","link":"https:\/\/dimensionturistica.com\/es\/sectur-y-gma-trabajan-en-la-profesionalizacion-del-sector-turismo-para-impulsar-la-competitividad\/","title":{"rendered":"Sectur y GMA trabajan en la profesionalizaci\u00f3n del sector turismo para impulsar la competitividad"},"content":{"rendered":"<p>El secretario de Turismo del Gobierno de M\u00e9xico, Miguel Torruco Marqu\u00e9s, destac\u00f3 el trabajo coordinado que realiza la dependencia a su cargo con el Grupo Mexicano de Asociaciones de Agencias de Viajes y Empresas Tur\u00edsticas (GMA), presidido por Judith Guerra Aguijosa, para impulsar la profesionalizaci\u00f3n de quienes<img decoding=\"async\" class=\"size-medium wp-image-441083 alignright\" src=\"https:\/\/dimensionturistica.com\/es\/wp-content\/uploads\/2022\/12\/EVENTOFINDEANO-GMA08-300x203.jpg\" alt=\"\" width=\"300\" height=\"203\" srcset=\"https:\/\/dimensionturistica.com\/es\/wp-content\/uploads\/2022\/12\/EVENTOFINDEANO-GMA08-300x203.jpg 300w, https:\/\/dimensionturistica.com\/es\/wp-content\/uploads\/2022\/12\/EVENTOFINDEANO-GMA08.jpg 600w\" sizes=\"(max-width: 300px) 100vw, 300px\" \/> integran la cadena de valor del sector tur\u00edstico.<br \/>\nAl participar de forma virtual en el evento de fin de a\u00f1o de GMA, el titular de la Secretar\u00eda de Turismo (Sectur) reconoci\u00f3 que este organismo es la c\u00fapula de todas las asociaciones de agencias de viajes, y precis\u00f3 que por ello, estamos orgullosos de trabajar en equipo en diversas actividades, como es la coordinaci\u00f3n de los Hosted Buyers que asistir\u00e1n a la 47 edici\u00f3n del Tianguis Tur\u00edstico, que se llevar\u00e1 a cabo del 26 al 29 de marzo del 2023.<br \/>\nEnfatiz\u00f3 que \u201cpor primera vez, el evento m\u00e1s importante del sector turismo se celebrar\u00e1 en la Ciudad de M\u00e9xico, que les aseguro romper\u00e1 todas las marcas de las 46 ediciones anteriores. Estamos trabajando unidos por el bien com\u00fan y por la profesionalizaci\u00f3n de los agentes de viajes\u201d.<br \/>\nEl secretario de Turismo reconoci\u00f3 a todos los presidentes de las asociaciones que conforman GMA, prestigiada organizaci\u00f3n integrada por hoteleros, transportadores tur\u00edsticos, agencias de viajes, entre otros prestadores de servicios que forman parte de esta importante industria, por el importante papel que<img decoding=\"async\" class=\"size-medium wp-image-441081 alignright\" src=\"https:\/\/dimensionturistica.com\/es\/wp-content\/uploads\/2022\/12\/EVENTOFINDEANO-GMA03-300x174.jpg\" alt=\"\" width=\"300\" height=\"174\" srcset=\"https:\/\/dimensionturistica.com\/es\/wp-content\/uploads\/2022\/12\/EVENTOFINDEANO-GMA03-300x174.jpg 300w, https:\/\/dimensionturistica.com\/es\/wp-content\/uploads\/2022\/12\/EVENTOFINDEANO-GMA03.jpg 600w\" sizes=\"(max-width: 300px) 100vw, 300px\" \/> desempe\u00f1aron, para que despu\u00e9s de dos a\u00f1os muy cr\u00edticos en los que la industria del turismo se vio sumamente afectada, finalmente haya salido fortalecida.<br \/>\nIndic\u00f3 que desde Sectur, se trabaja en el desarrollo de m\u00e1s infraestructura y nuevos productos que respondan a las expectativas de un turista cada vez m\u00e1s informado, para que, en conjunto con el sector privado, se mantenga este ritmo de crecimiento.<br \/>\nAnte los presidentes de las principales asociaciones de turismo del pa\u00eds que integran GMA, directivos y representantes de empresas del ramo, Torruco Marqu\u00e9s puntualiz\u00f3 que, debido a la pandemia, lleg\u00f3 a M\u00e9xico un nuevo segmento de turistas que no acostumbraba venir a nuestro pa\u00eds a pesar de los esfuerzos realizados a lo largo de muchas d\u00e9cadas.<br \/>\n\u201cEste segmento encontr\u00f3 en nuestro bello pa\u00eds excelentes desarrollos, servicios, gastronom\u00eda, artesan\u00edas,<img decoding=\"async\" class=\"size-medium wp-image-441084 alignright\" src=\"https:\/\/dimensionturistica.com\/es\/wp-content\/uploads\/2022\/12\/EVENTOFINDEANO-GMA09-300x200.jpg\" alt=\"\" width=\"300\" height=\"200\" srcset=\"https:\/\/dimensionturistica.com\/es\/wp-content\/uploads\/2022\/12\/EVENTOFINDEANO-GMA09-300x200.jpg 300w, https:\/\/dimensionturistica.com\/es\/wp-content\/uploads\/2022\/12\/EVENTOFINDEANO-GMA09.jpg 600w\" sizes=\"(max-width: 300px) 100vw, 300px\" \/> cultura, tradici\u00f3n y protocolos biosanitarios que fueron ejemplo a nivel internacional gracias al esfuerzo del sector p\u00fablico y del sector privado\u201d, declar\u00f3.<br \/>\nEl titular de Sectur resalt\u00f3 tambi\u00e9n el en\u00e9rgico llamado que se hizo en conjunto con Profeco y GMA para que la sociedad no vuelva a ser timada por seudo agentes de viajes, quienes se publicitan en diversas plataformas afectando y sobre todo frustrando a los consumidores.<br \/>\n\u201cTrabajaremos en equipo hoy m\u00e1s que nunca para que les marquemos un alto a todos aquellos defraudadores que no encontrar\u00e1n cabida en el Registro Nacional de Turismo que emite la Secretar\u00eda de Turismo\u201d, apunt\u00f3.<br \/>\nDurante su intervenci\u00f3n, el subsecretario de Turismo, Humberto Hern\u00e1ndez Haddad, subray\u00f3 que el turismo es una industria que requiere conocimientos multidisciplinarios en todos los campos.<br \/>\n\u201cPor esta raz\u00f3n, profesionalizar para impulsar la competitividad tur\u00edstica, creando en M\u00e9xico el nuevo<img decoding=\"async\" class=\"size-medium wp-image-441085 alignright\" src=\"https:\/\/dimensionturistica.com\/es\/wp-content\/uploads\/2022\/12\/EVENTOFINDEANO-GMA010-300x200.jpg\" alt=\"\" width=\"300\" height=\"200\" srcset=\"https:\/\/dimensionturistica.com\/es\/wp-content\/uploads\/2022\/12\/EVENTOFINDEANO-GMA010-300x200.jpg 300w, https:\/\/dimensionturistica.com\/es\/wp-content\/uploads\/2022\/12\/EVENTOFINDEANO-GMA010.jpg 600w\" sizes=\"(max-width: 300px) 100vw, 300px\" \/> par\u00e1metro de calidad en el turismo es nuestra meta. M\u00e9xico ya es una potencia tur\u00edstica de calibre mundial y debe ganar cada d\u00eda mejores lugares en el ranking mundial del turismo\u201d, agreg\u00f3 Hern\u00e1ndez Haddad.<br \/>\nPor su parte, la presidenta de GMA, Judith Guerra Aguijosa, afirm\u00f3 que la uni\u00f3n entre el \u00e1mbito p\u00fablico y el privado es vital para el buen funcionamiento de cualquier sector. \u201cNuestro principal objetivo en GMA es el fortalecimiento del sector privado y su representatividad en el sector p\u00fablico. De cara al futuro, nuestros asociados tienen como objetivo trabajar en la innovaci\u00f3n, la transformaci\u00f3n digital del sector y en la profesionalizaci\u00f3n de nuestros asociados\u201d, subray\u00f3.<\/p>\n","protected":false},"excerpt":{"rendered":"<p>El secretario de Turismo del Gobierno de M\u00e9xico, Miguel Torruco Marqu\u00e9s, destac\u00f3 el trabajo coordinado que realiza la dependencia a su cargo con el Grupo Mexicano de Asociaciones de Agencias de Viajes y Empresas Tur\u00edsticas (GMA), presidido por Judith Guerra Aguijosa, para impulsar la profesionalizaci\u00f3n de quienes integran la cadena de valor del sector tur\u00edstico. [&hellip;]<\/p>\n","protected":false},"author":1,"featured_media":441086,"comment_status":"open","ping_status":"closed","sticky":false,"template":"","format":"standard","meta":{"om_disable_all_campaigns":false,"jnews-multi-image_gallery":[],"jnews_single_post":{"source_name":"","source_url":"","via_name":"","via_url":"","override_template":"0","override":[{"template":"1","single_blog_custom":"","parallax":"1","fullscreen":"1","layout":"right-sidebar","sidebar":"default-sidebar","second_sidebar":"default-sidebar","sticky_sidebar":"1","share_position":"top","share_float_style":"share-monocrhome","show_share_counter":"1","show_view_counter":"1","show_featured":"1","show_post_meta":"1","show_post_author":"1","show_post_author_image":"1","show_post_date":"1","post_date_format":"default","post_date_format_custom":"Y\/m\/d","show_post_category":"1","show_post_reading_time":"0","post_reading_time_wpm":"300","show_zoom_button":"0","zoom_button_out_step":"2","zoom_button_in_step":"3","show_post_tag":"1","show_prev_next_post":"1","show_popup_post":"1","number_popup_post":"1","show_author_box":"0","show_post_related":"0","show_inline_post_related":"0"}],"override_image_size":"0","image_override":[{"single_post_thumbnail_size":"crop-500","single_post_gallery_size":"crop-500"}],"trending_post":"0","trending_post_position":"meta","trending_post_label":"Trending","sponsored_post":"0","sponsored_post_label":"Sponsored by","sponsored_post_name":"","sponsored_post_url":"","sponsored_post_logo_enable":"0","sponsored_post_logo":"","sponsored_post_desc":"","disable_ad":"0"},"jnews_primary_category":{"id":"","hide":""},"jnews_social_meta":{"fb_title":"","fb_description":"","fb_image":"","twitter_title":"","twitter_description":"","twitter_image":""},"footnotes":""},"categories":[39],"tags":[],"class_list":["post-441094","post","type-post","status-publish","format-standard","has-post-thumbnail","hentry","category-viajes"],"_links":{"self":[{"href":"https:\/\/dimensionturistica.com\/es\/wp-json\/wp\/v2\/posts\/441094","targetHints":{"allow":["GET"]}}],"collection":[{"href":"https:\/\/dimensionturistica.com\/es\/wp-json\/wp\/v2\/posts"}],"about":[{"href":"https:\/\/dimensionturistica.com\/es\/wp-json\/wp\/v2\/types\/post"}],"author":[{"embeddable":true,"href":"https:\/\/dimensionturistica.com\/es\/wp-json\/wp\/v2\/users\/1"}],"replies":[{"embeddable":true,"href":"https:\/\/dimensionturistica.com\/es\/wp-json\/wp\/v2\/comments?post=441094"}],"version-history":[{"count":0,"href":"https:\/\/dimensionturistica.com\/es\/wp-json\/wp\/v2\/posts\/441094\/revisions"}],"wp:featuredmedia":[{"embeddable":true,"href":"https:\/\/dimensionturistica.com\/es\/wp-json\/wp\/v2\/media\/441086"}],"wp:attachment":[{"href":"https:\/\/dimensionturistica.com\/es\/wp-json\/wp\/v2\/media?parent=441094"}],"wp:term":[{"taxonomy":"category","embeddable":true,"href":"https:\/\/dimensionturistica.com\/es\/wp-json\/wp\/v2\/categories?post=441094"},{"taxonomy":"post_tag","embeddable":true,"href":"https:\/\/dimensionturistica.com\/es\/wp-json\/wp\/v2\/tags?post=441094"}],"curies":[{"name":"wp","href":"https:\/\/api.w.org\/{rel}","templated":true}]}}