{"id":440747,"date":"2022-12-09T12:18:32","date_gmt":"2022-12-09T12:18:32","guid":{"rendered":"https:\/\/dimensionturistica.com\/es\/?p=440747"},"modified":"2022-12-09T12:18:32","modified_gmt":"2022-12-09T12:18:32","slug":"viaje-a-los-dolomitas-las-montanas-modelo-de-italia","status":"publish","type":"post","link":"https:\/\/dimensionturistica.com\/es\/viaje-a-los-dolomitas-las-montanas-modelo-de-italia\/","title":{"rendered":"Viaje a los Dolomitas, las monta\u00f1as modelo de Italia"},"content":{"rendered":"<p> <br \/>\n<\/p>\n<div>\n<p class=\"date\"> <time itemprop=\"dateModified\" datetime=\"2022-12-09T12:55:00+01:00\" data-timestamp=\"1670590500\">&#13;09 de diciembre de 2022 \u00b7 12:55<\/time>&#13;<\/p>\n<\/div>\n<div id=\"article-sumary\">\n<div class=\"article-txt ad-mobile-top\">\n<p>Se denomina Dolomitas a una amplia zona de monta\u00f1as calizas situadas en los Alpes Orientales, en la frontera de Italia con Austria. Se trata en realidad de un conjunto de grandes macizos aislados, cada uno con su propia personalidad, separados por profundos valles y unidos entre s\u00ed por altos collados hasta los que suben sinuosas carreteras de innumerables curvas.<\/p>\n<p>El nombre de Dolomitas procede del ge\u00f3logo Deodat Tancr\u00eade de Dolomieu (1750-1801), quien durante un viaje al Alto Adige descubri\u00f3 una roca caliza que conten\u00eda magnesio y que es la base de la roca dolom\u00edtica. Por las caracter\u00edsticas de este mineral, a menudo sucede que bajo la luz del atardecer las monta\u00f1as se ti\u00f1en de un coloration rosado que vira al violeta antes de que caiga el crep\u00fasculo.<\/p>\n<\/div>\n<\/div>\n\n<p><em> &#8221; Fuentes news.google.com &#8221; <\/em><\/p>\n","protected":false},"excerpt":{"rendered":"<p>&#13;09 de diciembre de 2022 \u00b7 12:55&#13; Se denomina Dolomitas a una amplia zona de monta\u00f1as calizas situadas en los Alpes Orientales, en la frontera de Italia con Austria. Se trata en realidad de un conjunto de grandes macizos aislados, cada uno con su propia personalidad, separados por profundos valles y unidos entre s\u00ed por [&hellip;]<\/p>\n","protected":false},"author":4,"featured_media":440748,"comment_status":"open","ping_status":"closed","sticky":false,"template":"","format":"standard","meta":{"om_disable_all_campaigns":false,"jnews-multi-image_gallery":[],"jnews_single_post":[],"jnews_primary_category":[],"jnews_social_meta":[],"footnotes":""},"categories":[39],"tags":[47258,47257],"class_list":["post-440747","post","type-post","status-publish","format-standard","has-post-thumbnail","hentry","category-viajes","tag-cargado-desde-el-fichero-de-recursos","tag-keywords-por-defecto"],"_links":{"self":[{"href":"https:\/\/dimensionturistica.com\/es\/wp-json\/wp\/v2\/posts\/440747","targetHints":{"allow":["GET"]}}],"collection":[{"href":"https:\/\/dimensionturistica.com\/es\/wp-json\/wp\/v2\/posts"}],"about":[{"href":"https:\/\/dimensionturistica.com\/es\/wp-json\/wp\/v2\/types\/post"}],"author":[{"embeddable":true,"href":"https:\/\/dimensionturistica.com\/es\/wp-json\/wp\/v2\/users\/4"}],"replies":[{"embeddable":true,"href":"https:\/\/dimensionturistica.com\/es\/wp-json\/wp\/v2\/comments?post=440747"}],"version-history":[{"count":0,"href":"https:\/\/dimensionturistica.com\/es\/wp-json\/wp\/v2\/posts\/440747\/revisions"}],"wp:featuredmedia":[{"embeddable":true,"href":"https:\/\/dimensionturistica.com\/es\/wp-json\/wp\/v2\/media\/440748"}],"wp:attachment":[{"href":"https:\/\/dimensionturistica.com\/es\/wp-json\/wp\/v2\/media?parent=440747"}],"wp:term":[{"taxonomy":"category","embeddable":true,"href":"https:\/\/dimensionturistica.com\/es\/wp-json\/wp\/v2\/categories?post=440747"},{"taxonomy":"post_tag","embeddable":true,"href":"https:\/\/dimensionturistica.com\/es\/wp-json\/wp\/v2\/tags?post=440747"}],"curies":[{"name":"wp","href":"https:\/\/api.w.org\/{rel}","templated":true}]}}