{"id":440701,"date":"2022-12-09T10:44:59","date_gmt":"2022-12-09T10:44:59","guid":{"rendered":"https:\/\/dimensionturistica.com\/es\/?p=440701"},"modified":"2022-12-09T10:44:59","modified_gmt":"2022-12-09T10:44:59","slug":"una-exposicion-celebra-los-50-anos-del-mitico-cartel-de-schweppes-de-madrid","status":"publish","type":"post","link":"https:\/\/dimensionturistica.com\/es\/una-exposicion-celebra-los-50-anos-del-mitico-cartel-de-schweppes-de-madrid\/","title":{"rendered":"Una exposici\u00f3n celebra los 50 a\u00f1os del m\u00edtico cartel de Schweppes de Madrid"},"content":{"rendered":"<p> <br \/>\n<\/p>\n<div>\n<div id=\"involveds\" class=\"involveds wrap\">\n<div class=\"involved-authors only-author\">\n<div class=\"first-author\">\n<figure class=\"thumb col-xs-3\">&#13;<img loading=\"lazy\" decoding=\"async\" src=\"https:\/\/news.google.com\/medio\/2021\/12\/09\/foto-alex-newsletter_0d47dd82_600x600.jpg\" alt=\"Foto Alex Newsletter\" class=\"lazyload\" width=\"600\" height=\"600\" data-aspectratio=\"600\/600\"\/><noscript><img decoding=\"async\" src=\"https:\/\/news.google.com\/medio\/2021\/12\/09\/foto-alex-newsletter_0d47dd82_600x600.jpg\" alt=\"Foto Alex Newsletter\"\/><\/noscript>&#13;<\/figure>\n<\/div>\n<\/div>\n<\/div>\n<p class=\"date\"> <time itemprop=\"dateModified\" datetime=\"2022-12-09T11:30:00+01:00\" data-timestamp=\"1670585400\">&#13;09 de diciembre de 2022 \u00b7 11:30<\/time>&#13;<\/p>\n<\/div>\n<div id=\"article-sumary\">\n<div class=\"article-txt ad-mobile-top\">\n<p dir=\"ltr\"><span id=\"docs-internal-guid-705dfa29-7fff-58e6-6aea-c38c3674d47c\">En la fotograf\u00eda de <\/span>Juan Pando Barrero,<span>\u00a0el edificio Carri\u00f3n\u00a0a\u00fan no tiene el luminoso.\u00a0Es <\/span>1955 y los concursos radiof\u00f3nicos est\u00e1n de moda y los cines proyectan\u00a0<em>Historias de la Radio,<\/em>\u00a0protagonizada por Francisco Rabal, Tony Leblanc, Margarita Andrey y Jos\u00e9 Luis Ozores<span>. La luz es la de una tarde de septiembre veraniega. Se reconoce la Gran V\u00eda madrile\u00f1a, pero la moda y el paso relajado de las personas que captur\u00f3 el fot\u00f3grafo revelan que aquella period otra sociedad muy diferente a la precise. Ese es precisamente el inter\u00e9s de la exposici\u00f3n gratuita <em>Ilumina Madrid<\/em>, que <strong>se podr\u00e1 visitar del 13 al 20 de diciembre<\/strong>: cincuenta im\u00e1genes seleccionadas por la comisaria Luc\u00eda La\u00edn, desde los a\u00f1os 50 del siglo pasado hasta los d\u00edas de la pandemia, que convergen en <strong>un viaje sentimental a trav\u00e9s del tiempo<\/strong>. La comisaria destaca\u00a0de la imagen a la mujer que, &#8220;a<\/span>l m\u00e1s puro estilo hollywoodense, parece una suerte de Grace Kelly en versi\u00f3n espa\u00f1ola&#8221;, se abre paso con su pareja en las inmediaciones de Callao.<\/p>\n<p>\u00a0<\/p>\n<p>\u00a0<\/p>\n<p>\u00a0<\/p>\n<\/div>\n<\/div>\n<div id=\"article-text\">\n<div class=\"txt\">\n<aside class=\"subscription-highlighted\">\n<div class=\"subscription-container\">\n<div class=\"non-subscribed\">\n<p class=\"description\">Cyber Monday. Suscr\u00edbete hoy al -50% a la revista Viajes Nationwide Geographic y explora nuevos destinos<\/p>\n<p><a rel=\"nofollow noopener\" target=\"_blank\" href=\"https:\/\/tienda.rba.es\/revistas\/viajes-national-geographic?rba_source=viajes.nationalgeographic.com.es&amp;rba_medium=referral&amp;rba_campaign=NGMV&amp;rba_content=frase-articulo\" class=\"more-link\">EMPIEZA YA<\/a><\/div>\n<\/div>\n<\/aside>\n<p style=\"display: none;\"><img decoding=\"async\" id=\"ctl01_ctl00_phMain_phMain_ctl00_ctl02_ctl17_ctl01_imgContent\" src=\"https:\/\/news.google.com\/medio\/2022\/12\/05\/3-60x60-pan-066599-3-niv-ret_029d7c4c_800x800.jpg\" alt=\"3-60x60-PAN-066599-3 NIV RET\" style=\"border-width:0px;\"\/><\/p>\n<aside class=\"add300x250 publi-interior-top ad-container-r1 ad-inline\"\/>\n<p dir=\"ltr\"><span id=\"docs-internal-guid-5d45bba5-7fff-39c8-a143-9365e1101a1e\">Fue el 5 de agosto de 1972 cuando se aprob\u00f3 la licencia de instalaci\u00f3n del ic\u00f3nico cartel, que sustituy\u00f3 a otro r\u00f3tulo que hab\u00eda entonces de la marca de tabaco Camel. Aquel cartel se convirti\u00f3 en toda una revoluci\u00f3n luminosa. Su principal responsable, <strong>Luisa \u00c1lvarez, toda una pionera en el arte lum\u00ednico, concibi\u00f3 el letrero combinando bombillas incandescentes y ne\u00f3n<\/strong>. Su mayor logro fue convertir algo de naturaleza perecedera en una pieza de arte que recibi\u00f3 su indulto municipal como parte ya elementary del paisaje urbano de Madrid.<\/span><\/p>\n<blockquote>\n<p dir=\"ltr\"><span id=\"docs-internal-guid-5d45bba5-7fff-39c8-a143-9365e1101a1e\">El director \u00c1lex de la Iglesia convirti\u00f3 el letrero de Schweppes en un mito cinematogr\u00e1fico gracias a una de las secuencias m\u00e1s recordadas de <\/span><em>El d\u00eda de la bestia<\/em> (1995).<\/p>\n<\/blockquote>\n<figure class=\"thumb zoom\"><img loading=\"lazy\" decoding=\"async\" sizes=\"auto, 100vw\" srcset=\"https:\/\/news.google.com\/medio\/2022\/12\/05\/2-60x60-es28079arcm-176-000119637-00002-niv-ret_a793f969_720x741.jpg 720w,https:\/\/news.google.com\/medio\/2022\/12\/05\/2-60x60-es28079arcm-176-000119637-00002-niv-ret_c53293bb_1200x1236.jpg 1200w\" src=\"https:\/\/news.google.com\/medio\/2022\/12\/05\/2-60x60-es28079arcm-176-000119637-00002-niv-ret_c53293bb_1200x1236.jpg\" alt=\"2-60x60 ES28079ARCM 176 000119637 00002 NIV RET\" class=\"lazyload\" width=\"1200\" height=\"1236\" data-aspectratio=\"1200\/1236\"\/><noscript><img decoding=\"async\" src=\"https:\/\/news.google.com\/medio\/2022\/12\/05\/2-60x60-es28079arcm-176-000119637-00002-niv-ret_c53293bb_1200x1236.jpg\" alt=\"2-60x60 ES28079ARCM 176 000119637 00002 NIV RET\"\/><\/noscript><\/figure>\n<p dir=\"ltr\"><span id=\"docs-internal-guid-5d45bba5-7fff-39c8-a143-9365e1101a1e\">Luc\u00eda La\u00edn ha seleccionado para la muestra <em>Ilumina Madrid<\/em> diferentes instant\u00e1neas que forman una secuencia que refleja, adem\u00e1s de los cambios urbanos de la ciudad y la Gran V\u00eda, la evoluci\u00f3n hist\u00f3rica de la sociedad y de la cultura de Madrid. Todo ello a trav\u00e9s de <strong>fotograf\u00edas memorables de artistas como Mart\u00edn Santos Yubero, Nicol\u00e1s Muller, Leticia Felgueroso, Luis Vioque o Carmenchu Alem\u00e1n<\/strong>. Las fotograf\u00edas -en diferentes formatos de trabajo: <\/span>placas de cristal, negativos de 35mm, diapositiva y fotograf\u00eda digital-<span> proceden de colecciones privadas o de varios fondos de organismos oficiales, medios de comunicaci\u00f3n, agencias de noticias y productoras de cine y es la primera vez que se podr\u00e1n ver en p\u00fablico. <\/span><\/p>\n<p dir=\"ltr\">\n<figure class=\"thumb zoom\"><img loading=\"lazy\" decoding=\"async\" sizes=\"auto, 100vw\" srcset=\"https:\/\/news.google.com\/medio\/2022\/12\/05\/selfie-en-pandemia-2020_f2015eef_720x479.jpg 720w,https:\/\/news.google.com\/medio\/2022\/12\/05\/selfie-en-pandemia-2020_9503e249_1200x799.jpg 1200w\" src=\"https:\/\/news.google.com\/medio\/2022\/12\/05\/selfie-en-pandemia-2020_9503e249_1200x799.jpg\" alt=\"Selfie en Pandemia 2020\" class=\"lazyload\" width=\"1200\" height=\"799\" data-aspectratio=\"1200\/799\"\/><noscript><img decoding=\"async\" src=\"https:\/\/news.google.com\/medio\/2022\/12\/05\/selfie-en-pandemia-2020_9503e249_1200x799.jpg\" alt=\"Selfie en Pandemia 2020\"\/><\/noscript><\/p>\n<div class=\"info\">\n<div class=\"credit\">\n<p>Selfie en Pandemia 2020<\/p>\n<p>En palabras de la fot\u00f3grafa: \u201cEl 12 de junio del 2020 a las nueve de la noche, en el ojo del hurac\u00e1n de una pandemia mundial y en estado de alarma, la necesidad de ser protagonista y narrar su propia historia impulsa a una chica a hacerse un \u201cselfie\u201d con su tel\u00e9fono m\u00f3vil eligiendo como escenario el imponente edificio Capitol y la Gran V\u00eda de Madrid. No se percat\u00f3 del paisaje dist\u00f3pico que evoca como consecuencia de la ausencia de luz en las ventanas de los edificios\u201d.<\/p>\n<\/div><figcaption class=\"by\">&#13;Foto: Carmenchu Alem\u00e1n<\/figcaption><\/div>\n<\/figure>\n<p>&#13;<\/p>\n<p dir=\"ltr\"><span>&#8220;A <\/span>la hora de seleccionar las fotograf\u00edas hist\u00f3ricas he consultado los principales fondos fotogr\u00e1ficos de la Comunidad de Madrid y Patrimonio Nacional y colecciones privadas de fot\u00f3grafos y fot\u00f3grafas que desde los 70 vienen retratando la ciudad hasta la actualidad&#8221;, explica la comisaria de la exposici\u00f3n a <em>Viajes Nationwide Geographic<\/em>. La muestra refleja el ambiente de la Gran V\u00eda y alrededores, cines, terrazas, caf\u00e9s y vistas del ayer y del hoy, sin dejar de lado los d\u00edas de la pandemia con una pieza fotogr\u00e1fica de Carmenchu Alem\u00e1n. Mientras que las obras expuestas evidencian, tal como explica Luc\u00eda La\u00edn, la evoluci\u00f3n tanto en la mirada del fot\u00f3grafo como en la realidad fotografiada<\/p>\n<div class=\"cuadro-destacado\">\n<p class=\"overtitle\">LA EXPOSICI\u00d3N DE LA SEMANA<\/p>\n<h3 class=\"title\">Ilumina Madrid<\/h3>\n<ol class=\"destacado-list\">\n<li class=\"destacado-list-item\">\n<p class=\"list-item-title\">\u00bfD\u00f3nde?<\/p>\n<p class=\"list-item-text\"><span id=\"docs-internal-guid-c849c645-7fff-37b1-a975-841638d1f90a\">Espacio Cultural Serrer\u00eda Belga (Alameda, 15)<\/span><\/p>\n<\/li>\n<li class=\"destacado-list-item\">\n<p class=\"list-item-title\">Fechas y horario:<\/p>\n<p dir=\"ltr\"><span id=\"docs-internal-guid-8ca6de41-7fff-793f-14e4-a92444c8c26d\">del 13 al 20 de diciembre, <\/span><\/p>\n<p dir=\"ltr\"><span id=\"docs-internal-guid-8ca6de41-7fff-793f-14e4-a92444c8c26d\">de 12 h a 20 h (excepto el domingo, de 12 h a 18 h) <\/span><\/p>\n<\/li>\n<li class=\"destacado-list-item\">\n<p class=\"list-item-title\">Precio<\/p>\n<p class=\"list-item-text\">Exposici\u00f3n gratuita<\/p>\n<\/li>\n<\/ol>\n<\/div>\n<div>\n<h2 dir=\"ltr\"><span id=\"docs-internal-guid-78355bc2-7fff-c7f9-668b-6e4f6d86a831\">ALGUNAS CURIOSIDADES DEL CARTEL DE SCHWEPPES DE GRAN V\u00cdA<\/span><\/h2>\n<ul dir=\"ltr\">\n<li><span id=\"docs-internal-guid-78355bc2-7fff-c7f9-668b-6e4f6d86a831\">El cartel est\u00e1 situado a 37 metros de altura y mide 10,65 x 9,36 metros.<\/span><\/li>\n<li><span id=\"docs-internal-guid-78355bc2-7fff-c7f9-668b-6e4f6d86a831\">el conjunto pesa unos 600 kilos.<\/span><\/li>\n<li><span id=\"docs-internal-guid-78355bc2-7fff-c7f9-668b-6e4f6d86a831\">Est\u00e1 compuesto por 104 neones de colores azul y amarillo para las letras, mientras que rosa, diferentes tonos de azul, rojo, amarillo y verde para el resto del letrero. <\/span><\/li>\n<li><span id=\"docs-internal-guid-78355bc2-7fff-c7f9-668b-6e4f6d86a831\">Solamente dej\u00f3 de brillar durante unas semanas en 2004, cuando tuvo que ser retirado por unos trabajos de remodelaci\u00f3n.<\/span><\/li>\n<li><span id=\"docs-internal-guid-78355bc2-7fff-c7f9-668b-6e4f6d86a831\">En 2010 fue declarado como r\u00f3tulo hist\u00f3rico por el Ayuntamiento de Madrid.<\/span><\/li>\n<\/ul>\n<\/div>\n<aside class=\"add300x600 publi-interior-bot ad-inline ad-container-r2\"\/><\/div>\n<p><!-- START: tags-rel  --><!-- END: tags-rel   --><br \/>\n<!-- START:toolbar --><!-- END:toolbar --><\/div>\n\n<p><em> &#8221; Fuentes news.google.com &#8221; <\/em><\/p>\n","protected":false},"excerpt":{"rendered":"<p>&#13;&#13; &#13;09 de diciembre de 2022 \u00b7 11:30&#13; En la fotograf\u00eda de Juan Pando Barrero,\u00a0el edificio Carri\u00f3n\u00a0a\u00fan no tiene el luminoso.\u00a0Es 1955 y los concursos radiof\u00f3nicos est\u00e1n de moda y los cines proyectan\u00a0Historias de la Radio,\u00a0protagonizada por Francisco Rabal, Tony Leblanc, Margarita Andrey y Jos\u00e9 Luis Ozores. La luz es la de una tarde de [&hellip;]<\/p>\n","protected":false},"author":4,"featured_media":440702,"comment_status":"open","ping_status":"closed","sticky":false,"template":"","format":"standard","meta":{"om_disable_all_campaigns":false,"jnews-multi-image_gallery":[],"jnews_single_post":[],"jnews_primary_category":[],"jnews_social_meta":[],"footnotes":""},"categories":[40],"tags":[47258,47257],"class_list":["post-440701","post","type-post","status-publish","format-standard","has-post-thumbnail","hentry","category-industria","tag-cargado-desde-el-fichero-de-recursos","tag-keywords-por-defecto"],"_links":{"self":[{"href":"https:\/\/dimensionturistica.com\/es\/wp-json\/wp\/v2\/posts\/440701","targetHints":{"allow":["GET"]}}],"collection":[{"href":"https:\/\/dimensionturistica.com\/es\/wp-json\/wp\/v2\/posts"}],"about":[{"href":"https:\/\/dimensionturistica.com\/es\/wp-json\/wp\/v2\/types\/post"}],"author":[{"embeddable":true,"href":"https:\/\/dimensionturistica.com\/es\/wp-json\/wp\/v2\/users\/4"}],"replies":[{"embeddable":true,"href":"https:\/\/dimensionturistica.com\/es\/wp-json\/wp\/v2\/comments?post=440701"}],"version-history":[{"count":0,"href":"https:\/\/dimensionturistica.com\/es\/wp-json\/wp\/v2\/posts\/440701\/revisions"}],"wp:featuredmedia":[{"embeddable":true,"href":"https:\/\/dimensionturistica.com\/es\/wp-json\/wp\/v2\/media\/440702"}],"wp:attachment":[{"href":"https:\/\/dimensionturistica.com\/es\/wp-json\/wp\/v2\/media?parent=440701"}],"wp:term":[{"taxonomy":"category","embeddable":true,"href":"https:\/\/dimensionturistica.com\/es\/wp-json\/wp\/v2\/categories?post=440701"},{"taxonomy":"post_tag","embeddable":true,"href":"https:\/\/dimensionturistica.com\/es\/wp-json\/wp\/v2\/tags?post=440701"}],"curies":[{"name":"wp","href":"https:\/\/api.w.org\/{rel}","templated":true}]}}