{"id":440536,"date":"2022-12-09T02:17:48","date_gmt":"2022-12-09T02:17:48","guid":{"rendered":"https:\/\/dimensionturistica.com\/es\/?p=440536"},"modified":"2022-12-09T02:17:48","modified_gmt":"2022-12-09T02:17:48","slug":"440536-2","status":"publish","type":"post","link":"https:\/\/dimensionturistica.com\/es\/440536-2\/","title":{"rendered":""},"content":{"rendered":"<p>En el marco del primer a\u00f1o de actividades de la Secretar\u00eda de Turismo del Estado de Baja California, el Mtro. Miguel Agu\u00ed\u00f1iga Rodr\u00edguez, titular de esta dependencia impulsada y creada por la Gobernadora del Estado, la Mtra. Marina del Pilar \u00c1vila Olmeda, present\u00f3 cuantiosos avances del sector ante el Congreso del Estado.<img decoding=\"async\" class=\"size-medium wp-image-440539 alignright\" src=\"https:\/\/dimensionturistica.com\/es\/wp-content\/uploads\/2022\/12\/CALIFA1-300x200.jpg\" alt=\"\" width=\"300\" height=\"200\" srcset=\"https:\/\/dimensionturistica.com\/es\/wp-content\/uploads\/2022\/12\/CALIFA1-300x200.jpg 300w, https:\/\/dimensionturistica.com\/es\/wp-content\/uploads\/2022\/12\/CALIFA1.jpg 600w\" sizes=\"(max-width: 300px) 100vw, 300px\" \/><br \/>\nDestinados al fomento de la actividad tur\u00edstica del Estado, este primer a\u00f1o se ha logrado un hecho hist\u00f3rico, al recaudar m\u00e1s de 221 millones de pesos referentes al Impuesto Sobre Servicios de Hospedaje y plataformas digitales, de esta forma, se contempla seguir alimentando el motor econ\u00f3mico y de desarrollo de Baja California<br \/>\nAsimismo, con el objetivo de consolidar una identidad que represente a todas y todos los habitantes de Baja California, se lanz\u00f3 la campa\u00f1a \u00a1Welcome to Baja California!, que en un principio fungi\u00f3 como detonante para la reactivaci\u00f3n econ\u00f3mica en la era post pandemia, y que hoy en d\u00eda se ha convertido en un puente de comunicaci\u00f3n con p\u00fablico nacional e internacional, reflejado en las m\u00e1s de 23 millones de impresiones e interacciones en las redes sociales oficiales. Adem\u00e1s, recientemente esta campa\u00f1a fue galardonada con 4 reconocimientos en los Reed Latino Awards 2022, que incluyen Mejor Campa\u00f1a Gubernamental Online, Mejor Spot Gubernamental en Redes Sociales, Mejor Campa\u00f1a para Medios Impresos Gubernamental y Mejor Slogan de Campa\u00f1a de Gobierno.<br \/>\nA la par de esta campa\u00f1a, tambi\u00e9n se impuls\u00f3 el turismo local y la importancia de la econom\u00eda circular de nuestra regi\u00f3n, a trav\u00e9s del programa S\u00e9 Turista en tu Baja California, fidelizaci\u00f3n con promociones para los visitantes locales, que gener\u00f3 alianzas con m\u00e1s de 150 establecimientos estatales como museos, restaurantes, cervecer\u00edas, vin\u00edcolas y hoteles entre otros rubros, beneficiando as\u00ed a usuarios y familias.<br \/>\nUna de las prioridades de esta Secretar\u00eda de Turismo durante el primer a\u00f1o, ha sido el de potencializar diversos segmentos que son importantes para el sector turismo en la entidad, coadyuvando esfuerzos y alianzas con instituciones de gobierno y otras entidades a nivel binacional.<br \/>\nPara el segmento del Turismo de Salud y Bienestar, se realizaron diversas presentaciones como la \u201cBaja California, Health &amp; Wellness Destination\u201d, en el Consulado de M\u00e9xico en San Diego; o la participaci\u00f3n de una delegaci\u00f3n del sector m\u00e9dico durante la edici\u00f3n 46 del Tianguis Tur\u00edstico en Acapulco, para el posicionamiento del estado como l\u00edder nacional en Turismo de Salud y Bienestar, derivando en la invitaci\u00f3n como Estado de Honor, al Congreso Internacional de Turismo M\u00e9dico en Nayarit 2022.<br \/>\nTambi\u00e9n en este mismo sector, se particip\u00f3 en la primera Asamblea de Secretar\u00edas de Turismo Mexicano en el Turismo M\u00e9dico; y en coordinaci\u00f3n con la Secretar\u00eda de Turismo y la Secretar\u00eda de Econom\u00eda Federal, se concret\u00f3 que Baja California ser\u00e1 la sede de la Reuni\u00f3n Nacional de los Cl\u00fasteres de Salud, con la participaci\u00f3n de destinos internacionales como Toronto y San Antonio; finalmente, tambi\u00e9n se realiz\u00f3 el<img decoding=\"async\" class=\"size-medium wp-image-440540 alignright\" src=\"https:\/\/dimensionturistica.com\/es\/wp-content\/uploads\/2022\/12\/CALIFA2-300x200.jpg\" alt=\"\" width=\"300\" height=\"200\" srcset=\"https:\/\/dimensionturistica.com\/es\/wp-content\/uploads\/2022\/12\/CALIFA2-300x200.jpg 300w, https:\/\/dimensionturistica.com\/es\/wp-content\/uploads\/2022\/12\/CALIFA2.jpg 600w\" sizes=\"(max-width: 300px) 100vw, 300px\" \/> Convenio de Colaboraci\u00f3n Institucional, para la coordinaci\u00f3n de acciones entre la Secretar\u00eda de Salud y Secretar\u00eda de Turismo federal, para confirmar el padr\u00f3n de oferta m\u00e9dica confiable, mismo que ser\u00e1 lanzado en marzo del 2023.<br \/>\nEn el segmento Gastron\u00f3mico, se fortaleci\u00f3 la participaci\u00f3n de sectores menos favorecidos en comunidades rurales, ejidos, productores del campo y pesca, a trav\u00e9s de la creaci\u00f3n de 5 rutas y circuitos tur\u00edsticos en los valles vitivin\u00edcolas del Estado como Ojos Negros, San Vicente, Santo Tom\u00e1s, La Grulla, Tecate y Valle de Guadalupe.<br \/>\nEn este rubro, tambi\u00e9n se crearon las experiencias San Felipe Ruta Norte: \u201cUna experiencia gastron\u00f3mica profunda de mar y tierra\u201d, que visita t\u00f3picos del puerto poco explorados como la acuacultura del Mar de Cort\u00e9s, un vi\u00f1edo en medio del desierto, una salina y la producci\u00f3n de cerveza artesanal; y Ruta Norte San Quint\u00edn, un deslumbrante recorrido por plant\u00edos de frutos (principalmente berries) as\u00ed como la producci\u00f3n del vino en la regi\u00f3n y los campos de cultivo de langosta, erizo y cangrejo, productos mundialmente reconocidos en el mercado gastron\u00f3mico.<br \/>\nPor otra parte, en este primer a\u00f1o de actividades, se ha trabajado tambi\u00e9n en el desarrollo de productos tur\u00edsticos en comunidades rurales e ind\u00edgenas, donde estacan: El primer sendero oficial del estado en el rancho ecotur\u00edstico Valle de Tempe, en La Misi\u00f3n, Ensenada; el Dise\u00f1o y construcci\u00f3n del sendero interpretativo \u201cLas Abuelas (Nimau Wa\u00f1a)\u201d, en la comunidad kumiai de Juntas de Neji pol\u00edgono A, en Tecate; y las Experiencias ecotur\u00edsticas Wamp Mat (caminar-comer) en las comunidades kumiai de San Antonio Necua, Ensenada y San Jos\u00e9 de la Zoora, en Playas de Rosarito.<br \/>\nEn el rubro del Turismo de Reuniones, Baja California impuls\u00f3 acciones estrat\u00e9gicas mediante el Plan de Reactivaci\u00f3n y mantenimiento del Baja California Center, donde se destinaron 5.7 mdp en una primera etapa, operando en este tiempo 59 eventos con una asistencia en conjunto de 83 mil 67 personas, destacando los eventos de Expo TlaquepArte, el Congreso Nacional AMPI y el 43\u00ba Congreso Mundial de la Vi\u00f1a y el Vino.<br \/>\nDe la misma forma, con la intenci\u00f3n de promover la inclusi\u00f3n de las comunidades en el segmento de Romance, en colaboraci\u00f3n con el Gobierno de M\u00e9xico, se integr\u00f3 en el cat\u00e1logo de bodas tradicionales el producto Ceremonia Nativa, una ceremonia kumiai muy representativa de los pueblos originarios de Baja California. Este cat\u00e1logo fue presentado el 20 y 21 de junio por autoridades de la Secretar\u00eda de Turismo Federal ante representantes consulares de M\u00e9xico en Estados Unidos y Europa, as\u00ed como a touroperadores nacionales y planificadores de eventos.<br \/>\nEn seguimiento a la carta de intenci\u00f3n de colaboraci\u00f3n firmada el 26 de abril con CONCANACO-SERVYTUR M\u00e9xico, se lanz\u00f3 en una primera etapa digital, la primera ruta peatonal \u201cRuta del Drag\u00f3n\u201d en la ciudad de Mexicali, que rinde homenaje a las comunidades chinas que poblaron en sus inicios la hoy capital de Baja California.<br \/>\nEn materia de planeaci\u00f3n y ordenamiento tur\u00edstico y en colaboraci\u00f3n con el Gobierno de M\u00e9xico, se acord\u00f3 la dotaci\u00f3n de instrumentos normativos para San Felipe y San Quint\u00edn, para permitirles focalizar acciones estrat\u00e9gicas en materia tur\u00edstica. Estos instrumentos normativos son: Declaratoria de Zona de Desarrollo<img decoding=\"async\" class=\" wp-image-440538 alignright\" src=\"https:\/\/dimensionturistica.com\/es\/wp-content\/uploads\/2022\/12\/Header-Sandboard-v2-1500-x600-Mexicali-2-300x120.jpg\" alt=\"\" width=\"468\" height=\"187\" srcset=\"https:\/\/dimensionturistica.com\/es\/wp-content\/uploads\/2022\/12\/Header-Sandboard-v2-1500-x600-Mexicali-2-300x120.jpg 300w, https:\/\/dimensionturistica.com\/es\/wp-content\/uploads\/2022\/12\/Header-Sandboard-v2-1500-x600-Mexicali-2-1024x410.jpg 1024w, https:\/\/dimensionturistica.com\/es\/wp-content\/uploads\/2022\/12\/Header-Sandboard-v2-1500-x600-Mexicali-2-768x307.jpg 768w, https:\/\/dimensionturistica.com\/es\/wp-content\/uploads\/2022\/12\/Header-Sandboard-v2-1500-x600-Mexicali-2-750x300.jpg 750w, https:\/\/dimensionturistica.com\/es\/wp-content\/uploads\/2022\/12\/Header-Sandboard-v2-1500-x600-Mexicali-2-1140x456.jpg 1140w, https:\/\/dimensionturistica.com\/es\/wp-content\/uploads\/2022\/12\/Header-Sandboard-v2-1500-x600-Mexicali-2.jpg 1500w\" sizes=\"(max-width: 468px) 100vw, 468px\" \/> Tur\u00edstico Sustentable en San Felipe; Programa Sectorial de Desarrollo Tur\u00edstico en San Quint\u00edn; y Programa Sectorial de Desarrollo Tur\u00edstico del Valle de Guadalupe.<br \/>\nSin lugar a dudas, este primer a\u00f1o de trabajo ha representado un reto, al respecto, el Secretario de Turismo de Baja California, Miguel Agu\u00ed\u00f1iga, destac\u00f3 la importancia del sector para la actual administraci\u00f3n.<br \/>\nEste primer a\u00f1o ha sido de mucho trabajo arduo, abierto e inclusivo, que ha dado frutos, sin embargo, sabemos que el pr\u00f3ximo a\u00f1o esto contin\u00faa y que debemos aprovechar las oportunidades y fortalecer lo que nos hace una gran regi\u00f3n.<br \/>\nDe manera transversal, consideramos al turismo como un importante motor de desarrollo y de combate a la pobreza, ya que contribuye a mejorar las condiciones de vida de nuestros habitantes y comunidades, al desarrollo econ\u00f3mico. Estos avances que me ha encomendado la Gobernadora Mtra. Marina del Pilar \u00c1vila Olmeda, no ser\u00edan posibles tambi\u00e9n sin la suma de los esfuerzos del sector empresarial y acad\u00e9mico, important\u00edsimos para la evoluci\u00f3n de nuestra tierra.<br \/>\nIndicadores:<br \/>\n\u00b7 Durante este primer a\u00f1o de operaciones, la ocupaci\u00f3n hotelera general del Estado, ascendi\u00f3 a 55.29%, con 6 millones 297 mil cuartos ocupados, superior al registro de 2019 y 2020 que reportaron 37.03 y 42.06% respectivamente.<br \/>\n\u00b7 Con base en cifras del Cross Border Xpress (CBX), transitaron 4 millones 416 mil pasajeros, lo que representa 5.59% del total de cruces de personas en el Estado.<br \/>\nEl cruce de personas por alguno de los siete puertos terrestres internacionales fronterizos, sum\u00f3 m\u00e1s de 78 millones 952 mil personas, siendo Tijuana el mayor concentrador con el 65.83% del total.<br \/>\n\u00b7 Se sumaron 35 conexiones directas a distintos destinos nacionales desde los aeropuertos de Mexicali y Tijuana, este \u00faltimo convirti\u00e9ndose en uno de los puertos con mayor conectividad a\u00e9rea del pa\u00eds.<br \/>\n\u00b7 Este primer a\u00f1o se movilizaron m\u00e1s de 43 millones 228 mil veh\u00edculos por las carreteras del Estado, siendo la Esc\u00e9nica Tijuana-Ensenada la m\u00e1s transitada con un aforo de 24 millones 794 mil veh\u00edculos.<\/p>\n<p>&nbsp;<\/p>\n","protected":false},"excerpt":{"rendered":"<p>En el marco del primer a\u00f1o de actividades de la Secretar\u00eda de Turismo del Estado de Baja California, el Mtro. Miguel Agu\u00ed\u00f1iga Rodr\u00edguez, titular de esta dependencia impulsada y creada por la Gobernadora del Estado, la Mtra. Marina del Pilar \u00c1vila Olmeda, present\u00f3 cuantiosos avances del sector ante el Congreso del Estado. Destinados al fomento [&hellip;]<\/p>\n","protected":false},"author":1,"featured_media":440537,"comment_status":"open","ping_status":"closed","sticky":false,"template":"","format":"standard","meta":{"om_disable_all_campaigns":false,"jnews-multi-image_gallery":[],"jnews_single_post":{"source_name":"","source_url":"","via_name":"","via_url":"","override_template":"0","override":[{"template":"1","single_blog_custom":"","parallax":"1","fullscreen":"1","layout":"right-sidebar","sidebar":"default-sidebar","second_sidebar":"default-sidebar","sticky_sidebar":"1","share_position":"top","share_float_style":"share-monocrhome","show_share_counter":"1","show_view_counter":"1","show_featured":"1","show_post_meta":"1","show_post_author":"1","show_post_author_image":"1","show_post_date":"1","post_date_format":"default","post_date_format_custom":"Y\/m\/d","show_post_category":"1","show_post_reading_time":"0","post_reading_time_wpm":"300","show_zoom_button":"0","zoom_button_out_step":"2","zoom_button_in_step":"3","show_post_tag":"1","show_prev_next_post":"1","show_popup_post":"1","number_popup_post":"1","show_author_box":"0","show_post_related":"0","show_inline_post_related":"0"}],"override_image_size":"0","image_override":[{"single_post_thumbnail_size":"crop-500","single_post_gallery_size":"crop-500"}],"trending_post":"0","trending_post_position":"meta","trending_post_label":"Trending","sponsored_post":"0","sponsored_post_label":"Sponsored by","sponsored_post_name":"","sponsored_post_url":"","sponsored_post_logo_enable":"0","sponsored_post_logo":"","sponsored_post_desc":"","disable_ad":"0"},"jnews_primary_category":{"id":"","hide":""},"jnews_social_meta":{"fb_title":"","fb_description":"","fb_image":"","twitter_title":"","twitter_description":"","twitter_image":""},"footnotes":""},"categories":[39],"tags":[],"class_list":["post-440536","post","type-post","status-publish","format-standard","has-post-thumbnail","hentry","category-viajes"],"_links":{"self":[{"href":"https:\/\/dimensionturistica.com\/es\/wp-json\/wp\/v2\/posts\/440536","targetHints":{"allow":["GET"]}}],"collection":[{"href":"https:\/\/dimensionturistica.com\/es\/wp-json\/wp\/v2\/posts"}],"about":[{"href":"https:\/\/dimensionturistica.com\/es\/wp-json\/wp\/v2\/types\/post"}],"author":[{"embeddable":true,"href":"https:\/\/dimensionturistica.com\/es\/wp-json\/wp\/v2\/users\/1"}],"replies":[{"embeddable":true,"href":"https:\/\/dimensionturistica.com\/es\/wp-json\/wp\/v2\/comments?post=440536"}],"version-history":[{"count":0,"href":"https:\/\/dimensionturistica.com\/es\/wp-json\/wp\/v2\/posts\/440536\/revisions"}],"wp:featuredmedia":[{"embeddable":true,"href":"https:\/\/dimensionturistica.com\/es\/wp-json\/wp\/v2\/media\/440537"}],"wp:attachment":[{"href":"https:\/\/dimensionturistica.com\/es\/wp-json\/wp\/v2\/media?parent=440536"}],"wp:term":[{"taxonomy":"category","embeddable":true,"href":"https:\/\/dimensionturistica.com\/es\/wp-json\/wp\/v2\/categories?post=440536"},{"taxonomy":"post_tag","embeddable":true,"href":"https:\/\/dimensionturistica.com\/es\/wp-json\/wp\/v2\/tags?post=440536"}],"curies":[{"name":"wp","href":"https:\/\/api.w.org\/{rel}","templated":true}]}}