{"id":440515,"date":"2022-12-09T01:45:40","date_gmt":"2022-12-09T01:45:40","guid":{"rendered":"https:\/\/dimensionturistica.com\/es\/?p=440515"},"modified":"2022-12-09T01:45:40","modified_gmt":"2022-12-09T01:45:40","slug":"el-restaurante-diego-y-yo-un-homenaje-a-la-gastronomia-mexicana","status":"publish","type":"post","link":"https:\/\/dimensionturistica.com\/es\/el-restaurante-diego-y-yo-un-homenaje-a-la-gastronomia-mexicana\/","title":{"rendered":"El restaurante Diego y Yo, un homenaje a la gastronom\u00eda mexicana"},"content":{"rendered":"<p><img decoding=\"async\" class=\"size-medium wp-image-440520 alignright\" src=\"https:\/\/dimensionturistica.com\/es\/wp-content\/uploads\/2022\/12\/Diego1-198x300.jpg\" alt=\"\" width=\"198\" height=\"300\" srcset=\"https:\/\/dimensionturistica.com\/es\/wp-content\/uploads\/2022\/12\/Diego1-198x300.jpg 198w, https:\/\/dimensionturistica.com\/es\/wp-content\/uploads\/2022\/12\/Diego1-677x1024.jpg 677w, https:\/\/dimensionturistica.com\/es\/wp-content\/uploads\/2022\/12\/Diego1-768x1162.jpg 768w, https:\/\/dimensionturistica.com\/es\/wp-content\/uploads\/2022\/12\/Diego1-750x1135.jpg 750w, https:\/\/dimensionturistica.com\/es\/wp-content\/uploads\/2022\/12\/Diego1.jpg 843w\" sizes=\"(max-width: 198px) 100vw, 198px\" \/>Sin duda Frida Kahlo y Diego Rivera son dos de los referentes art\u00edsticos y emblem\u00e1ticos de la cultura nacional. El nuevo restaurante Diego y Yo inspira su decoraci\u00f3n y concepto que naci\u00f3 en Torre\u00f3n, con el objetivo de impulsar la gastronom\u00eda tradicional de M\u00e9xico con un toque gourmet.<br \/>\nEn cada uno de sus espacios, Diego y Yo rinde un homenaje a M\u00e9xico. Sus espacios intimos con capacidad para 140 comensales han sido dise\u00f1ados con estilo mexicano sobrio y moderno, y decorados con toques antiguos a trav\u00e9s de una selecci\u00f3n de finos textiles y tapicer\u00eda en vivos colores, adrezados con amplios ventanales. En cada una de sus paredes se pueden ver pinturas y fotograf\u00edas de Frida Kahlo y Diego Rivera, creando la atm\u00f3sfera perfecta de un aut\u00e9ntico \u201cpedacito\u201d de M\u00e9xico en Polanco de estilo contempor\u00e1neo en el que predomina la simplicidad y comodidad del mobiliario que ofrece una c\u00f3moda experiencia.<br \/>\n<img decoding=\"async\" class=\"size-medium wp-image-440516 alignleft\" src=\"https:\/\/dimensionturistica.com\/es\/wp-content\/uploads\/2022\/12\/Diego7-199x300.jpg\" alt=\"\" width=\"199\" height=\"300\" srcset=\"https:\/\/dimensionturistica.com\/es\/wp-content\/uploads\/2022\/12\/Diego7-199x300.jpg 199w, https:\/\/dimensionturistica.com\/es\/wp-content\/uploads\/2022\/12\/Diego7-679x1024.jpg 679w, https:\/\/dimensionturistica.com\/es\/wp-content\/uploads\/2022\/12\/Diego7-768x1158.jpg 768w, https:\/\/dimensionturistica.com\/es\/wp-content\/uploads\/2022\/12\/Diego7-750x1131.jpg 750w, https:\/\/dimensionturistica.com\/es\/wp-content\/uploads\/2022\/12\/Diego7.jpg 843w\" sizes=\"(max-width: 199px) 100vw, 199px\" \/>El lugar cuenta cuenta con una vasta gastronom\u00eda que nace de la inspiraci\u00f3n del chef David Gallegos, que va, desde entradas como las ya famosas Rocas Trufadas o la alcachofa adobada; del mar el aguachile rojo, tiradito de salm\u00f3n: del campo, infladitas laguneras, sopes de rib eye, tacos de chicharr\u00f3n, pulpo y tu\u00e9tano, as\u00ed como la Ensalada Frida, crema de<img decoding=\"async\" class=\"size-medium wp-image-440518 alignright\" src=\"https:\/\/dimensionturistica.com\/es\/wp-content\/uploads\/2022\/12\/Diego4-199x300.jpg\" alt=\"\" width=\"199\" height=\"300\" srcset=\"https:\/\/dimensionturistica.com\/es\/wp-content\/uploads\/2022\/12\/Diego4-199x300.jpg 199w, https:\/\/dimensionturistica.com\/es\/wp-content\/uploads\/2022\/12\/Diego4-680x1024.jpg 680w, https:\/\/dimensionturistica.com\/es\/wp-content\/uploads\/2022\/12\/Diego4-768x1157.jpg 768w, https:\/\/dimensionturistica.com\/es\/wp-content\/uploads\/2022\/12\/Diego4-750x1130.jpg 750w, https:\/\/dimensionturistica.com\/es\/wp-content\/uploads\/2022\/12\/Diego4.jpg 845w\" sizes=\"(max-width: 199px) 100vw, 199px\" \/> lenteja\u00a0y foie gras, costillas de res Cragada, y para cerrar un delicioso flan de reques\u00f3n, preparados con productos e ingredientes locales de la mejor calidad. En su hermosa terraza con capacidad para 40 comensales con vista a Avenida Masaryk, se puede disfrutar de una agradable sobremesa.<br \/>\nAs\u00ed como su oferta gastron\u00f3mica preparada con los mejores y m\u00e1s frescos ingredientes locales, Diego y Yo ofrece una experiencia sin igual en su selecci\u00f3n de cocteler\u00eda y bebidas sin alcohol, adem\u00e1s de una amplia carta de vinos nacionales e importados.<br \/>\nDiego y Yo<br \/>\nPresidente Masaryk 123, Colonia Polanco<br \/>\nCDMX<br \/>\nwww.diegoyyo.mx<br \/>\nIG: @diegoyyomasaryk<\/p>\n","protected":false},"excerpt":{"rendered":"<p>Sin duda Frida Kahlo y Diego Rivera son dos de los referentes art\u00edsticos y emblem\u00e1ticos de la cultura nacional. El nuevo restaurante Diego y Yo inspira su decoraci\u00f3n y concepto que naci\u00f3 en Torre\u00f3n, con el objetivo de impulsar la gastronom\u00eda tradicional de M\u00e9xico con un toque gourmet. En cada uno de sus espacios, Diego [&hellip;]<\/p>\n","protected":false},"author":1,"featured_media":440519,"comment_status":"open","ping_status":"closed","sticky":false,"template":"","format":"standard","meta":{"om_disable_all_campaigns":false,"jnews-multi-image_gallery":[],"jnews_single_post":{"source_name":"","source_url":"","via_name":"","via_url":"","override_template":"0","override":[{"template":"1","single_blog_custom":"","parallax":"1","fullscreen":"1","layout":"right-sidebar","sidebar":"default-sidebar","second_sidebar":"default-sidebar","sticky_sidebar":"1","share_position":"top","share_float_style":"share-monocrhome","show_share_counter":"1","show_view_counter":"1","show_featured":"1","show_post_meta":"1","show_post_author":"1","show_post_author_image":"1","show_post_date":"1","post_date_format":"default","post_date_format_custom":"Y\/m\/d","show_post_category":"1","show_post_reading_time":"0","post_reading_time_wpm":"300","show_zoom_button":"0","zoom_button_out_step":"2","zoom_button_in_step":"3","show_post_tag":"1","show_prev_next_post":"1","show_popup_post":"1","number_popup_post":"1","show_author_box":"0","show_post_related":"0","show_inline_post_related":"0"}],"override_image_size":"0","image_override":[{"single_post_thumbnail_size":"crop-500","single_post_gallery_size":"crop-500"}],"trending_post":"0","trending_post_position":"meta","trending_post_label":"Trending","sponsored_post":"0","sponsored_post_label":"Sponsored by","sponsored_post_name":"","sponsored_post_url":"","sponsored_post_logo_enable":"0","sponsored_post_logo":"","sponsored_post_desc":"","disable_ad":"0"},"jnews_primary_category":{"id":"","hide":""},"jnews_social_meta":{"fb_title":"","fb_description":"","fb_image":"","twitter_title":"","twitter_description":"","twitter_image":""},"footnotes":""},"categories":[43],"tags":[],"class_list":["post-440515","post","type-post","status-publish","format-standard","has-post-thumbnail","hentry","category-gourmet"],"_links":{"self":[{"href":"https:\/\/dimensionturistica.com\/es\/wp-json\/wp\/v2\/posts\/440515","targetHints":{"allow":["GET"]}}],"collection":[{"href":"https:\/\/dimensionturistica.com\/es\/wp-json\/wp\/v2\/posts"}],"about":[{"href":"https:\/\/dimensionturistica.com\/es\/wp-json\/wp\/v2\/types\/post"}],"author":[{"embeddable":true,"href":"https:\/\/dimensionturistica.com\/es\/wp-json\/wp\/v2\/users\/1"}],"replies":[{"embeddable":true,"href":"https:\/\/dimensionturistica.com\/es\/wp-json\/wp\/v2\/comments?post=440515"}],"version-history":[{"count":0,"href":"https:\/\/dimensionturistica.com\/es\/wp-json\/wp\/v2\/posts\/440515\/revisions"}],"wp:featuredmedia":[{"embeddable":true,"href":"https:\/\/dimensionturistica.com\/es\/wp-json\/wp\/v2\/media\/440519"}],"wp:attachment":[{"href":"https:\/\/dimensionturistica.com\/es\/wp-json\/wp\/v2\/media?parent=440515"}],"wp:term":[{"taxonomy":"category","embeddable":true,"href":"https:\/\/dimensionturistica.com\/es\/wp-json\/wp\/v2\/categories?post=440515"},{"taxonomy":"post_tag","embeddable":true,"href":"https:\/\/dimensionturistica.com\/es\/wp-json\/wp\/v2\/tags?post=440515"}],"curies":[{"name":"wp","href":"https:\/\/api.w.org\/{rel}","templated":true}]}}