{"id":440425,"date":"2022-12-08T22:47:57","date_gmt":"2022-12-08T22:47:57","guid":{"rendered":"https:\/\/dimensionturistica.com\/es\/?p=440425"},"modified":"2022-12-08T22:47:57","modified_gmt":"2022-12-08T22:47:57","slug":"erradicar-la-informalidad-de-las-empresas-de-seguridad-privada-principal-objetivo-principal-del-nuevo-dirigente-de-amesp","status":"publish","type":"post","link":"https:\/\/dimensionturistica.com\/es\/erradicar-la-informalidad-de-las-empresas-de-seguridad-privada-principal-objetivo-principal-del-nuevo-dirigente-de-amesp\/","title":{"rendered":"Erradicar la informalidad de las empresas de seguridad privada, principal objetivo principal del nuevo dirigente de AMESP"},"content":{"rendered":"<p>Formalizar el mayor n\u00famero de empresas de seguridad privada que hoy operan en el pa\u00eds fuera del marco legal, su profesionalizaci\u00f3n y mejorar las condiciones de trabajo del personal que en ellas laboran, es el principal reto de la nueva mesa directiva de la Asociaci\u00f3n Mexicana de Empresas de Seguridad Privada (AMESP), encabezada por Gabriel Bernal G\u00f3mez.<br \/>\nAl tomar posesi\u00f3n de su cargo, para el bienio 2022-2024, el nuevo dirigente de la Asociaci\u00f3n m\u00e1s grande e importante de este sector en M\u00e9xico asumi\u00f3 la responsabilidad, junto con su equipo de trabajo, de crear bases s\u00f3lidas para proponer acuerdos y compromisos que garanticen el avance sostenido de la seguridad<img decoding=\"async\" class=\" wp-image-440430 alignright\" src=\"https:\/\/dimensionturistica.com\/es\/wp-content\/uploads\/2022\/12\/2-TOMA-DE-POSESION-300x200.jpg\" alt=\"\" width=\"360\" height=\"240\" srcset=\"https:\/\/dimensionturistica.com\/es\/wp-content\/uploads\/2022\/12\/2-TOMA-DE-POSESION-300x200.jpg 300w, https:\/\/dimensionturistica.com\/es\/wp-content\/uploads\/2022\/12\/2-TOMA-DE-POSESION.jpg 600w\" sizes=\"(max-width: 360px) 100vw, 360px\" \/> privada, consolidando esfuerzos con m\u00faltiples actores de los sectores p\u00fablicos e institucionales.<br \/>\nGabriel Bernal G\u00f3mez, dijo que la seguridad privada es un componente estrat\u00e9gico en la econom\u00eda y en el desarrollo nacional ya que ha presentado un importante crecimiento y auge en los dos \u00faltimos a\u00f1os, detonado por la percepci\u00f3n de inseguridad que vive el pa\u00eds. Los servicios que proporciona est\u00e1n en todos los sectores y regiones, brindando a quienes les sirve: paz y protecci\u00f3n.<br \/>\nLa constante demanda de servicios detona tambi\u00e9n, precis\u00f3, elementos de competitividad y pasos firmes para convertirse en un motor econ\u00f3mico que genera constantemente nuevos puestos de trabajo.<br \/>\nOtros de los objetivos planteados para los pr\u00f3ximos dos a\u00f1os, se\u00f1al\u00f3, es la construcci\u00f3n de un padr\u00f3n empresarial y un registro nacional especializado en las empresas dedicadas a las m\u00faltiples aristas de la seguridad privada con oferta de servicios, alcances, especialidad, competitividad y experiencia. Esto tendr\u00e1 una aportaci\u00f3n cr\u00edtica al registro federal que derivar\u00e1 de la ley federal de seguridad privada cuyo proyecto de ley todav\u00eda tendr\u00e1 que ser enviado al Congreso de la Uni\u00f3n para su aprobaci\u00f3n.<br \/>\nSi bien es necesario fortalecer a las empresas de seguridad y vigilancia, que actualmente operan en el pa\u00eds, es igual de relevante sumar a las filas de la AMESP aquellas que hoy todav\u00eda no son parte de esta asociaci\u00f3n. Reconoci\u00f3 que su representaci\u00f3n es baja, por lo que habr\u00e1 que trabajar arduamente para incrementarla.<br \/>\nAnunci\u00f3 la apertura de oficinas representativas de la AMESP en las ciudades de Tijuana, Quer\u00e9taro, Guadalajara, Veracruz y Canc\u00fan, seguir su lucha por la creaci\u00f3n de la C\u00e1mara de la industria de la seguridad privada, construir la estad\u00edstica nacional e internacional de la seguridad privada, promover la educaci\u00f3n continua de sus socios y mejorar la profesionalizaci\u00f3n de su personal.<br \/>\nLa seguridad privada, insisti\u00f3, est\u00e1 m\u00e1s unida que nunca y eso es por todos los que la conformamos.<br \/>\nHizo un amplio reconocimiento a la labor desarrollada por la mesa directiva saliente encabezada por el capit\u00e1n Salvador L\u00f3pez Contreras.<br \/>\nA su vez, este \u00faltimo, al rendir su informe de labores al frente de la Asociaci\u00f3n en los dos \u00faltimos a\u00f1os, dej\u00f3 en claro que este sector no puede pensarse como fruto de la inseguridad, el temor y la incompetencia<img decoding=\"async\" class=\" wp-image-440429 alignright\" src=\"https:\/\/dimensionturistica.com\/es\/wp-content\/uploads\/2022\/12\/1-TOMA-DE-POSESION-300x197.jpg\" alt=\"\" width=\"379\" height=\"249\" srcset=\"https:\/\/dimensionturistica.com\/es\/wp-content\/uploads\/2022\/12\/1-TOMA-DE-POSESION-300x197.jpg 300w, https:\/\/dimensionturistica.com\/es\/wp-content\/uploads\/2022\/12\/1-TOMA-DE-POSESION.jpg 500w\" sizes=\"(max-width: 379px) 100vw, 379px\" \/> solamente. \u201cDebemos borrar ese estigma, somos una industria vinculada al desarrollo. Principalmente, una industria fuerte que acompa\u00f1a el crecimiento del pa\u00eds, vamos caminando y apoyando el nacimiento y crecimiento de las ciudades y sociedades mexicanas; acompa\u00f1amos con profesionalismo y con desarrollo tecnol\u00f3gico la creaci\u00f3n y continuidad de los negocios, las infraestructuras y las familias mexicanas\u201d.<br \/>\n\u201cLa seguridad privada es transversal, colaboramos con instancias privadas; somos coadyuvantes de la seguridad p\u00fablica y tambi\u00e9n proveemos soluciones a las agencias de defensa y seguridad nacional; el torrente sangu\u00edneo financiero transita sobre nuestras empresas de valores. Somos un sector estrat\u00e9gico y componente elemental para el desarrollo nacional, lo hemos y lo demostramos cada d\u00eda\u201d, afirm\u00f3.<br \/>\nSe pronunci\u00f3 por la aprobaci\u00f3n en el Congreso de la Uni\u00f3n de la Ley General de Seguridad Privada y la Creaci\u00f3n de la C\u00e1mara Nacional de la Seguridad Privada, ya que sin reglas claras \u201cse nos dificulta enormemente operar \u00e1gilmente, esto en dem\u00e9rito de los usuarios\u201d<br \/>\nHizo entrega de una AMESP renovada, fuerte, pero sobre todo saludable, briosa, potente con ganas de seguir creciendo y de consolidarse, unida y hablando bien de la seguridad, potencializando a trav\u00e9s de la profesionalizaci\u00f3n y desarrollo de la industria de la Seguridad Privada.<br \/>\nAl evento asistieron el general Jos\u00e9 Manuel Ram\u00edrez Mart\u00ednez, Director General del Registro Federal de Armas de Fuego y Control explosivos de la Secretar\u00eda de la Defensa Nacional, en representaci\u00f3n del titular del ramo General Luis Crescencio Sandoval; la senadora Jes\u00fas Lucia Trasvi\u00f1a, presidenta de la Comisi\u00f3n de Seguridad P\u00fablica de la C\u00e1mara de Senadores; Jos\u00e9 Enrique Vallarta, director general de Pol\u00edtica y Desarrollo Penitenciario de la Secretar\u00eda de Seguridad y Protecci\u00f3n Ciudadana; Ignacio Hern\u00e1ndez Ordu\u00f1a, director general de Seguridad Privada, en representaci\u00f3n del subsecretario de Seguridad P\u00fablica, Ricardo Mej\u00eda Berdeja; Jorge S\u00e1nchez Arellano, director general de An\u00e1lisis y Prospectiva para la pol\u00edtica interior de la Secretar\u00eda de Gobernaci\u00f3n; Hermenegildo Lugo Lara, subsecretario de Inteligencia e Investigaci\u00f3n de la Secretar\u00eda de Seguridad Ciudadana de la Ciudad de M\u00e9xico, entre otros.<br \/>\nPara m\u00e1s informaci\u00f3n: www.amesp.mx<\/p>\n","protected":false},"excerpt":{"rendered":"<p>Formalizar el mayor n\u00famero de empresas de seguridad privada que hoy operan en el pa\u00eds fuera del marco legal, su profesionalizaci\u00f3n y mejorar las condiciones de trabajo del personal que en ellas laboran, es el principal reto de la nueva mesa directiva de la Asociaci\u00f3n Mexicana de Empresas de Seguridad Privada (AMESP), encabezada por Gabriel [&hellip;]<\/p>\n","protected":false},"author":1,"featured_media":440431,"comment_status":"open","ping_status":"closed","sticky":false,"template":"","format":"standard","meta":{"om_disable_all_campaigns":false,"jnews-multi-image_gallery":[],"jnews_single_post":{"source_name":"","source_url":"","via_name":"","via_url":"","override_template":"0","override":[{"template":"1","single_blog_custom":"","parallax":"1","fullscreen":"1","layout":"right-sidebar","sidebar":"default-sidebar","second_sidebar":"default-sidebar","sticky_sidebar":"1","share_position":"top","share_float_style":"share-monocrhome","show_share_counter":"1","show_view_counter":"1","show_featured":"1","show_post_meta":"1","show_post_author":"1","show_post_author_image":"1","show_post_date":"1","post_date_format":"default","post_date_format_custom":"Y\/m\/d","show_post_category":"1","show_post_reading_time":"0","post_reading_time_wpm":"300","show_zoom_button":"0","zoom_button_out_step":"2","zoom_button_in_step":"3","show_post_tag":"1","show_prev_next_post":"1","show_popup_post":"1","number_popup_post":"1","show_author_box":"0","show_post_related":"0","show_inline_post_related":"0"}],"override_image_size":"0","image_override":[{"single_post_thumbnail_size":"crop-500","single_post_gallery_size":"crop-500"}],"trending_post":"0","trending_post_position":"meta","trending_post_label":"Trending","sponsored_post":"0","sponsored_post_label":"Sponsored by","sponsored_post_name":"","sponsored_post_url":"","sponsored_post_logo_enable":"0","sponsored_post_logo":"","sponsored_post_desc":"","disable_ad":"0"},"jnews_primary_category":{"id":"","hide":""},"jnews_social_meta":{"fb_title":"","fb_description":"","fb_image":"","twitter_title":"","twitter_description":"","twitter_image":""},"footnotes":""},"categories":[40],"tags":[],"class_list":["post-440425","post","type-post","status-publish","format-standard","has-post-thumbnail","hentry","category-industria"],"_links":{"self":[{"href":"https:\/\/dimensionturistica.com\/es\/wp-json\/wp\/v2\/posts\/440425","targetHints":{"allow":["GET"]}}],"collection":[{"href":"https:\/\/dimensionturistica.com\/es\/wp-json\/wp\/v2\/posts"}],"about":[{"href":"https:\/\/dimensionturistica.com\/es\/wp-json\/wp\/v2\/types\/post"}],"author":[{"embeddable":true,"href":"https:\/\/dimensionturistica.com\/es\/wp-json\/wp\/v2\/users\/1"}],"replies":[{"embeddable":true,"href":"https:\/\/dimensionturistica.com\/es\/wp-json\/wp\/v2\/comments?post=440425"}],"version-history":[{"count":0,"href":"https:\/\/dimensionturistica.com\/es\/wp-json\/wp\/v2\/posts\/440425\/revisions"}],"wp:featuredmedia":[{"embeddable":true,"href":"https:\/\/dimensionturistica.com\/es\/wp-json\/wp\/v2\/media\/440431"}],"wp:attachment":[{"href":"https:\/\/dimensionturistica.com\/es\/wp-json\/wp\/v2\/media?parent=440425"}],"wp:term":[{"taxonomy":"category","embeddable":true,"href":"https:\/\/dimensionturistica.com\/es\/wp-json\/wp\/v2\/categories?post=440425"},{"taxonomy":"post_tag","embeddable":true,"href":"https:\/\/dimensionturistica.com\/es\/wp-json\/wp\/v2\/tags?post=440425"}],"curies":[{"name":"wp","href":"https:\/\/api.w.org\/{rel}","templated":true}]}}