{"id":440392,"date":"2022-12-08T22:29:21","date_gmt":"2022-12-08T22:29:21","guid":{"rendered":"https:\/\/dimensionturistica.com\/es\/?p=440392"},"modified":"2024-02-20T22:10:22","modified_gmt":"2024-02-20T22:10:22","slug":"expo-guadalajara-sera-el-lugar-perfecto-para-la-presentacion-de-intermoda-78-del-17-al-20-de-enero-2023","status":"publish","type":"post","link":"https:\/\/dimensionturistica.com\/es\/expo-guadalajara-sera-el-lugar-perfecto-para-la-presentacion-de-intermoda-78-del-17-al-20-de-enero-2023\/","title":{"rendered":"Expo Guadalajara ser\u00e1 el lugar perfecto para la presentaci\u00f3n de Intermoda 78\u00b0 del 17 al 20 de enero 2023"},"content":{"rendered":"<p>La edici\u00f3n n\u00famero 78 de Intermoda, se llevar\u00e1 a cabo del 17 al 20 de enero de 2023, en Expo Guadalajara,<img decoding=\"async\" class=\"size-medium wp-image-440417 alignleft\" src=\"https:\/\/dimensionturistica.com\/es\/wp-content\/uploads\/2022\/12\/XXXXFUSONI-300x201.jpg\" alt=\"\" width=\"300\" height=\"201\" srcset=\"https:\/\/dimensionturistica.com\/es\/wp-content\/uploads\/2022\/12\/XXXXFUSONI-300x201.jpg 300w, https:\/\/dimensionturistica.com\/es\/wp-content\/uploads\/2022\/12\/XXXXFUSONI.jpg 600w\" sizes=\"(max-width: 300px) 100vw, 300px\" \/> donde se espera la asistencia de 21 mil compradores mayoristas, los cuales podr\u00e1n visitar 12 pabellones instalados en un \u00e1rea de 45 mil metros cuadrados. Contar\u00e1n con mil 400 stands de mil marcas, inform\u00f3 en conferencia de prensa el presidente de Intermoda Jorge Castellanos.<br \/>\nInform\u00f3 que Intermoda es la plataforma de negocios m\u00e1s importante de Latinoam\u00e9rica y en esta ocasi\u00f3n se contar\u00e1 con un nuevo pabell\u00f3n de \u201cFabricantes y Maquila de M\u00e9xico\u201d, el cual tendr\u00e1 como objetivo impulsar a los productores e integrarlos a los diversos mercados internacionales para darle un fuerte impulso a la industria de la moda en M\u00e9xico.<br \/>\nJorge Castellanos coment\u00f3 que, con 39 a\u00f1os de historia, esta plataforma es donde miles de empresas han generado negocios y propiciado una amplia cadena de valor para la industria de nuestro pa\u00eds. En esta ocasi\u00f3n se espera la asistencia de compradores de 18 pa\u00edses, con lo cual Intermoda seguir\u00e1 consolid\u00e1ndose<img decoding=\"async\" class=\"size-medium wp-image-440406 alignright\" src=\"https:\/\/dimensionturistica.com\/es\/wp-content\/uploads\/2022\/12\/FUSONI1-300x201.jpg\" alt=\"\" width=\"300\" height=\"201\" srcset=\"https:\/\/dimensionturistica.com\/es\/wp-content\/uploads\/2022\/12\/FUSONI1-300x201.jpg 300w, https:\/\/dimensionturistica.com\/es\/wp-content\/uploads\/2022\/12\/FUSONI1.jpg 600w\" sizes=\"(max-width: 300px) 100vw, 300px\" \/> como el principal impulsor de la moda en M\u00e9xico.<br \/>\nAdem\u00e1s, dio a conocer que, en las \u00faltimas cuatro ediciones, se ha dado gran impulso a los emprendedores, para que los nuevos talentos se incorporen al mercado formal.<br \/>\nTambi\u00e9n anunci\u00f3 que arrancar\u00e1 un programa muy ambicioso donde Intermoda, mentores de la industria y el dise\u00f1ador Benito Santos, se unen para apoyar a cinco dise\u00f1adores del estado de Jalisco que est\u00e1n muy interesados en incorporarse al dise\u00f1o comercial, a los cuales se van a apoyar d\u00e1ndoles tutor\u00eda, con el fin de presentar sus colecciones.<br \/>\nLa conferencia de prensa que se llev\u00f3 a cabo en instalaciones de la C\u00e1mara Nacional de la Industria del Vestido y su presidente Emilio Penhos, manifest\u00f3 que este sector econ\u00f3mico vive actualmente uno de sus mejores momentos, ya que atraviesa por un proceso de franca recuperaci\u00f3n, enfrent\u00e1ndose con \u00e9xito a la competencia internacional, gracias al trabajo en equipo que en ella se realiza. La exportaci\u00f3n de ropa fabricada en M\u00e9xico es actualmente de 7 mil 700 millones de d\u00f3lares.<br \/>\nHoy somos el lugar 16 en exportaci\u00f3n de prendas de vestir en el mundo, generando alrededor de 300 mil empleos directos, formales, la mayor\u00eda son ocupados por mujeres jefas de familia. La producci\u00f3n formal de prendas est\u00e1 concentrada en 14.6 por ciento de los establecimientos formales registrados por el INEGI, en ellos se produce el 97 por ciento de prendas de nuestro pa\u00eds y se genera el 85 por ciento del empleo formal<img decoding=\"async\" class=\"size-medium wp-image-440403 alignright\" src=\"https:\/\/dimensionturistica.com\/es\/wp-content\/uploads\/2022\/12\/FUSONI6-300x219.jpg\" alt=\"\" width=\"300\" height=\"219\" srcset=\"https:\/\/dimensionturistica.com\/es\/wp-content\/uploads\/2022\/12\/FUSONI6-300x219.jpg 300w, https:\/\/dimensionturistica.com\/es\/wp-content\/uploads\/2022\/12\/FUSONI6.jpg 390w\" sizes=\"(max-width: 300px) 100vw, 300px\" \/> del sector.<br \/>\nTodos ellos son trabajadores con el esquema de protecci\u00f3n social, con todas las prestaciones que marca la ley.<br \/>\nDijo que al final de 2022 se espera un crecimiento en sus exportaciones de alrededor de un 22 por ciento. Por ello, subray\u00f3 que la CANAIVE se pronuncia en contra del contrabando y las pr\u00e1cticas desleales de comercio.<br \/>\nPor su parte, la dise\u00f1adora Lydia Lav\u00edn, dio a conocer que contar\u00e1 con la pasarela inaugural de Intermoda y en esta ocasi\u00f3n, se har\u00e1 un homenaje a los fabricantes de henequ\u00e9n, por lo que en los pr\u00f3ximos d\u00edas se har\u00e1 una filmaci\u00f3n especial en M\u00e9rida, Yucat\u00e1n, en la \u00fanica hacienda henequenera que existe actualmente y que sigue produciendo esta importante planta.<br \/>\nEn su turno, Anna Fusoni, curadora del pabell\u00f3n Trending, mostr\u00f3 su satisfacci\u00f3n por la forma en como Intermoda ha apoyado a los dise\u00f1adores y la evoluci\u00f3n esta zona. Gracias a ello, los compradores ya aprendieron a comprarles a los creadores de moda, con lo cual estos han podido desarrollarse plenamente. Por ello, ahora, en el lugar donde estos se ubican, es una zona que vibra en creatividad.<br \/>\nElena Hurtado, CEO de Intermoda, dio a conocer el contenido de la 78 edici\u00f3n de Intermoda, en donde se contar\u00e1 con tres \u00e1reas del conocimiento. Una de ellas, ubicada en la parte alta de la expo, la cual tiene un formato de panel de discusi\u00f3n entre l\u00edderes, los cuales hablar\u00e1n de sustentabilidad, negocios, perspectivas econ\u00f3micas, entre otras.<br \/>\nSe\u00f1al\u00f3 que se contar\u00e1 nuevamente con Fahion Space, la primera plataforma h\u00edbrida donde marcas exclusivas y dise\u00f1adores reconocidos presentan colecciones con performance de alto impacto.<br \/>\nFinalmente, talleres especializados por medio de expertos en el \u00e1rea de Mindset y experiencias para enriquecer la visita de expositores y compradores, a trav\u00e9s de degustaciones gastron\u00f3micas, catas, actividades de entretenimiento, clases de belleza, cocteles en las pasarelas, entre otras.<\/p>\n<p>&nbsp;<\/p>\n","protected":false},"excerpt":{"rendered":"<p>La edici\u00f3n n\u00famero 78 de Intermoda, se llevar\u00e1 a cabo del 17 al 20 de enero de 2023, en Expo Guadalajara, donde se espera la asistencia de 21 mil compradores mayoristas, los cuales podr\u00e1n visitar 12 pabellones instalados en un \u00e1rea de 45 mil metros cuadrados. Contar\u00e1n con mil 400 stands de mil marcas, inform\u00f3 [&hellip;]<\/p>\n","protected":false},"author":1,"featured_media":440402,"comment_status":"open","ping_status":"closed","sticky":false,"template":"","format":"standard","meta":{"om_disable_all_campaigns":false,"jnews-multi-image_gallery":[],"jnews_single_post":{"source_name":"","source_url":"","via_name":"","via_url":"","override_template":"0","override":[{"template":"1","single_blog_custom":"","parallax":"1","fullscreen":"1","layout":"right-sidebar","sidebar":"default-sidebar","second_sidebar":"default-sidebar","sticky_sidebar":"1","share_position":"top","share_float_style":"share-monocrhome","show_share_counter":"1","show_view_counter":"1","show_featured":"1","show_post_meta":"1","show_post_author":"1","show_post_author_image":"1","show_post_date":"1","post_date_format":"default","post_date_format_custom":"Y\/m\/d","show_post_category":"1","show_post_reading_time":"0","post_reading_time_wpm":"300","show_zoom_button":"0","zoom_button_out_step":"2","zoom_button_in_step":"3","show_post_tag":"1","show_prev_next_post":"1","show_popup_post":"1","number_popup_post":"1","show_author_box":"0","show_post_related":"0","show_inline_post_related":"0"}],"override_image_size":"0","image_override":[{"single_post_thumbnail_size":"crop-500","single_post_gallery_size":"crop-500"}],"trending_post":"0","trending_post_position":"meta","trending_post_label":"Trending","sponsored_post":"0","sponsored_post_label":"Sponsored by","sponsored_post_name":"","sponsored_post_url":"","sponsored_post_logo_enable":"0","sponsored_post_logo":"","sponsored_post_desc":"","disable_ad":"0"},"jnews_primary_category":{"id":"","hide":""},"jnews_social_meta":{"fb_title":"","fb_description":"","fb_image":"","twitter_title":"","twitter_description":"","twitter_image":""},"footnotes":""},"categories":[144872],"tags":[],"class_list":["post-440392","post","type-post","status-publish","format-standard","has-post-thumbnail","hentry","category-fashion"],"_links":{"self":[{"href":"https:\/\/dimensionturistica.com\/es\/wp-json\/wp\/v2\/posts\/440392","targetHints":{"allow":["GET"]}}],"collection":[{"href":"https:\/\/dimensionturistica.com\/es\/wp-json\/wp\/v2\/posts"}],"about":[{"href":"https:\/\/dimensionturistica.com\/es\/wp-json\/wp\/v2\/types\/post"}],"author":[{"embeddable":true,"href":"https:\/\/dimensionturistica.com\/es\/wp-json\/wp\/v2\/users\/1"}],"replies":[{"embeddable":true,"href":"https:\/\/dimensionturistica.com\/es\/wp-json\/wp\/v2\/comments?post=440392"}],"version-history":[{"count":0,"href":"https:\/\/dimensionturistica.com\/es\/wp-json\/wp\/v2\/posts\/440392\/revisions"}],"wp:featuredmedia":[{"embeddable":true,"href":"https:\/\/dimensionturistica.com\/es\/wp-json\/wp\/v2\/media\/440402"}],"wp:attachment":[{"href":"https:\/\/dimensionturistica.com\/es\/wp-json\/wp\/v2\/media?parent=440392"}],"wp:term":[{"taxonomy":"category","embeddable":true,"href":"https:\/\/dimensionturistica.com\/es\/wp-json\/wp\/v2\/categories?post=440392"},{"taxonomy":"post_tag","embeddable":true,"href":"https:\/\/dimensionturistica.com\/es\/wp-json\/wp\/v2\/tags?post=440392"}],"curies":[{"name":"wp","href":"https:\/\/api.w.org\/{rel}","templated":true}]}}