{"id":440115,"date":"2022-12-08T11:49:10","date_gmt":"2022-12-08T11:49:10","guid":{"rendered":"https:\/\/dimensionturistica.com\/es\/?p=440115"},"modified":"2022-12-08T11:49:10","modified_gmt":"2022-12-08T11:49:10","slug":"los-10-paises-mas-peligrosos-del-mundo-para-viajar","status":"publish","type":"post","link":"https:\/\/dimensionturistica.com\/es\/los-10-paises-mas-peligrosos-del-mundo-para-viajar\/","title":{"rendered":"Los 10 pa\u00edses m\u00e1s peligrosos del mundo para viajar"},"content":{"rendered":"<p> <br \/>\n<\/p>\n<div>\n<p class=\"paragraph \" id=\"m97-96-98\">Todos los pa\u00edses del mundo merecen una visita por sus paisajes, cultura, patrimonio&#8230; Pero a la hora de viajar, la <strong>seguridad <\/strong>tambi\u00e9n es un issue clave muy importante a tener en cuenta. En este sentido, desde la compa\u00f1\u00eda mundial de seguros de viaje, Worldwide SOS, han elaborado su mapa anual para este 2022 mostrando <strong>los pa\u00edses menos seguros<\/strong>, es decir, a los que deber\u00edamos evitar viajar.<\/p>\n<h2 id=\"m102-101-103\">Terrorismo, guerra, desastres naturales&#8230;<\/h2>\n<p class=\"paragraph \" id=\"m107-106-108\">El informe de Worldwide SOS se realiza a trav\u00e9s de una encuesta a m\u00e1s de 1.000 profesionales de 75 pa\u00edses. La calificaci\u00f3n del riesgo tiene en cuenta factores como el <strong>terrorismo<\/strong>, los <strong>disturbios<\/strong>, la <strong>guerra<\/strong>, los delitos menores y violentos y la violencia sectaria, comunitaria y \u00e9tnica. Asimismo, tambi\u00e9n tiene en cuenta otras cuestiones como la <strong>eficacia de los servicios de seguridad <\/strong>y emergencia, la susceptibilidad del pa\u00eds a los <strong>desastres naturales <\/strong>y la solidez de la infraestructura de transporte.<\/p>\n<article class=\"media media-integrated  with-icon-gallery\" id=\"m112-111-113\">\n<div>\n<figure class=\"figure-100\">\n            <a rel=\"nofollow noopener\" target=\"_blank\" href=\"https:\/\/www.20minutos.es\/imagenes\/viajes\/destinos\/paises-mas-seguros-viajar-solo-criminalidad-4947257\/\"><br \/>\n                <span class=\"accessTypeIcon withImage\"><em class=\"member boxIcon\"\/><\/span><br \/>\n                <img decoding=\"async\" loading=\"lazy\" width=\"318\" height=\"178\" alt=\"Austria es un pa\u00eds muy seguro. Desde el punto de vista tur\u00edstico no hay que preocuparse m\u00e1s que por los carteristas en el transporte p\u00fablico y en los lugares con m\u00e1s aglomeraciones de visitantes. Si practicas esqu\u00ed deber\u00edas tener cuidado con los aludes que ocurren cada a\u00f1o en el pa\u00eds. No puedes dejar de conocer la belleza de Salzburgo, los secretos de Swarovski en Wattens y los preciosos paisaje del Valle de Stubai.\" src=\"https:\/\/imagenes.20minutos.es\/files\/image_318_v3\/uploads\/imagenes\/2022\/01\/26\/9-austria-74-4.jpeg\" data-full-src=\"https:\/\/www.20minutos.es\/uploads\/imagenes\/2022\/01\/26\/9-austria-74-4.jpeg\"\/><br \/>\n            <\/a><br \/>\n        <\/figure>\n<\/p><\/div>\n<\/article>\n<p class=\"paragraph \" id=\"m147-146-148\">El resultado del estudio clasifica a los pa\u00edses siguiendo una escala de colores. El verde hace referencia a un riesgo de seguridad insignificante, es decir, pa\u00edses con tasas de delitos violentos muy baja, sin violencia pol\u00edtica significativa ni disturbios civiles (<strong>Noruega, Dinamarca, Suiza&#8230;<\/strong>). El amarillo, naranja y rojo corresponden al riesgo de seguridad bajo (<strong>Espa\u00f1a, Estados Unidos, Jap\u00f3n&#8230;<\/strong>), medio (<strong>Turqu\u00eda, Brasil, T\u00fanez&#8230;<\/strong>) o alto (<strong>Venezuela, Argelia, Hait\u00ed&#8230;<\/strong>), respectivamente.<\/p>\n<p class=\"paragraph \" id=\"m152-151-153\">Finalmente, el shade granate oscuro es para los pa\u00edses con un <strong>riesgo de seguridad extremo<\/strong>, donde el management gubernamental y la ley y el orden pueden ser m\u00ednimos o inexistentes en grandes \u00e1reas, hay una grave amenaza de ataques violentos por parte de grupos armados contra viajeros, los servicios gubernamentales y de transporte apenas funcionan y gran parte del territorio nacional es inaccesible para los extranjeros.<\/p>\n<div id=\"m157-156-158\">\n<figure class=\"article-picture\">\n        <img decoding=\"async\" loading=\"lazy\" width=\"656\" height=\"558\" alt=\"Calles de Kabul, Afganist\u00e1n.\" src=\"https:\/\/imagenes.20minutos.es\/files\/image_656_558\/uploads\/imagenes\/2022\/12\/08\/fotografia-afganistan.jpeg\" data-full-src=\"https:\/\/www.20minutos.es\/uploads\/imagenes\/2022\/12\/08\/fotografia-afganistan.jpeg\"\/><figcaption id=\"m168-167-169\">Calles de Kabul, Afganist\u00e1n.<\/figcaption><span class=\"author \" id=\"m173-172-174\">123ducu \/ iStock<\/span><\/figure>\n<\/div>\n<h2 id=\"m184-183-185\">Los pa\u00edses con riesgo extremo<\/h2>\n<p class=\"paragraph \" id=\"m189-188-190\">En este \u00faltimo rango de inseguridad extrema encontramos pa\u00edses como <strong>Ucrania<\/strong>, cuya situaci\u00f3n se ha visto desfavorecida por completo por la guerra. Se suman otras naciones como <strong>Mal\u00ed<\/strong>, donde hay un gran riesgo de secuestro de occidentales y atentados terroristas debido a la presencia en la regi\u00f3n del Sahel de redes de criminalidad organizada y de grupos terroristas.<\/p>\n<p class=\"paragraph \" id=\"m194-193-195\">En cuanto a <strong>Afganist\u00e1n<\/strong>, el pa\u00eds vive una situaci\u00f3n de conflicto, con episodios recurrentes de violencia, combates armados, ataque con bombas y suicidas y secuestros a mano armada. Por otro lado, en <strong>Siria <\/strong>e <strong>Irak <\/strong>tambi\u00e9n hay actividad de varios grupos terroristas.<\/p>\n<article class=\"media media-integrated \" id=\"m199-198-200\">\n<div>\n<figure class=\"figure-100\">\n            <a rel=\"nofollow noopener\" target=\"_blank\" href=\"https:\/\/www.20minutos.es\/viajes\/actualidad\/tres-paises-europa-ya-no-tendras-que-llevar-pasaporte-obligatoriamente-rumania-croacia-bulgaria-5077373\/\"><br \/>\n                <span class=\"accessTypeIcon withImage\"><em class=\"member boxIcon\"\/><\/span><br \/>\n                <img decoding=\"async\" loading=\"lazy\" width=\"318\" height=\"178\" alt=\"Pasaporte espa\u00f1ol.\" src=\"https:\/\/imagenes.20minutos.es\/files\/image_318_v3\/uploads\/imagenes\/2022\/11\/17\/fotografia-pasaporte.jpeg\" data-full-src=\"https:\/\/www.20minutos.es\/uploads\/imagenes\/2022\/11\/17\/fotografia-pasaporte.jpeg\"\/><br \/>\n            <\/a><br \/>\n        <\/figure>\n<\/p><\/div>\n<\/article>\n<p class=\"paragraph \" id=\"m233-232-234\">Igualmente, en <strong>Yemen <\/strong>y en la <strong>Rep\u00fablica Centroafricana<\/strong> hay una grave ausencia de garant\u00edas de seguridad, al igual que en <strong>Libia<\/strong>, donde se suceden los enfrentamientos entre milicias armadas y grupos extremistas en varios puntos del pa\u00eds. Por su parte, <strong>Somalia <\/strong>la amenaza terrorista es muy alta y en <strong>Sud\u00e1n del Sur <\/strong>hay extensas zonas sumidas en una situaci\u00f3n de violencia y desorden permanente.<\/p>\n<p class=\"paragraph \" id=\"m238-237-239\"><a rel=\"nofollow noopener\" target=\"_blank\" href=\"https:\/\/www.20minutos.es\/estaticos\/newsletter-viajes\/\">Ap\u00fantate a la newsletter y recibe en tu correo las mejores propuestas para viajar por el mundo.<\/a><\/p>\n<\/div>\n\n<p><em> &#8221; Fuentes news.google.com &#8221; <\/em><\/p>\n","protected":false},"excerpt":{"rendered":"<p>Todos los pa\u00edses del mundo merecen una visita por sus paisajes, cultura, patrimonio&#8230; Pero a la hora de viajar, la seguridad tambi\u00e9n es un issue clave muy importante a tener en cuenta. En este sentido, desde la compa\u00f1\u00eda mundial de seguros de viaje, Worldwide SOS, han elaborado su mapa anual para este 2022 mostrando los [&hellip;]<\/p>\n","protected":false},"author":4,"featured_media":440116,"comment_status":"open","ping_status":"closed","sticky":false,"template":"","format":"standard","meta":{"om_disable_all_campaigns":false,"jnews-multi-image_gallery":[],"jnews_single_post":[],"jnews_primary_category":[],"jnews_social_meta":[],"footnotes":""},"categories":[39],"tags":[1228,545],"class_list":["post-440115","post","type-post","status-publish","format-standard","has-post-thumbnail","hentry","category-viajes","tag-destinos","tag-viajes"],"_links":{"self":[{"href":"https:\/\/dimensionturistica.com\/es\/wp-json\/wp\/v2\/posts\/440115","targetHints":{"allow":["GET"]}}],"collection":[{"href":"https:\/\/dimensionturistica.com\/es\/wp-json\/wp\/v2\/posts"}],"about":[{"href":"https:\/\/dimensionturistica.com\/es\/wp-json\/wp\/v2\/types\/post"}],"author":[{"embeddable":true,"href":"https:\/\/dimensionturistica.com\/es\/wp-json\/wp\/v2\/users\/4"}],"replies":[{"embeddable":true,"href":"https:\/\/dimensionturistica.com\/es\/wp-json\/wp\/v2\/comments?post=440115"}],"version-history":[{"count":0,"href":"https:\/\/dimensionturistica.com\/es\/wp-json\/wp\/v2\/posts\/440115\/revisions"}],"wp:featuredmedia":[{"embeddable":true,"href":"https:\/\/dimensionturistica.com\/es\/wp-json\/wp\/v2\/media\/440116"}],"wp:attachment":[{"href":"https:\/\/dimensionturistica.com\/es\/wp-json\/wp\/v2\/media?parent=440115"}],"wp:term":[{"taxonomy":"category","embeddable":true,"href":"https:\/\/dimensionturistica.com\/es\/wp-json\/wp\/v2\/categories?post=440115"},{"taxonomy":"post_tag","embeddable":true,"href":"https:\/\/dimensionturistica.com\/es\/wp-json\/wp\/v2\/tags?post=440115"}],"curies":[{"name":"wp","href":"https:\/\/api.w.org\/{rel}","templated":true}]}}