{"id":439931,"date":"2022-12-08T01:55:28","date_gmt":"2022-12-08T01:55:28","guid":{"rendered":"https:\/\/dimensionturistica.com\/es\/?p=439931"},"modified":"2022-12-08T01:55:28","modified_gmt":"2022-12-08T01:55:28","slug":"conoce-los-augurios-visones-y-magia-wixarika-del-artista-cilau-valadez-presente-en-la-bienal-de-arte-huichol","status":"publish","type":"post","link":"https:\/\/dimensionturistica.com\/es\/conoce-los-augurios-visones-y-magia-wixarika-del-artista-cilau-valadez-presente-en-la-bienal-de-arte-huichol\/","title":{"rendered":"Conoce los augurios, visones y magia wix\u00e1rika del artista Cilau Valadez presente en la Bienal de Arte Huichol"},"content":{"rendered":"<p>El pueblo Huichol es cuna de virtuosos artistas que se expresan mediante las creaciones sublimes y simbolog\u00eda wix\u00e1rika la cual est\u00e1 repleta de augurios, visiones y magia. Estas diferentes obras de arte han logrado llegar a diversos continentes y pa\u00edses para ser admiradas mediante acciones como la 3era. Bienal<img decoding=\"async\" class=\"size-medium wp-image-439934 alignright\" src=\"https:\/\/dimensionturistica.com\/es\/wp-content\/uploads\/2022\/12\/HUICHOL1-300x214.jpg\" alt=\"\" width=\"300\" height=\"214\" srcset=\"https:\/\/dimensionturistica.com\/es\/wp-content\/uploads\/2022\/12\/HUICHOL1-300x214.jpg 300w, https:\/\/dimensionturistica.com\/es\/wp-content\/uploads\/2022\/12\/HUICHOL1-120x86.jpg 120w, https:\/\/dimensionturistica.com\/es\/wp-content\/uploads\/2022\/12\/HUICHOL1-350x250.jpg 350w, https:\/\/dimensionturistica.com\/es\/wp-content\/uploads\/2022\/12\/HUICHOL1.jpg 600w\" sizes=\"(max-width: 300px) 100vw, 300px\" \/> de Arte Huichol, la cual expone una colecci\u00f3n de m\u00e1s de 30 obras destacadas de los artistas wix\u00e1ritari (huicholes) m\u00e1s sobresalientes.<br \/>\nAlgunos de ellos como Cilau Valadez, quien en esta ocasi\u00f3n en sinerg\u00eda con la Bienal participa con una de sus creaciones en colaboraci\u00f3n con Benito Quintero, la obra se denomina Ta\u2019 matzi Paritzika Nierikaya (la esencia de la expresi\u00f3n de la cultura wix\u00e1rika), y otra de su padre Mariano Valadez, ya que hablamos de un legado de historia y arte. Ambos autores en esta ocasi\u00f3n nos deleitan con algunas de sus obras m\u00e1s trascendentales.<br \/>\nCilau Valadez es originario del municipio de Santiago Ixcuintla, en Nayarit, y piensa que naci\u00f3 destinado para dedicarse al arte. Creci\u00f3 rodeado de grandes maestros, el principal fue su padre, Mariano Valadez, un distinguido artista que tiene m\u00e1s de 50 a\u00f1os de trayectoria, a quien se le considera una leyenda viviente del arte huichol.<br \/>\nCilau y su familia se caracterizan por pintar con estambre, una t\u00e9cnica que consiste en usar una base de madera a la cual se le aplica una capa de cera de abeja o resina de pino para que se adhiera el estambre, el cual se va presionando con una herramienta que es una aguja que tiene una pluma de \u00e1guila. A estas creaciones se les llama Nierikas.<br \/>\nLa dinast\u00eda a la que pertenece el joven artista ha preservado este m\u00e9todo durante generaciones, y destaca por la calidad de su trabajo.<br \/>\n\u201cSiempre fuimos conocidos por tener los tejidos m\u00e1s finos y cuidado a cada detalle en el estambre, no tanto por la escala o el tama\u00f1o de las obras\u201d, se\u00f1al\u00f3 el artista de 34 a\u00f1os. Valadez ha recorrido el mundo enalteciendo el arte popular mexicano mediante presentaciones en Am\u00e9rica, Europa, as\u00ed como otras m\u00e1s en Ocean\u00eda y Asia.<br \/>\nEn el 2006, Cilau Valadez hace su primera pintura de forma profesional, en la que plasm\u00f3 el significado de su nombre que es \u201cla vibraci\u00f3n del amanecer\u201d. Esta pieza marc\u00f3 el inicio de su carrera, ya que gracias a ella la Galer\u00eda Atotonilco, en San Miguel de Allende, le hizo su primer pedido que fue una pieza que se llama \u201cLa gran sorpresa\u201d.<img decoding=\"async\" class=\"size-medium wp-image-439935 alignright\" src=\"https:\/\/dimensionturistica.com\/es\/wp-content\/uploads\/2022\/12\/HUICHOL4-225x300.jpg\" alt=\"\" width=\"225\" height=\"300\" srcset=\"https:\/\/dimensionturistica.com\/es\/wp-content\/uploads\/2022\/12\/HUICHOL4-225x300.jpg 225w, https:\/\/dimensionturistica.com\/es\/wp-content\/uploads\/2022\/12\/HUICHOL4.jpg 600w\" sizes=\"(max-width: 225px) 100vw, 225px\" \/><br \/>\nEsta obra es clave en la carrera de Cilau, porque es ah\u00ed donde termina por definir su estilo, impulsado por las ense\u00f1anzas de su maestro Marakame don Julio y por la influencia de su vida fuera de la tradici\u00f3n wix\u00e1rika.<br \/>\nLas pinturas del artista est\u00e1n inspiradas en tres ramas: una que es la tradici\u00f3n wix\u00e1rika que viene de los cantos y los rezos; otra es de las visiones que obtiene en ceremonias y la \u00faltima son aportaciones personales.<br \/>\nPor lo regular trabaja en superficies redondas, aunque tambi\u00e9n pinta en \u00e1reas cuadradas o rectangulares. Una pieza de 60 cent\u00edmetros de di\u00e1metro le lleva m\u00ednimo 28 d\u00edas hacerla, pero hay otras de la misma medida en las que se puede tardar hasta dos meses, dependiendo de los detalles y colores que se usen en cada una.<br \/>\nLa Bienal un encuentro art\u00edstico, cultural y etnico que no te puedes perder<br \/>\nLa 3a. Bienal de Arte Huichol es un encuentro antropol\u00f3gico, art\u00edstico, cultural, acad\u00e9mico y \u00e9tnico en el que se exponen fascinantes piezas de gran formato, creadas de manera fina y minuciosa en cada detalle por distintas mujeres y hombres artesanos. Esta Bienal se encuentra en exhibici\u00f3n en el lobby del hotel Presidente InterContinental ubicado en Polanco en la CDMX y busca crear un ecosistema sostenible alrededor de la cultura popular mexicana especialmente la Huichol.<br \/>\nEl director y fundador de la Bienal Mtro. Jorge Mart\u00ednez est\u00e1 especializado hace m\u00e1s de 15 a\u00f1os en antropolog\u00eda indigena, cultura y arte Huichol lo que le llev\u00f3 a dar vida a este gran proyecto que es el concurso m\u00e1s importante de esta expresi\u00f3n cultural. Esta Bienal cuenta con el aval de importantes jurados como lo es la curadur\u00eda del Las obras que participar\u00e1nDr. Johannes Neurath, Director de la Sala Cora Huichol del Museo Nacional de Antropolog\u00eda y presidente del comit\u00e9 de jurados. en la Bienal ser\u00e1n evaluadas por un panel de expertos y con base en una minuciosa revisi\u00f3n de t\u00e9cnica, estilo, significado iconogr\u00e1fico y composici\u00f3n. El ganador recibir\u00e1 un apoyo consciente para la sostenibilidad de su proyecto.<br \/>\nSigue nuestras Redes Sociales<br \/>\nIG: cilau.valadez.oficial<br \/>\nFaebook: Cilau Valadez-Artista Wix\u00e1rika<br \/>\n@grupo_presidente<br \/>\n@arte_yawi<\/p>\n","protected":false},"excerpt":{"rendered":"<p>El pueblo Huichol es cuna de virtuosos artistas que se expresan mediante las creaciones sublimes y simbolog\u00eda wix\u00e1rika la cual est\u00e1 repleta de augurios, visiones y magia. Estas diferentes obras de arte han logrado llegar a diversos continentes y pa\u00edses para ser admiradas mediante acciones como la 3era. Bienal de Arte Huichol, la cual expone [&hellip;]<\/p>\n","protected":false},"author":1,"featured_media":439932,"comment_status":"open","ping_status":"closed","sticky":false,"template":"","format":"standard","meta":{"om_disable_all_campaigns":false,"jnews-multi-image_gallery":[],"jnews_single_post":{"source_name":"","source_url":"","via_name":"","via_url":"","override_template":"0","override":[{"template":"1","single_blog_custom":"","parallax":"1","fullscreen":"1","layout":"right-sidebar","sidebar":"default-sidebar","second_sidebar":"default-sidebar","sticky_sidebar":"1","share_position":"top","share_float_style":"share-monocrhome","show_share_counter":"1","show_view_counter":"1","show_featured":"1","show_post_meta":"1","show_post_author":"1","show_post_author_image":"1","show_post_date":"1","post_date_format":"default","post_date_format_custom":"Y\/m\/d","show_post_category":"1","show_post_reading_time":"0","post_reading_time_wpm":"300","show_zoom_button":"0","zoom_button_out_step":"2","zoom_button_in_step":"3","show_post_tag":"1","show_prev_next_post":"1","show_popup_post":"1","number_popup_post":"1","show_author_box":"0","show_post_related":"0","show_inline_post_related":"0"}],"override_image_size":"0","image_override":[{"single_post_thumbnail_size":"crop-500","single_post_gallery_size":"crop-500"}],"trending_post":"0","trending_post_position":"meta","trending_post_label":"Trending","sponsored_post":"0","sponsored_post_label":"Sponsored by","sponsored_post_name":"","sponsored_post_url":"","sponsored_post_logo_enable":"0","sponsored_post_logo":"","sponsored_post_desc":"","disable_ad":"0"},"jnews_primary_category":{"id":"","hide":""},"jnews_social_meta":{"fb_title":"","fb_description":"","fb_image":"","twitter_title":"","twitter_description":"","twitter_image":""},"footnotes":""},"categories":[40],"tags":[],"class_list":["post-439931","post","type-post","status-publish","format-standard","has-post-thumbnail","hentry","category-industria"],"_links":{"self":[{"href":"https:\/\/dimensionturistica.com\/es\/wp-json\/wp\/v2\/posts\/439931","targetHints":{"allow":["GET"]}}],"collection":[{"href":"https:\/\/dimensionturistica.com\/es\/wp-json\/wp\/v2\/posts"}],"about":[{"href":"https:\/\/dimensionturistica.com\/es\/wp-json\/wp\/v2\/types\/post"}],"author":[{"embeddable":true,"href":"https:\/\/dimensionturistica.com\/es\/wp-json\/wp\/v2\/users\/1"}],"replies":[{"embeddable":true,"href":"https:\/\/dimensionturistica.com\/es\/wp-json\/wp\/v2\/comments?post=439931"}],"version-history":[{"count":0,"href":"https:\/\/dimensionturistica.com\/es\/wp-json\/wp\/v2\/posts\/439931\/revisions"}],"wp:featuredmedia":[{"embeddable":true,"href":"https:\/\/dimensionturistica.com\/es\/wp-json\/wp\/v2\/media\/439932"}],"wp:attachment":[{"href":"https:\/\/dimensionturistica.com\/es\/wp-json\/wp\/v2\/media?parent=439931"}],"wp:term":[{"taxonomy":"category","embeddable":true,"href":"https:\/\/dimensionturistica.com\/es\/wp-json\/wp\/v2\/categories?post=439931"},{"taxonomy":"post_tag","embeddable":true,"href":"https:\/\/dimensionturistica.com\/es\/wp-json\/wp\/v2\/tags?post=439931"}],"curies":[{"name":"wp","href":"https:\/\/api.w.org\/{rel}","templated":true}]}}