{"id":439821,"date":"2022-12-07T21:36:47","date_gmt":"2022-12-07T21:36:47","guid":{"rendered":"https:\/\/dimensionturistica.com\/es\/?p=439821"},"modified":"2022-12-07T21:36:47","modified_gmt":"2022-12-07T21:36:47","slug":"cielito-querido-cafe-lanza-su-ultima-bebida-temporal-del-ano-corazon-de-zarzamora-desarrollada-por-la-chef-gaby-ruiz-y-elsa-y-elmar","status":"publish","type":"post","link":"https:\/\/dimensionturistica.com\/es\/cielito-querido-cafe-lanza-su-ultima-bebida-temporal-del-ano-corazon-de-zarzamora-desarrollada-por-la-chef-gaby-ruiz-y-elsa-y-elmar\/","title":{"rendered":"Cielito Querido Caf\u00e9 lanza su \u00faltima bebida temporal del a\u00f1o: \u201cCoraz\u00f3n de Zarzamora\u201d, desarrollada por la chef Gaby Ruiz y Elsa y Elmar"},"content":{"rendered":"<p><img decoding=\"async\" class=\"size-medium wp-image-439833 alignright\" src=\"https:\/\/dimensionturistica.com\/es\/wp-content\/uploads\/2022\/12\/SQS-BONUS-TRACKS-GRANIZADO-VERTICAL-203x300.webp\" alt=\"\" width=\"203\" height=\"300\" srcset=\"https:\/\/dimensionturistica.com\/es\/wp-content\/uploads\/2022\/12\/SQS-BONUS-TRACKS-GRANIZADO-VERTICAL-203x300.webp 203w, https:\/\/dimensionturistica.com\/es\/wp-content\/uploads\/2022\/12\/SQS-BONUS-TRACKS-GRANIZADO-VERTICAL-693x1024.webp 693w, https:\/\/dimensionturistica.com\/es\/wp-content\/uploads\/2022\/12\/SQS-BONUS-TRACKS-GRANIZADO-VERTICAL-768x1135.webp 768w, https:\/\/dimensionturistica.com\/es\/wp-content\/uploads\/2022\/12\/SQS-BONUS-TRACKS-GRANIZADO-VERTICAL-1040x1536.webp 1040w, https:\/\/dimensionturistica.com\/es\/wp-content\/uploads\/2022\/12\/SQS-BONUS-TRACKS-GRANIZADO-VERTICAL-1386x2048.webp 1386w, https:\/\/dimensionturistica.com\/es\/wp-content\/uploads\/2022\/12\/SQS-BONUS-TRACKS-GRANIZADO-VERTICAL-750x1108.webp 750w, https:\/\/dimensionturistica.com\/es\/wp-content\/uploads\/2022\/12\/SQS-BONUS-TRACKS-GRANIZADO-VERTICAL-1140x1684.webp 1140w, https:\/\/dimensionturistica.com\/es\/wp-content\/uploads\/2022\/12\/SQS-BONUS-TRACKS-GRANIZADO-VERTICAL.webp 1724w\" sizes=\"(max-width: 203px) 100vw, 203px\" \/>Para las personas de coraz\u00f3n apasionado, el amor tiene muchos matices que pueden llegar a ser hasta negros y morados cuando se vive una ruptura. Este \u00faltimo color nos recuerda a la ambig\u00fcedad de la vida y que, al mismo tiempo que los enamorados se entregan, tambi\u00e9n pueden lastimarse si no se procuran como nos recuerda la canci\u00f3n \u201cCorazones Negros\u201d de Elsa y Elmar, la cu\u00e1l sirvi\u00f3 de inspiraci\u00f3n para que la chef Gaby Ruiz desarrollara la \u00faltima bebida del Bonus Track disponible por tiempo limitado como parte de la campa\u00f1a \u201cSabores Que Suenan\u201d de Cielito Querido Caf\u00e9.<br \/>\nDespu\u00e9s de una serie de exitosos lanzamientos de d\u00faos in\u00e9ditos y bebidas individuales a lo largo del a\u00f1o, el 28 de noviembre lleg\u00f3 a todos los Cielitos del pa\u00eds el \u00faltimo producto de esta iniciativa en la que Gaby Ruiz, reconocida como la mejor chef mexicana en el 2019, puso en pr\u00e1ctica su capacidades sinest\u00e9sicas combinando las sensaciones de los sentidos del gusto y el o\u00eddo para crear delicias \u00fanicas, a partir de canciones de artistas locales cuya proyecci\u00f3n crece d\u00eda a d\u00eda, en l\u00ednea con el objetivo de la marca por impulsar el talento nacional, por lo cual s\u00f3lo emplea insumos y personal igualmente 100% mexicanos.<br \/>\n\u00bfCu\u00e1l fue el resultado? Una refrescante bebida llamada \u201cCoraz\u00f3n de Zarzamora\u201d, hecha a base de agua mineral t\u00f3nica y una fina pulpa de zarzamora acompa\u00f1ada de una gomita de carb\u00f3n activado, ingrediente que es toda una tendencia en el mundo gastron\u00f3mico debido al atractivo color negro que aporta a<img decoding=\"async\" class=\"size-medium wp-image-439835 alignright\" src=\"https:\/\/dimensionturistica.com\/es\/wp-content\/uploads\/2022\/12\/composicion-alimentos-725x710-1-300x294.webp\" alt=\"\" width=\"300\" height=\"294\" srcset=\"https:\/\/dimensionturistica.com\/es\/wp-content\/uploads\/2022\/12\/composicion-alimentos-725x710-1-300x294.webp 300w, https:\/\/dimensionturistica.com\/es\/wp-content\/uploads\/2022\/12\/composicion-alimentos-725x710-1-75x75.webp 75w, https:\/\/dimensionturistica.com\/es\/wp-content\/uploads\/2022\/12\/composicion-alimentos-725x710-1.webp 725w\" sizes=\"(max-width: 300px) 100vw, 300px\" \/> cualquier tipo de alimentos.<br \/>\nZarzamora: fruto de la lucha por el amor desde tiempos inmemoriales<br \/>\nComo una bebida ideal para los so\u00f1adores y enamorados, o bien para quienes buscan vivir una experiencia de sabor realmente aut\u00e9ntica con esa persona especial \u201cjuntos hasta el final\u201d, como dice la letra de la canci\u00f3n escrita por Elsa y Elmar, esta creaci\u00f3n temporal de Cielito Querido Caf\u00e9, nos recuerda todo el amor que la zarzamora encierra en su interior o puede simbolizar.<br \/>\nAl respecto, cabe resaltar que este delicado fruto se ha relacionado con los corazones rotos desde hace muchos siglos, pues ya en el a\u00f1o 8 d. C. el poeta romano Ovidio lo citaba en su libro \u201cLas metamorfosis\u201d, donde cuenta que los padres de dos enamorados, P\u00edramo y Tisbe, imped\u00edan la uni\u00f3n de ambos y en su sufrimiento se citaban en el bosque, junto a un \u00e1rbol de zarzamoras que daba frutos blancos pero que despu\u00e9s se convirtieron en rojos tras el tr\u00e1gico desenlace de los protagonistas al no poder concretar su amor, cuya sangre derramada al lado del \u00e1rbol le dio su caracter\u00edstico color a estas frutillas famosas tambi\u00e9n en presentaci\u00f3n morada.<br \/>\nPara todas las personas que siempre buscan algo innovador que probar, y que ten\u00edan las ganas de saborear una bebida refrescante en tonos negro y morado, ahora podr\u00e1n volver sus deseos realidad acudiendo a alguno de los m\u00e1s de 80 Cielitos en el territorio nacional por su Bonus Track \u201cCoraz\u00f3n de Zarzamora\u201d, disponible en versi\u00f3n fr\u00eda o granizada hasta el pr\u00f3ximo 15 de enero del 2023, cuando llegue a su fin la campa\u00f1a \u201cSabores Que Suenan\u201d y la marca siga apapachando a los paladares \u00e1vidos de nuevas experiencias, con otro proyecto que resalte el amor por M\u00e9xico y su talento incomparable.<\/p>\n","protected":false},"excerpt":{"rendered":"<p>Para las personas de coraz\u00f3n apasionado, el amor tiene muchos matices que pueden llegar a ser hasta negros y morados cuando se vive una ruptura. Este \u00faltimo color nos recuerda a la ambig\u00fcedad de la vida y que, al mismo tiempo que los enamorados se entregan, tambi\u00e9n pueden lastimarse si no se procuran como nos [&hellip;]<\/p>\n","protected":false},"author":1,"featured_media":439836,"comment_status":"open","ping_status":"closed","sticky":false,"template":"","format":"standard","meta":{"om_disable_all_campaigns":false,"jnews-multi-image_gallery":[],"jnews_single_post":{"source_name":"","source_url":"","via_name":"","via_url":"","override_template":"0","override":[{"template":"1","single_blog_custom":"","parallax":"1","fullscreen":"1","layout":"right-sidebar","sidebar":"default-sidebar","second_sidebar":"default-sidebar","sticky_sidebar":"1","share_position":"top","share_float_style":"share-monocrhome","show_share_counter":"1","show_view_counter":"1","show_featured":"1","show_post_meta":"1","show_post_author":"1","show_post_author_image":"1","show_post_date":"1","post_date_format":"default","post_date_format_custom":"Y\/m\/d","show_post_category":"1","show_post_reading_time":"0","post_reading_time_wpm":"300","show_zoom_button":"0","zoom_button_out_step":"2","zoom_button_in_step":"3","show_post_tag":"1","show_prev_next_post":"1","show_popup_post":"1","number_popup_post":"1","show_author_box":"0","show_post_related":"0","show_inline_post_related":"0"}],"override_image_size":"0","image_override":[{"single_post_thumbnail_size":"crop-500","single_post_gallery_size":"crop-500"}],"trending_post":"0","trending_post_position":"meta","trending_post_label":"Trending","sponsored_post":"0","sponsored_post_label":"Sponsored by","sponsored_post_name":"","sponsored_post_url":"","sponsored_post_logo_enable":"0","sponsored_post_logo":"","sponsored_post_desc":"","disable_ad":"0"},"jnews_primary_category":{"id":"","hide":""},"jnews_social_meta":{"fb_title":"","fb_description":"","fb_image":"","twitter_title":"","twitter_description":"","twitter_image":""},"footnotes":""},"categories":[43],"tags":[],"class_list":["post-439821","post","type-post","status-publish","format-standard","has-post-thumbnail","hentry","category-gourmet"],"_links":{"self":[{"href":"https:\/\/dimensionturistica.com\/es\/wp-json\/wp\/v2\/posts\/439821","targetHints":{"allow":["GET"]}}],"collection":[{"href":"https:\/\/dimensionturistica.com\/es\/wp-json\/wp\/v2\/posts"}],"about":[{"href":"https:\/\/dimensionturistica.com\/es\/wp-json\/wp\/v2\/types\/post"}],"author":[{"embeddable":true,"href":"https:\/\/dimensionturistica.com\/es\/wp-json\/wp\/v2\/users\/1"}],"replies":[{"embeddable":true,"href":"https:\/\/dimensionturistica.com\/es\/wp-json\/wp\/v2\/comments?post=439821"}],"version-history":[{"count":0,"href":"https:\/\/dimensionturistica.com\/es\/wp-json\/wp\/v2\/posts\/439821\/revisions"}],"wp:featuredmedia":[{"embeddable":true,"href":"https:\/\/dimensionturistica.com\/es\/wp-json\/wp\/v2\/media\/439836"}],"wp:attachment":[{"href":"https:\/\/dimensionturistica.com\/es\/wp-json\/wp\/v2\/media?parent=439821"}],"wp:term":[{"taxonomy":"category","embeddable":true,"href":"https:\/\/dimensionturistica.com\/es\/wp-json\/wp\/v2\/categories?post=439821"},{"taxonomy":"post_tag","embeddable":true,"href":"https:\/\/dimensionturistica.com\/es\/wp-json\/wp\/v2\/tags?post=439821"}],"curies":[{"name":"wp","href":"https:\/\/api.w.org\/{rel}","templated":true}]}}