{"id":439809,"date":"2022-12-07T21:12:11","date_gmt":"2022-12-07T21:12:11","guid":{"rendered":"https:\/\/dimensionturistica.com\/es\/?p=439809"},"modified":"2022-12-07T21:12:11","modified_gmt":"2022-12-07T21:12:11","slug":"tos-y-dolor-de-garganta-cuidado-podria-ser-reflujo-laringofaringeo","status":"publish","type":"post","link":"https:\/\/dimensionturistica.com\/es\/tos-y-dolor-de-garganta-cuidado-podria-ser-reflujo-laringofaringeo\/","title":{"rendered":"\u00bfTos y dolor de garganta? \u00a1Cuidado! Podr\u00eda ser reflujo laringofar\u00edngeo"},"content":{"rendered":"<p>El reflujo laringofar\u00edngeo est\u00e1 presente en el 15 a 20% de las personas que acuden a consulta con el otorrinolaring\u00f3logo con datos de tos cr\u00f3nica, carraspeo y dolor de garganta cr\u00f3nico, siendo en la mayor\u00eda de los casos medicados previamente con antibi\u00f3ticos al confundir el diagn\u00f3stico como una infecci\u00f3n respiratoria, alert\u00f3 el doctor Sergio Caretta Barradas, otorrinolaring\u00f3logo y consejero secretario del Consejo<img decoding=\"async\" class=\"size-medium wp-image-439814 alignright\" src=\"https:\/\/dimensionturistica.com\/es\/wp-content\/uploads\/2022\/12\/MEDICINA4-300x201.jpg\" alt=\"\" width=\"300\" height=\"201\" srcset=\"https:\/\/dimensionturistica.com\/es\/wp-content\/uploads\/2022\/12\/MEDICINA4-300x201.jpg 300w, https:\/\/dimensionturistica.com\/es\/wp-content\/uploads\/2022\/12\/MEDICINA4.jpg 600w\" sizes=\"(max-width: 300px) 100vw, 300px\" \/> Mexicano de Otorrinolaringolog\u00eda y Cirug\u00eda de Cabeza y Cuello.<br \/>\n\u00abEs com\u00fan en la consulta que el paciente se\u00f1ale que tiene algo atorado en la garganta y una tos cr\u00f3nica que produce inflamaci\u00f3n y que se manifiesta a trav\u00e9s de necesidad de aclaramiento de la garganta, alteraciones en la calidad de la voz, congesti\u00f3n nasal, dolor de garganta cr\u00f3nico y mal aliento\u00bb.<br \/>\nEstos s\u00edntomas pueden parecer de una infecci\u00f3n respiratoria y muchas veces para su tratamiento se prescriben antibi\u00f3ticos que no van a aliviar al paciente. El uso indiscriminado de la antibioterapia representa un grave problema de salud p\u00fablica y la OMS estima que para el 2050 habr\u00e1 m\u00e1s muertes por resistencia microbiana que por c\u00e1ncer.1<br \/>\n\u00abEs sumamente importante acudir con m\u00e9dicos calificados para hacer la diferenciaci\u00f3n entre una infecci\u00f3n respiratoria y el reflujo laringofar\u00edngeo para tener un manejo adecuado, ya que no todo el dolor de garganta es infecci\u00f3n\u00bb, record\u00f3.<br \/>\nEl Dr. Caretta detall\u00f3 que el reflujo gastroesof\u00e1gico se presenta cuando el contenido del est\u00f3mago regresa hacia el es\u00f3fago, mientras que el reflujo laringofar\u00edngeo es cuando este contenido se regresa hacia estructuras m\u00e1s all\u00e1 del es\u00f3fago, como la laringe, la parte posterior de la garganta incluso puede llegar a los o\u00eddos y hasta la nariz. Desde hace 35 a\u00f1os que existe esta diferenciaci\u00f3n entre estas dos patolog\u00edas.<br \/>\nEl reflujo lar\u00edngofar\u00edngeo es m\u00e1s com\u00fan en pacientes de 50 a\u00f1os, pero se puede presentar desde los 40 hasta los 60 a\u00f1os en promedio; es m\u00e1s com\u00fan en mujeres y se asocia com\u00fanmente con nuestros h\u00e1bitos alimenticios y el sobrepeso que tiene la poblaci\u00f3n.<br \/>\nTratamiento oportuno y eficaz <img decoding=\"async\" class=\"size-medium wp-image-439813 alignleft\" src=\"https:\/\/dimensionturistica.com\/es\/wp-content\/uploads\/2022\/12\/MEDICINA3-249x300.jpg\" alt=\"\" width=\"249\" height=\"300\" srcset=\"https:\/\/dimensionturistica.com\/es\/wp-content\/uploads\/2022\/12\/MEDICINA3-249x300.jpg 249w, https:\/\/dimensionturistica.com\/es\/wp-content\/uploads\/2022\/12\/MEDICINA3-850x1024.jpg 850w, https:\/\/dimensionturistica.com\/es\/wp-content\/uploads\/2022\/12\/MEDICINA3-768x925.jpg 768w, https:\/\/dimensionturistica.com\/es\/wp-content\/uploads\/2022\/12\/MEDICINA3-750x903.jpg 750w, https:\/\/dimensionturistica.com\/es\/wp-content\/uploads\/2022\/12\/MEDICINA3.jpg 945w\" sizes=\"(max-width: 249px) 100vw, 249px\" \/>El doctor Genaro V\u00e1zquez Elizondo, gastroenter\u00f3logo en ONCARE Gastrocenter y presidente de la Sociedad de Gastroenterolog\u00eda del Estado de Nuevo Le\u00f3n, dijo que el diagn\u00f3stico del padecimiento reflujo laringofar\u00edngeo requiere de estudios para corroborar su diagn\u00f3stico como la laringoscop\u00eda, endoscop\u00eda superior y la phmetr\u00eda ambulatoria con impedancia.<br \/>\nEn los pacientes en los que se ha identificado el reflujo \u00e1cido como causa de los s\u00edntomas, se utilizan medicamentos para controlar esta condici\u00f3n. Los medicamentos con mayor eficacia y seguridad son los inhibidores de bomba de protones (IBP\u2019s).<br \/>\nActualmente existen tres generaciones de IBP\u2019s con propiedades bioqu\u00edmicas y farmacol\u00f3gicas distintivas, que implican diferencias en su efectividad y, por tanto, explicando porqu\u00e9 se ha descrito que existe hasta un 40% de pacientes con respuesta inadecuada.<br \/>\nIlaprazol, es el \u00fanico IBP de tercera generaci\u00f3n que ofrece una r\u00e1pida, potente y duradera supresi\u00f3n del \u00e1cido con una sola toma al d\u00eda, lo que representa una mayor acci\u00f3n a menores dosis y una alternativa con caracter\u00edsticas favorables para tratar el reflujo laringofar\u00edngeo.<br \/>\nEstudios publicados recientemente demostraron que Ilaprazol a dosis de 10 mg alivia los s\u00edntomas en pacientes con reflujo laringofar\u00edngeo 2 3<br \/>\nFinalmente, los especialistas se\u00f1alaron que se debe poner atenci\u00f3n al estilo de vida, ya que los irritantes, picante, caf\u00e9 chocolate o c\u00edtricos, refrescos con gas se asocian con la enfermedad, as\u00ed como el sobrepeso y la obesidad, provocando una presi\u00f3n en el abdomen condicionan que regrese en contenido provocando una mala calidad de vida en los pacientes.<br \/>\nAdem\u00e1s, recomendaron a las personas con esta condici\u00f3n de salud evitar el sobreconsumo de alimentos en esta \u00e9poca decembrina que puede alterar los s\u00edntomas y acudir con el m\u00e9dico para vivir unas fiestas felices y sin problemas de salud.<\/p>\n","protected":false},"excerpt":{"rendered":"<p>El reflujo laringofar\u00edngeo est\u00e1 presente en el 15 a 20% de las personas que acuden a consulta con el otorrinolaring\u00f3logo con datos de tos cr\u00f3nica, carraspeo y dolor de garganta cr\u00f3nico, siendo en la mayor\u00eda de los casos medicados previamente con antibi\u00f3ticos al confundir el diagn\u00f3stico como una infecci\u00f3n respiratoria, alert\u00f3 el doctor Sergio Caretta [&hellip;]<\/p>\n","protected":false},"author":1,"featured_media":439812,"comment_status":"open","ping_status":"closed","sticky":false,"template":"","format":"standard","meta":{"om_disable_all_campaigns":false,"jnews-multi-image_gallery":[],"jnews_single_post":{"source_name":"","source_url":"","via_name":"","via_url":"","override_template":"0","override":[{"template":"1","single_blog_custom":"","parallax":"1","fullscreen":"1","layout":"right-sidebar","sidebar":"default-sidebar","second_sidebar":"default-sidebar","sticky_sidebar":"1","share_position":"top","share_float_style":"share-monocrhome","show_share_counter":"1","show_view_counter":"1","show_featured":"1","show_post_meta":"1","show_post_author":"1","show_post_author_image":"1","show_post_date":"1","post_date_format":"default","post_date_format_custom":"Y\/m\/d","show_post_category":"1","show_post_reading_time":"0","post_reading_time_wpm":"300","show_zoom_button":"0","zoom_button_out_step":"2","zoom_button_in_step":"3","show_post_tag":"1","show_prev_next_post":"1","show_popup_post":"1","number_popup_post":"1","show_author_box":"0","show_post_related":"0","show_inline_post_related":"0"}],"override_image_size":"0","image_override":[{"single_post_thumbnail_size":"crop-500","single_post_gallery_size":"crop-500"}],"trending_post":"0","trending_post_position":"meta","trending_post_label":"Trending","sponsored_post":"0","sponsored_post_label":"Sponsored by","sponsored_post_name":"","sponsored_post_url":"","sponsored_post_logo_enable":"0","sponsored_post_logo":"","sponsored_post_desc":"","disable_ad":"0"},"jnews_primary_category":{"id":"","hide":""},"jnews_social_meta":{"fb_title":"","fb_description":"","fb_image":"","twitter_title":"","twitter_description":"","twitter_image":""},"footnotes":""},"categories":[40],"tags":[],"class_list":["post-439809","post","type-post","status-publish","format-standard","has-post-thumbnail","hentry","category-industria"],"_links":{"self":[{"href":"https:\/\/dimensionturistica.com\/es\/wp-json\/wp\/v2\/posts\/439809","targetHints":{"allow":["GET"]}}],"collection":[{"href":"https:\/\/dimensionturistica.com\/es\/wp-json\/wp\/v2\/posts"}],"about":[{"href":"https:\/\/dimensionturistica.com\/es\/wp-json\/wp\/v2\/types\/post"}],"author":[{"embeddable":true,"href":"https:\/\/dimensionturistica.com\/es\/wp-json\/wp\/v2\/users\/1"}],"replies":[{"embeddable":true,"href":"https:\/\/dimensionturistica.com\/es\/wp-json\/wp\/v2\/comments?post=439809"}],"version-history":[{"count":0,"href":"https:\/\/dimensionturistica.com\/es\/wp-json\/wp\/v2\/posts\/439809\/revisions"}],"wp:featuredmedia":[{"embeddable":true,"href":"https:\/\/dimensionturistica.com\/es\/wp-json\/wp\/v2\/media\/439812"}],"wp:attachment":[{"href":"https:\/\/dimensionturistica.com\/es\/wp-json\/wp\/v2\/media?parent=439809"}],"wp:term":[{"taxonomy":"category","embeddable":true,"href":"https:\/\/dimensionturistica.com\/es\/wp-json\/wp\/v2\/categories?post=439809"},{"taxonomy":"post_tag","embeddable":true,"href":"https:\/\/dimensionturistica.com\/es\/wp-json\/wp\/v2\/tags?post=439809"}],"curies":[{"name":"wp","href":"https:\/\/api.w.org\/{rel}","templated":true}]}}