{"id":439704,"date":"2022-12-07T17:50:42","date_gmt":"2022-12-07T17:50:42","guid":{"rendered":"https:\/\/dimensionturistica.com\/es\/?p=439704"},"modified":"2022-12-07T17:50:42","modified_gmt":"2022-12-07T17:50:42","slug":"ushuaia-espera-la-llegada-de-unos-200-000-visitantes","status":"publish","type":"post","link":"https:\/\/dimensionturistica.com\/es\/ushuaia-espera-la-llegada-de-unos-200-000-visitantes\/","title":{"rendered":"Ushuaia espera la llegada de unos 200.000 visitantes"},"content":{"rendered":"<p> <br \/>\n<\/p>\n<div>\n<figure class=\"mb-3\"><img decoding=\"async\" src=\"https:\/\/dimensionturistica.com\/es\/wp-content\/uploads\/2022\/12\/Ushuaia-espera-la-llegada-de-unos-200000-visitantes.jpg\" width=\"100%\" height=\"100%\" alt=\"Podemos llegar a tener hasta 5 mil personas el mismo da Foto Cristian Urrutia\"\/><figcaption> &#8220;Podemos llegar a tener hasta 5 mil personas el mismo d\u00eda&#8221; \/ Foto: Cristian Urrutia. <\/figcaption><\/figure>\n<p> El presidente del Instituto Fueguino de Turismo (Infuetur), Dante Querciali, estim\u00f3 este mi\u00e9rcoles que durante la precise temporada de cruceros patag\u00f3nicos llegar\u00e1n a la provincia &#8220;unos 200.000 visitantes&#8221;, sobre la proyecci\u00f3n de 540 recaladas en el puerto de Ushuaia.<\/p>\n<p>&#8220;Es un inicio de temporada de verano muy \u00e1gil, con mucho movimiento. Por suerte nosotros terminamos la temporada de invierno y autom\u00e1ticamente se reactiv\u00f3 la de cruceros y de movimiento a\u00e9reo, as\u00ed que estamos con un muy buen nivel tur\u00edstico, con muy buena ocupaci\u00f3n&#8221;, expres\u00f3 Querciali.<\/p>\n<p>En declaraciones a T\u00e9lam Radio, el presidente del Infuetur precis\u00f3 que se comenz\u00f3 a producir &#8220;un crecimiento muy marcado de la actividad de cruceros, inclusive con respecto al hist\u00f3rico de 2019 y las perspectivas para toda la temporada de mucha ocupaci\u00f3n y mucho movimiento&#8221;.<\/p>\n<p> &#8220;En 2019 tuvimos 450 recaladas (cada vez que entra un crucero al puerto) y este a\u00f1o vamos a tener 540. Esto genera aproximadamente unos 200.000 visitantes en la temporada que va de octubre a marzo&#8221;, apunt\u00f3.<\/p>\n<p>Querciali resalt\u00f3 que este movimiento <strong>&#8220;genera ingreso de divisas, movimiento comercial en la provincia, en el abastecimiento de los cruceros, el consumo de todos esos pasajeros cuando descienden&#8221;.<\/strong><\/p>\n<p>&#8220;En el caso de los cruceros de gran porte cuando descienden en la ciudad y generan el consumo; podemos llegar a tener hasta 5 mil personas el mismo d\u00eda y despu\u00e9s todo el movimiento de turismo ant\u00e1rtico que tiene puerto de salida y puerto de llegada en la ciudad de Ushuaia, que son de menor porte de entre 150 y 300 pasajeros pero que tambi\u00e9n tienen un gran consumo local&#8221;, detall\u00f3.<\/p>\n<p>Querciali indic\u00f3 que se est\u00e1 registrando &#8220;un 70% de recuperaci\u00f3n del hist\u00f3rico, falta recuperar turismo internacional&#8221;, al analizar la coyuntura desde otro \u00e1ngulo.<\/p>\n<blockquote class=\"twitter-tweet\">\n<p lang=\"es\" dir=\"ltr\">ILUMINACI\u00d3N DEL \u00c1RBOL NAVIDE\u00d1O &#x1f332;&#x2728;<\/p>\n<p>\u00a1Acompa\u00f1anos a iluminar el \u00e1rbol de Navidad!&#x1f4a1;<\/p>\n<p>Te esperamos el jueves 8 de diciembre a las 21hs en &#x1f4cd;la Pasarela Luis Pedro Fique, junto al emblem\u00e1tico cartel de Ushuaia. <a rel=\"nofollow noopener\" target=\"_blank\" href=\"https:\/\/t.co\/4uy8aRo80V\">pic.twitter.com\/4uy8aRo80V<\/a><\/p>\n<p>\u2014 UshuaiaMunicipalidad (@UshuaiaMuni) <a rel=\"nofollow noopener\" target=\"_blank\" href=\"https:\/\/twitter.com\/UshuaiaMuni\/status\/1600106754267762690?ref_src=twsrc%5Etfw\">December 6, 2022<\/a><\/p><\/blockquote>\n<p> Respecto del verano y la llegada de turistas extranjeros, coment\u00f3 que &#8220;<strong>gran parte de la demanda es del turismo europeo<\/strong>, Espa\u00f1a sobre todo, Francia, Italia y Alemania, m\u00e1s el turismo americano que preferentemente es m\u00e1s de la actividad de cruceros&#8221;.<\/p>\n<p>Sobre el fin de semana largo, se\u00f1al\u00f3 que Tierra del Fuego tiene una &#8220;demanda considerable, pr\u00e1cticamente no hay disponibilidad de asientos en la conectividad a\u00e9rea. Gran demanda de turismo nacional, pero con un recupero importante del turismo internacional&#8221;. <\/p>\n<\/div>\n<p><script async src=\"\/\/platform.twitter.com\/widgets.js\" charset=\"utf-8\"><\/script><script async defer crossorigin=\"anonymous\" src=\"https:\/\/connect.facebook.net\/es_LA\/sdk.js#xfbml=1&#038;version=v12.0\" nonce=\"SBlHQzIF\"><\/script><br \/>\n<br \/><\/p>\n<p><em> &#8221; Fuentes news.google.com &#8221; <\/em><\/p>\n","protected":false},"excerpt":{"rendered":"<p>&#8220;Podemos llegar a tener hasta 5 mil personas el mismo d\u00eda&#8221; \/ Foto: Cristian Urrutia. El presidente del Instituto Fueguino de Turismo (Infuetur), Dante Querciali, estim\u00f3 este mi\u00e9rcoles que durante la precise temporada de cruceros patag\u00f3nicos llegar\u00e1n a la provincia &#8220;unos 200.000 visitantes&#8221;, sobre la proyecci\u00f3n de 540 recaladas en el puerto de Ushuaia. &#8220;Es [&hellip;]<\/p>\n","protected":false},"author":4,"featured_media":439705,"comment_status":"open","ping_status":"closed","sticky":false,"template":"","format":"standard","meta":{"om_disable_all_campaigns":false,"jnews-multi-image_gallery":[],"jnews_single_post":[],"jnews_primary_category":[],"jnews_social_meta":[],"footnotes":""},"categories":[41],"tags":[543,9569,544,19278],"class_list":["post-439704","post","type-post","status-publish","format-standard","has-post-thumbnail","hentry","category-cruceros","tag-cruceros","tag-tierra-del-fuego","tag-turismo","tag-ushuaia"],"_links":{"self":[{"href":"https:\/\/dimensionturistica.com\/es\/wp-json\/wp\/v2\/posts\/439704","targetHints":{"allow":["GET"]}}],"collection":[{"href":"https:\/\/dimensionturistica.com\/es\/wp-json\/wp\/v2\/posts"}],"about":[{"href":"https:\/\/dimensionturistica.com\/es\/wp-json\/wp\/v2\/types\/post"}],"author":[{"embeddable":true,"href":"https:\/\/dimensionturistica.com\/es\/wp-json\/wp\/v2\/users\/4"}],"replies":[{"embeddable":true,"href":"https:\/\/dimensionturistica.com\/es\/wp-json\/wp\/v2\/comments?post=439704"}],"version-history":[{"count":0,"href":"https:\/\/dimensionturistica.com\/es\/wp-json\/wp\/v2\/posts\/439704\/revisions"}],"wp:featuredmedia":[{"embeddable":true,"href":"https:\/\/dimensionturistica.com\/es\/wp-json\/wp\/v2\/media\/439705"}],"wp:attachment":[{"href":"https:\/\/dimensionturistica.com\/es\/wp-json\/wp\/v2\/media?parent=439704"}],"wp:term":[{"taxonomy":"category","embeddable":true,"href":"https:\/\/dimensionturistica.com\/es\/wp-json\/wp\/v2\/categories?post=439704"},{"taxonomy":"post_tag","embeddable":true,"href":"https:\/\/dimensionturistica.com\/es\/wp-json\/wp\/v2\/tags?post=439704"}],"curies":[{"name":"wp","href":"https:\/\/api.w.org\/{rel}","templated":true}]}}