{"id":439423,"date":"2022-12-07T07:20:51","date_gmt":"2022-12-07T07:20:51","guid":{"rendered":"https:\/\/dimensionturistica.com\/es\/?p=439423"},"modified":"2022-12-07T07:20:51","modified_gmt":"2022-12-07T07:20:51","slug":"el-pueblo-de-los-inciensos","status":"publish","type":"post","link":"https:\/\/dimensionturistica.com\/es\/el-pueblo-de-los-inciensos\/","title":{"rendered":"El pueblo de los inciensos"},"content":{"rendered":"<p> <br \/>\n<\/p>\n<div>\n<div id=\"involveds\" class=\"involveds wrap\">\n<div class=\"involved-authors only-author\">\n<div class=\"first-author\">\n<figure class=\"thumb col-xs-3\">&#13;<img loading=\"lazy\" decoding=\"async\" src=\"https:\/\/news.google.com\/medio\/2022\/11\/07\/raquel-ficha_9e3ba54d_600x600.png\" alt=\"Raquel Ficha\" class=\"lazyload\" width=\"600\" height=\"600\" data-aspectratio=\"600\/600\"\/><noscript><img decoding=\"async\" src=\"https:\/\/news.google.com\/medio\/2022\/11\/07\/raquel-ficha_9e3ba54d_600x600.png\" alt=\"Raquel Ficha\"\/><\/noscript>&#13;<\/figure>\n<\/div>\n<\/div>\n<\/div>\n<p class=\"date\"> <time itemprop=\"dateModified\" datetime=\"2022-12-07T07:00:00+01:00\" data-timestamp=\"1670396400\">&#13;07 de diciembre de 2022 \u00b7 07:00<\/time>&#13;<\/p>\n<\/div>\n<div id=\"article-text\">\n<div class=\"txt\">\n<aside class=\"subscription-highlighted\">\n<div class=\"subscription-container\">\n<div class=\"non-subscribed\">\n<p class=\"description\">Cyber Monday. Suscr\u00edbete hoy al -50% a la revista Viajes Nationwide Geographic y explora nuevos destinos<\/p>\n<p><a rel=\"nofollow noopener\" target=\"_blank\" href=\"https:\/\/tienda.rba.es\/revistas\/viajes-national-geographic?rba_source=viajes.nationalgeographic.com.es&amp;rba_medium=referral&amp;rba_campaign=NGMV&amp;rba_content=frase-articulo\" class=\"more-link\">EMPIEZA YA<\/a><\/div>\n<\/div>\n<\/aside>\n<p style=\"display: none;\"><img decoding=\"async\" id=\"ctl01_ctl00_phMain_phMain_ctl00_ctl02_ctl17_ctl01_imgContent\" src=\"https:\/\/news.google.com\/medio\/2022\/12\/05\/incienso-vietnam_dc471c84_800x800.jpeg\" alt=\"incienso-vietnam\" style=\"border-width:0px;\"\/><\/p>\n<aside class=\"add300x250 publi-interior-top ad-container-r1 ad-inline\"\/>\n<p>A escasos kil\u00f3metros del centro bullicioso de Hanoi, una peque\u00f1a <a rel=\"nofollow noopener\" target=\"_blank\" href=\"https:\/\/viajes.nationalgeographic.com.es\/p\/vietnam\">aldea vietnamita<\/a> guarda una tradici\u00f3n centenaria. Los sonidos de los coches y motos se convierten en un silencio que se rompe solamente por los trabajadores que poco hablan entre el corte y el te\u00f1ir de las varillas de bamb\u00fa.<\/p>\n<p>La aldea de <strong>Quang Phu Cau<\/strong> es uno de estos lugares que cambia completamente al acercarse de <strong>la fiesta del Tet<\/strong> (el a\u00f1o nuevo lunar). En esta celebraci\u00f3n, los palillos rosas, naranjas y rojos son utilizados como medio de comunicaci\u00f3n con el mundo de los muertos.<\/p>\n<figure class=\"thumb zoom\"><img loading=\"lazy\" decoding=\"async\" sizes=\"auto, 100vw\" srcset=\"https:\/\/news.google.com\/medio\/2022\/12\/05\/incienso-vietnam_fb5fd5e4_720x479.jpeg 720w,https:\/\/news.google.com\/medio\/2022\/12\/05\/incienso-vietnam_e482462d_1200x799.jpeg 1200w\" src=\"https:\/\/news.google.com\/medio\/2022\/12\/05\/incienso-vietnam_e482462d_1200x799.jpeg\" alt=\"incienso-vietnam\" class=\"lazyload\" width=\"1200\" height=\"799\" data-aspectratio=\"1200\/799\"\/><noscript><img decoding=\"async\" src=\"https:\/\/news.google.com\/medio\/2022\/12\/05\/incienso-vietnam_e482462d_1200x799.jpeg\" alt=\"incienso-vietnam\"\/><\/noscript><\/p>\n<p>&#13;<figcaption class=\"by\">&#13;Foto: iStock<\/figcaption>&#13;<\/p>\n<\/figure>\n<p>Los perfumes de canela, an\u00eds y hierbas que salen de las varillas dominan el ambiente y la econom\u00eda de miles de hogares locales. Y cada enero, este peque\u00f1o pueblo se convierte en una <strong>reuni\u00f3n anual de fot\u00f3grafos. <\/strong>Llegan a <a rel=\"nofollow noopener\" target=\"_blank\" href=\"https:\/\/viajes.nationalgeographic.com.es\/a\/vietnam-arriba-abajo_15131\">Vietnam<\/a> en esta \u00e9poca, incluso en excursiones, para capturar los colores y la gente del pueblo de los inciensos.<\/p>\n<aside class=\"add300x600 publi-interior-bot ad-inline ad-container-r2\"\/><\/div>\n<p><!-- START:toolbar --><!-- END:toolbar --><\/div>\n\n<p><em> &#8221; Fuentes news.google.com &#8221; <\/em><\/p>\n","protected":false},"excerpt":{"rendered":"<p>&#13;&#13; &#13;07 de diciembre de 2022 \u00b7 07:00&#13; Cyber Monday. Suscr\u00edbete hoy al -50% a la revista Viajes Nationwide Geographic y explora nuevos destinos EMPIEZA YA A escasos kil\u00f3metros del centro bullicioso de Hanoi, una peque\u00f1a aldea vietnamita guarda una tradici\u00f3n centenaria. Los sonidos de los coches y motos se convierten en un silencio que [&hellip;]<\/p>\n","protected":false},"author":4,"featured_media":439424,"comment_status":"open","ping_status":"closed","sticky":false,"template":"","format":"standard","meta":{"om_disable_all_campaigns":false,"jnews-multi-image_gallery":[],"jnews_single_post":[],"jnews_primary_category":[],"jnews_social_meta":[],"footnotes":""},"categories":[39],"tags":[47258,47257],"class_list":["post-439423","post","type-post","status-publish","format-standard","has-post-thumbnail","hentry","category-viajes","tag-cargado-desde-el-fichero-de-recursos","tag-keywords-por-defecto"],"_links":{"self":[{"href":"https:\/\/dimensionturistica.com\/es\/wp-json\/wp\/v2\/posts\/439423","targetHints":{"allow":["GET"]}}],"collection":[{"href":"https:\/\/dimensionturistica.com\/es\/wp-json\/wp\/v2\/posts"}],"about":[{"href":"https:\/\/dimensionturistica.com\/es\/wp-json\/wp\/v2\/types\/post"}],"author":[{"embeddable":true,"href":"https:\/\/dimensionturistica.com\/es\/wp-json\/wp\/v2\/users\/4"}],"replies":[{"embeddable":true,"href":"https:\/\/dimensionturistica.com\/es\/wp-json\/wp\/v2\/comments?post=439423"}],"version-history":[{"count":0,"href":"https:\/\/dimensionturistica.com\/es\/wp-json\/wp\/v2\/posts\/439423\/revisions"}],"wp:featuredmedia":[{"embeddable":true,"href":"https:\/\/dimensionturistica.com\/es\/wp-json\/wp\/v2\/media\/439424"}],"wp:attachment":[{"href":"https:\/\/dimensionturistica.com\/es\/wp-json\/wp\/v2\/media?parent=439423"}],"wp:term":[{"taxonomy":"category","embeddable":true,"href":"https:\/\/dimensionturistica.com\/es\/wp-json\/wp\/v2\/categories?post=439423"},{"taxonomy":"post_tag","embeddable":true,"href":"https:\/\/dimensionturistica.com\/es\/wp-json\/wp\/v2\/tags?post=439423"}],"curies":[{"name":"wp","href":"https:\/\/api.w.org\/{rel}","templated":true}]}}