{"id":439128,"date":"2022-12-06T17:28:53","date_gmt":"2022-12-06T17:28:53","guid":{"rendered":"https:\/\/dimensionturistica.com\/es\/?p=439128"},"modified":"2022-12-06T17:28:53","modified_gmt":"2022-12-06T17:28:53","slug":"los-destinos-imprescindibles-de-2023-con-viajar-9","status":"publish","type":"post","link":"https:\/\/dimensionturistica.com\/es\/los-destinos-imprescindibles-de-2023-con-viajar-9\/","title":{"rendered":"Los destinos imprescindibles de 2023 con Viajar"},"content":{"rendered":"<p> <br \/>\n<\/p>\n<div>\n<p class=\"article-body__text article-body__text--entry article-body__text-middle\">\n        El n\u00famero de diciembre de <a rel=\"nofollow noopener\" target=\"_blank\" href=\"https:\/\/news.google.com\/tags\/revista-viajar\/\" title=\"Viajar\" class=\"link copy\">Viajar<\/a>, que est\u00e1 a la venta, es toda una declaraci\u00f3n de intenciones. Adem\u00e1s de poder disfrutar de la <strong>Gu\u00eda Esc\u00e1pate Cerca<\/strong> que viene repleta de propuestas art\u00edsticas gastron\u00f3micas y de conexi\u00f3n con la naturaleza, la revista incluye un <strong>especial \u2018destinos 2023\u2019<\/strong> entre sus p\u00e1ginas. Safaris, ciudades creativas, tesoros culturales o lugares para chuparse los dedos o embarcarse en una gran aventura. Un sinf\u00edn de planes para seducir a los \u00e1vidos viajeros, entre los que destacar los relacionados con\u00a0el\u00a0<strong>50 aniversario<\/strong>\u00a0de la muerte de\u00a0<a rel=\"nofollow noopener\" target=\"_blank\" href=\"https:\/\/news.google.com\/tags\/pablo-picasso\/\" title=\"Pablo Picasso\" class=\"link copy\"><strong>Pablo Picasso<\/strong><\/a><strong>,<\/strong>\u00a0al que se homenajear\u00e1 con varias exposiciones y eventos en Madrid, Barcelona, M\u00e1laga y A Coru\u00f1a. Eso s\u00ed, no sin antes despedirse del 2022 en aut\u00e9nticos lugares de ensue\u00f1o como los que te propone la revista en este n\u00famero.\n<\/p>\n<div class=\"article-body--seo-closed\">\n<p class=\"article-body__text \">\n        Viajar se acerca tambi\u00e9n hasta <a rel=\"nofollow noopener\" target=\"_blank\" href=\"https:\/\/news.google.com\/tags\/londres\/\" title=\"Londres\" class=\"link copy\"><strong>Londres<\/strong><\/a><strong> <\/strong>para recorrer sus calles desde la mirada del que fuera, durante un tiempo, corresponsal en la ciudad: el periodista Enric Gonz\u00e1lez. Y, mucho m\u00e1s cerca, la revista nos traslada hasta la ciudad de <a rel=\"nofollow noopener\" target=\"_blank\" href=\"https:\/\/news.google.com\/tags\/sevilla\/\" title=\"Sevilla\" class=\"link copy\">Sevilla<\/a>, para reencontrarnos con su duende a trav\u00e9s de sus s\u00edmbolos m\u00e1s emblem\u00e1ticos.\n<\/p>\n<p class=\"article-body__text \">\n        Y tambi\u00e9n en Andaluc\u00eda, Viajar te invita a contemplar los paisajes de <strong>Sierra Nevada<\/strong> desde un refugio de vanguardia, perfect para los amantes de la nieve. Sin duda, el contrapunto perfecto a <a rel=\"nofollow noopener\" target=\"_blank\" href=\"https:\/\/news.google.com\/tags\/lanzarote\/\" title=\"Lanzarote\" class=\"link copy\">Lanzarote<\/a> y sus paisajes volc\u00e1nicos. Una isla que sirvi\u00f3 de lienzo a C\u00e9sar Manrique y que sigue inspirando belleza.\n<\/p>\n<p class=\"article-body__text \">\n        Adem\u00e1s, Viajar recorre <a rel=\"nofollow noopener\" target=\"_blank\" href=\"https:\/\/news.google.com\/tags\/estados-unidos\/\" title=\"Estados Unidos\" class=\"link copy\">Estados Unidos<\/a> de la mano de Bel\u00e9n Montalvo, te ofrece un incre\u00edble reportaje fotogr\u00e1fico con las mejores panor\u00e1micas del a\u00f1o, y\u00a0te descubre los viajes <strong>de <\/strong><a rel=\"nofollow noopener\" target=\"_blank\" href=\"https:\/\/news.google.com\/tags\/alexia-putellas\/\" title=\"Alexia Putellas\" class=\"link copy\"><strong>Alexia Putellas<\/strong><\/a><strong> y Rodolfo Guzm\u00e1n<\/strong>. Tan irresistibles como los sabores navide\u00f1os del mundo, reunidos en un ilustrativo mapa, o las ex\u00f3ticas delicias que podr\u00e1s probar en <strong>los mejores <\/strong><a rel=\"nofollow noopener\" target=\"_blank\" href=\"https:\/\/news.google.com\/tags\/restaurantes\/\" title=\"restaurantes\" class=\"link copy\"><strong>restaurantes<\/strong><\/a><strong> de Yakarta y Bali.<\/strong>\n<\/p>\n<p class=\"article-body__text \">\n        Todo esto y mucho m\u00e1s en tu revista Viajar de diciembre.\n<\/p>\n<\/p><\/div><\/div>\n\n<p><em> &#8221; Fuentes news.google.com &#8221; <\/em><\/p>\n","protected":false},"excerpt":{"rendered":"<p>El n\u00famero de diciembre de Viajar, que est\u00e1 a la venta, es toda una declaraci\u00f3n de intenciones. Adem\u00e1s de poder disfrutar de la Gu\u00eda Esc\u00e1pate Cerca que viene repleta de propuestas art\u00edsticas gastron\u00f3micas y de conexi\u00f3n con la naturaleza, la revista incluye un especial \u2018destinos 2023\u2019 entre sus p\u00e1ginas. Safaris, ciudades creativas, tesoros culturales o [&hellip;]<\/p>\n","protected":false},"author":4,"featured_media":436671,"comment_status":"open","ping_status":"closed","sticky":false,"template":"","format":"standard","meta":{"om_disable_all_campaigns":false,"jnews-multi-image_gallery":[],"jnews_single_post":[],"jnews_primary_category":[],"jnews_social_meta":[],"footnotes":""},"categories":[39],"tags":[13282,1228,11588,3888,790],"class_list":["post-439128","post","type-post","status-publish","format-standard","has-post-thumbnail","hentry","category-viajes","tag-13282","tag-destinos","tag-imprescindibles","tag-revista-viajar","tag-viajar"],"_links":{"self":[{"href":"https:\/\/dimensionturistica.com\/es\/wp-json\/wp\/v2\/posts\/439128","targetHints":{"allow":["GET"]}}],"collection":[{"href":"https:\/\/dimensionturistica.com\/es\/wp-json\/wp\/v2\/posts"}],"about":[{"href":"https:\/\/dimensionturistica.com\/es\/wp-json\/wp\/v2\/types\/post"}],"author":[{"embeddable":true,"href":"https:\/\/dimensionturistica.com\/es\/wp-json\/wp\/v2\/users\/4"}],"replies":[{"embeddable":true,"href":"https:\/\/dimensionturistica.com\/es\/wp-json\/wp\/v2\/comments?post=439128"}],"version-history":[{"count":0,"href":"https:\/\/dimensionturistica.com\/es\/wp-json\/wp\/v2\/posts\/439128\/revisions"}],"wp:featuredmedia":[{"embeddable":true,"href":"https:\/\/dimensionturistica.com\/es\/wp-json\/wp\/v2\/media\/436671"}],"wp:attachment":[{"href":"https:\/\/dimensionturistica.com\/es\/wp-json\/wp\/v2\/media?parent=439128"}],"wp:term":[{"taxonomy":"category","embeddable":true,"href":"https:\/\/dimensionturistica.com\/es\/wp-json\/wp\/v2\/categories?post=439128"},{"taxonomy":"post_tag","embeddable":true,"href":"https:\/\/dimensionturistica.com\/es\/wp-json\/wp\/v2\/tags?post=439128"}],"curies":[{"name":"wp","href":"https:\/\/api.w.org\/{rel}","templated":true}]}}