{"id":439013,"date":"2022-12-06T12:08:11","date_gmt":"2022-12-06T12:08:11","guid":{"rendered":"https:\/\/dimensionturistica.com\/es\/?p=439013"},"modified":"2022-12-06T12:08:11","modified_gmt":"2022-12-06T12:08:11","slug":"paisajes-pueblos-y-sabores-desconocidos","status":"publish","type":"post","link":"https:\/\/dimensionturistica.com\/es\/paisajes-pueblos-y-sabores-desconocidos\/","title":{"rendered":"paisajes, pueblos y sabores desconocidos"},"content":{"rendered":"<p> <br \/>\n<\/p>\n<div>\n<div id=\"involveds\" class=\"involveds wrap\">\n<div class=\"involved-authors only-author\">\n<div class=\"first-author\">\n<figure class=\"thumb col-xs-3\">&#13;<img loading=\"lazy\" decoding=\"async\" src=\"https:\/\/news.google.com\/medio\/2022\/11\/07\/raquel-ficha_9e3ba54d_600x600.png\" alt=\"Raquel Ficha\" class=\"lazyload\" width=\"600\" height=\"600\" data-aspectratio=\"600\/600\"\/><noscript><img decoding=\"async\" src=\"https:\/\/news.google.com\/medio\/2022\/11\/07\/raquel-ficha_9e3ba54d_600x600.png\" alt=\"Raquel Ficha\"\/><\/noscript>&#13;<\/figure>\n<\/div>\n<\/div>\n<\/div>\n<p class=\"date\"> <time itemprop=\"dateModified\" datetime=\"2022-12-06T12:55:00+01:00\" data-timestamp=\"1670331300\">&#13;06 de diciembre de 2022 \u00b7 12:55<\/time>&#13;<\/p>\n<\/div>\n<div id=\"article-sumary\">\n<div class=\"article-txt ad-mobile-top\">\n<p>Poco conocida, incluso,\u00a0por los propios gallegos, la regi\u00f3n de <a rel=\"nofollow noopener\" target=\"_blank\" href=\"https:\/\/viajes.nationalgeographic.com.es\/promociones\/ribeira-sacra-escapada-perfecta-para-esta-primavera_14074\">Ribeira Sacra<\/a>\u00a0guarda su esencia como pocos destinos de <a rel=\"nofollow noopener\" target=\"_blank\" href=\"https:\/\/news.google.com\/p\/espana\">Espa\u00f1a<\/a>. Su compleja orograf\u00eda, el aislamiento de sus localidades y su relaci\u00f3n con su cultura y sus costumbres\u00a0hacen que, m\u00e1s all\u00e1 de las postales heroicas y sus monasterios ajados, esta regi\u00f3n de Galicia sea todo un secreto. Este es un viaje por este tramo del Mi\u00f1o donde los sabores, los pueblos y las tradiciones siguen siendo muy aut\u00e9nticas.\u00a0<\/p>\n<p>\u00a0<\/p>\n<\/div>\n<\/div>\n\n<p><em> &#8221; Fuentes news.google.com &#8221; <\/em><\/p>\n","protected":false},"excerpt":{"rendered":"<p>&#13;&#13; &#13;06 de diciembre de 2022 \u00b7 12:55&#13; Poco conocida, incluso,\u00a0por los propios gallegos, la regi\u00f3n de Ribeira Sacra\u00a0guarda su esencia como pocos destinos de Espa\u00f1a. Su compleja orograf\u00eda, el aislamiento de sus localidades y su relaci\u00f3n con su cultura y sus costumbres\u00a0hacen que, m\u00e1s all\u00e1 de las postales heroicas y sus monasterios ajados, esta [&hellip;]<\/p>\n","protected":false},"author":4,"featured_media":439014,"comment_status":"open","ping_status":"closed","sticky":false,"template":"","format":"standard","meta":{"om_disable_all_campaigns":false,"jnews-multi-image_gallery":[],"jnews_single_post":[],"jnews_primary_category":[],"jnews_social_meta":[],"footnotes":""},"categories":[39],"tags":[47258,47257],"class_list":["post-439013","post","type-post","status-publish","format-standard","has-post-thumbnail","hentry","category-viajes","tag-cargado-desde-el-fichero-de-recursos","tag-keywords-por-defecto"],"_links":{"self":[{"href":"https:\/\/dimensionturistica.com\/es\/wp-json\/wp\/v2\/posts\/439013","targetHints":{"allow":["GET"]}}],"collection":[{"href":"https:\/\/dimensionturistica.com\/es\/wp-json\/wp\/v2\/posts"}],"about":[{"href":"https:\/\/dimensionturistica.com\/es\/wp-json\/wp\/v2\/types\/post"}],"author":[{"embeddable":true,"href":"https:\/\/dimensionturistica.com\/es\/wp-json\/wp\/v2\/users\/4"}],"replies":[{"embeddable":true,"href":"https:\/\/dimensionturistica.com\/es\/wp-json\/wp\/v2\/comments?post=439013"}],"version-history":[{"count":0,"href":"https:\/\/dimensionturistica.com\/es\/wp-json\/wp\/v2\/posts\/439013\/revisions"}],"wp:featuredmedia":[{"embeddable":true,"href":"https:\/\/dimensionturistica.com\/es\/wp-json\/wp\/v2\/media\/439014"}],"wp:attachment":[{"href":"https:\/\/dimensionturistica.com\/es\/wp-json\/wp\/v2\/media?parent=439013"}],"wp:term":[{"taxonomy":"category","embeddable":true,"href":"https:\/\/dimensionturistica.com\/es\/wp-json\/wp\/v2\/categories?post=439013"},{"taxonomy":"post_tag","embeddable":true,"href":"https:\/\/dimensionturistica.com\/es\/wp-json\/wp\/v2\/tags?post=439013"}],"curies":[{"name":"wp","href":"https:\/\/api.w.org\/{rel}","templated":true}]}}