{"id":438982,"date":"2022-12-06T08:42:09","date_gmt":"2022-12-06T08:42:09","guid":{"rendered":"https:\/\/dimensionturistica.com\/es\/?p=438982"},"modified":"2022-12-06T08:42:09","modified_gmt":"2022-12-06T08:42:09","slug":"el-arbol-con-el-tronco-mas-ancho-del-mundo","status":"publish","type":"post","link":"https:\/\/dimensionturistica.com\/es\/el-arbol-con-el-tronco-mas-ancho-del-mundo\/","title":{"rendered":"El \u00e1rbol con el tronco m\u00e1s ancho del mundo"},"content":{"rendered":"<p> <br \/>\n<\/p>\n<div>\n<div id=\"involveds\" class=\"involveds wrap\">\n<div class=\"involved-authors only-author\">\n<div class=\"first-author\">\n<figure class=\"thumb col-xs-3\">&#13;<img loading=\"lazy\" decoding=\"async\" src=\"https:\/\/news.google.com\/medio\/2021\/12\/15\/xell_b48658f1_600x600.png\" alt=\"Xell\" class=\"lazyload\" width=\"600\" height=\"600\" data-aspectratio=\"600\/600\"\/><noscript><img decoding=\"async\" src=\"https:\/\/news.google.com\/medio\/2021\/12\/15\/xell_b48658f1_600x600.png\" alt=\"Xell\"\/><\/noscript>&#13;<\/figure>\n<\/div>\n<\/div>\n<\/div>\n<p class=\"date\"> <time itemprop=\"dateModified\" datetime=\"2022-12-06T07:00:00+01:00\" data-timestamp=\"1670310000\">&#13;06 de diciembre de 2022 \u00b7 07:00<\/time>&#13;<\/p>\n<\/div>\n<div id=\"article-text\">\n<div class=\"txt\">\n<aside class=\"subscription-highlighted\">\n<div class=\"subscription-container\">\n<div class=\"non-subscribed\">\n<p class=\"description\">Cyber Monday. Suscr\u00edbete hoy al -50% a la revista Viajes Nationwide Geographic y explora nuevos destinos<\/p>\n<p><a rel=\"nofollow noopener\" target=\"_blank\" href=\"https:\/\/tienda.rba.es\/revistas\/viajes-national-geographic?rba_source=viajes.nationalgeographic.com.es&amp;rba_medium=referral&amp;rba_campaign=NGMV&amp;rba_content=frase-articulo\" class=\"more-link\">EMPIEZA YA<\/a><\/div>\n<\/div>\n<\/aside>\n<p style=\"display: none;\"><img decoding=\"async\" id=\"ctl01_ctl00_phMain_phMain_ctl00_ctl02_ctl17_ctl01_imgContent\" src=\"https:\/\/news.google.com\/medio\/2022\/12\/05\/arbol-del-tule_dcf3acdd_800x800.jpg\" alt=\"\u00c1rbol del Tule\" style=\"border-width:0px;\"\/><\/p>\n<aside class=\"add300x250 publi-interior-top ad-container-r1 ad-inline\"\/>\n<p>El atrio de la iglesia de Santa Mar\u00eda del Tule atesora uno de los \u00e1rboles m\u00e1s grandiosos del planeta. Un adjetivo que le viene como anillo al dedo, ya que comprende tanto su tama\u00f1o como su edad. Por un lado, sus 42 metros de per\u00edmetro lo convierte en <strong>el \u00e1rbol con el tronco m\u00e1s gordo del mundo. <\/strong>Sumado a sus 40 metros de altura, alcanza los 705 m3 y un peso aproximado de 509.000 kg. Por el otro lado, los bot\u00e1nicos lo han clasificado como un <em>Taxodium mucionatum<\/em> con una edad estimada de 2000 a\u00f1os.<\/p>\n<p>Perteneciente al grupo de los sabinos, similares a los cipreses, <strong>el \u00c1rbol de Tule naci\u00f3 cuando en este territorio de <a rel=\"nofollow noopener\" target=\"_blank\" href=\"https:\/\/viajes.nationalgeographic.com.es\/p\/mexico\">M\u00e9xico<\/a> habitaban los zapotecas,<\/strong> una civilizaci\u00f3n mesoamericana que relacionaba estrechamente sus antepasados con las rocas, los \u00e1rboles y los jaguares. Su nombre, que proviene de tollin (planta acu\u00e1tica), muestra que creci\u00f3 en un terreno pantanoso como period este en la antig\u00fcedad. Hoy, preside el atrio del peque\u00f1o templo del este de Oaxaca y cuenta con su propia fiesta, celebrada cada segundo lunes de octubre en las calles de Guelaguetza. Cuando se quiere rodear todo su tronco, se necesita una treintena de personas.<\/p>\n<p>La grandiosidad contin\u00faa por sus ramas, que se entrelazan creando formas caprichosas que le han dado el sobrenombre de El Elefante, El Le\u00f3n o Los Tres Reyes Magos, entre otros, creando una espectacular c\u00fapula. Se estima que su sombra es capaz de cobijar a unas 500 personas.<\/p>\n<aside class=\"add300x600 publi-interior-bot ad-inline ad-container-r2\"\/><\/div>\n<p><!-- START:toolbar --><!-- END:toolbar --><\/div>\n\n<p><em> &#8221; Fuentes news.google.com &#8221; <\/em><\/p>\n","protected":false},"excerpt":{"rendered":"<p>&#13;&#13; &#13;06 de diciembre de 2022 \u00b7 07:00&#13; Cyber Monday. Suscr\u00edbete hoy al -50% a la revista Viajes Nationwide Geographic y explora nuevos destinos EMPIEZA YA El atrio de la iglesia de Santa Mar\u00eda del Tule atesora uno de los \u00e1rboles m\u00e1s grandiosos del planeta. Un adjetivo que le viene como anillo al dedo, ya [&hellip;]<\/p>\n","protected":false},"author":4,"featured_media":438983,"comment_status":"open","ping_status":"closed","sticky":false,"template":"","format":"standard","meta":{"om_disable_all_campaigns":false,"jnews-multi-image_gallery":[],"jnews_single_post":[],"jnews_primary_category":[],"jnews_social_meta":[],"footnotes":""},"categories":[39],"tags":[47258,47257],"class_list":["post-438982","post","type-post","status-publish","format-standard","has-post-thumbnail","hentry","category-viajes","tag-cargado-desde-el-fichero-de-recursos","tag-keywords-por-defecto"],"_links":{"self":[{"href":"https:\/\/dimensionturistica.com\/es\/wp-json\/wp\/v2\/posts\/438982","targetHints":{"allow":["GET"]}}],"collection":[{"href":"https:\/\/dimensionturistica.com\/es\/wp-json\/wp\/v2\/posts"}],"about":[{"href":"https:\/\/dimensionturistica.com\/es\/wp-json\/wp\/v2\/types\/post"}],"author":[{"embeddable":true,"href":"https:\/\/dimensionturistica.com\/es\/wp-json\/wp\/v2\/users\/4"}],"replies":[{"embeddable":true,"href":"https:\/\/dimensionturistica.com\/es\/wp-json\/wp\/v2\/comments?post=438982"}],"version-history":[{"count":0,"href":"https:\/\/dimensionturistica.com\/es\/wp-json\/wp\/v2\/posts\/438982\/revisions"}],"wp:featuredmedia":[{"embeddable":true,"href":"https:\/\/dimensionturistica.com\/es\/wp-json\/wp\/v2\/media\/438983"}],"wp:attachment":[{"href":"https:\/\/dimensionturistica.com\/es\/wp-json\/wp\/v2\/media?parent=438982"}],"wp:term":[{"taxonomy":"category","embeddable":true,"href":"https:\/\/dimensionturistica.com\/es\/wp-json\/wp\/v2\/categories?post=438982"},{"taxonomy":"post_tag","embeddable":true,"href":"https:\/\/dimensionturistica.com\/es\/wp-json\/wp\/v2\/tags?post=438982"}],"curies":[{"name":"wp","href":"https:\/\/api.w.org\/{rel}","templated":true}]}}