{"id":438626,"date":"2022-12-05T18:08:35","date_gmt":"2022-12-05T18:08:35","guid":{"rendered":"https:\/\/dimensionturistica.com\/es\/?p=438626"},"modified":"2022-12-05T18:11:16","modified_gmt":"2022-12-05T18:11:16","slug":"viva-aerobus-nombrada-la-aerolinea-de-bajo-costo-del-ano-2022-durante-los-premios-a-la-excelencia-de-la-aviacion-mundial-capa","status":"publish","type":"post","link":"https:\/\/dimensionturistica.com\/es\/viva-aerobus-nombrada-la-aerolinea-de-bajo-costo-del-ano-2022-durante-los-premios-a-la-excelencia-de-la-aviacion-mundial-capa\/","title":{"rendered":"Viva Aerobus nombrada la \u00abAerol\u00ednea de Bajo Costo del a\u00f1o 2022\u00bb durante los premios a la excelencia de la aviaci\u00f3n mundial CAPA"},"content":{"rendered":"<p>Hoy, el Centro de Aviaci\u00f3n de Asia Pac\u00edfico (CAPA), organizaci\u00f3n internacional de an\u00e1lisis de datos e inteligencia sobre la industria de la aviaci\u00f3n, reconoci\u00f3 a Viva Aerobus, a nivel global, como la \u2018Aerol\u00ednea de Bajo Costo del A\u00f1o 2022\u00b4 en la Cumbre Mundial de Aviaci\u00f3n CAPA celebrada en Gibraltar.<img decoding=\"async\" class=\"size-medium wp-image-438634 alignright\" src=\"https:\/\/dimensionturistica.com\/es\/wp-content\/uploads\/2022\/12\/Viva-Aerobus_Premio-CAPA-1-225x300.jpeg\" alt=\"\" width=\"225\" height=\"300\" srcset=\"https:\/\/dimensionturistica.com\/es\/wp-content\/uploads\/2022\/12\/Viva-Aerobus_Premio-CAPA-1-225x300.jpeg 225w, https:\/\/dimensionturistica.com\/es\/wp-content\/uploads\/2022\/12\/Viva-Aerobus_Premio-CAPA-1-750x1000.jpeg 750w, https:\/\/dimensionturistica.com\/es\/wp-content\/uploads\/2022\/12\/Viva-Aerobus_Premio-CAPA-1.jpeg 768w\" sizes=\"(max-width: 225px) 100vw, 225px\" \/><br \/>\n\u201cEn nombre de toda la familia de Viva Aerobus, agradecemos este reconocimiento, el cual representa el gran\u00a0esfuerzo que ha hecho nuestro equipo en estos dos \u00faltimos y desafiantes a\u00f1os. Estamos comprometidos a seguir haciendo crecer nuestro negocio, manteniendo el esquema de costos m\u00e1s bajo de Am\u00e9rica, las tarifas m\u00e1s bajas y el mejor servicio al cliente\u201d, se\u00f1al\u00f3 Juan Carlos Zuazua, Director General de Viva Aerobus.<br \/>\nLos Premios a la Excelencia en Aviaci\u00f3n CAPA se instauraron a partir de 2002 en reconocimiento a los logros de aerol\u00edneas y aeropuertos que lideran la industria y muestran una asertiva capacidad de adaptaci\u00f3n ante un entorno siempre cambiante. Los ganadores son seleccionados por un panel internacional e independiente de jueces que revisan los an\u00e1lisis e investigaciones realizados por el equipo de analistas expertos de CAPA.<br \/>\nParticularmente, la distinci\u00f3n \u2018Aerol\u00ednea de Bajo Costo del A\u00f1o\u2019 se otorga a aquella l\u00ednea a\u00e9rea de bajo costo que destaca por su estrategia, su posicionamiento como l\u00edder en el mercado y su capacidad de innovaci\u00f3n, convirti\u00e9ndose as\u00ed en un referente a seguir dentro del sector.<br \/>\n\u201cEstamos muy orgullosos de ser la primera aerol\u00ednea mexicana en recibir este premio, sobre todo ahora, en tiempos desafiantes para la industria a\u00e9rea, estamos saliendo de una pandemia y entrando a un entorno altamente vol\u00e1til\u201d, detall\u00f3 Juan Carlos Zuazua.<br \/>\nCAPA resalt\u00f3 que Viva fue una de las pocas aerol\u00edneas en todo el mundo en restaurar completamente, y en tiempo r\u00e9cord, su capacidad en medio de la pandemia por COVID-19. Para 2020, los asientos-kil\u00f3metro disponibles de la aerol\u00ednea ya estaban por encima de los niveles de 2019. Y, en el a\u00f1o fiscal correspondiente a 2022, la aerol\u00ednea espera crecer alrededor de un 80% en el n\u00famero de pasajeros en comparaci\u00f3n con 2019.<br \/>\n\u201cPor su r\u00e1pida recuperaci\u00f3n, resiliencia y capacidad para innovar y desarrollar nuevas alianzas frente a circunstancias cambiantes, CAPA se complace en otorgar a Viva Aerobus el premio Aerol\u00ednea de Bajo Costo del A\u00f1o 2022\u201d, mencion\u00f3 Marco Navarria, Director de Marketing y Contenido de CAPA.<br \/>\nViva Aerobus tambi\u00e9n sobresale por ser una aerol\u00ednea en plena etapa de crecimiento y, bajo un enfoque en la eficiencia operativa, adaptaci\u00f3n a las tendencias de mercado y rentabilidad, este a\u00f1o integra 14 aviones a<img decoding=\"async\" class=\"size-medium wp-image-438633 alignright\" src=\"https:\/\/dimensionturistica.com\/es\/wp-content\/uploads\/2022\/12\/Viva-Aerobus_Premio-CAPA-2-225x300.jpeg\" alt=\"\" width=\"225\" height=\"300\" srcset=\"https:\/\/dimensionturistica.com\/es\/wp-content\/uploads\/2022\/12\/Viva-Aerobus_Premio-CAPA-2-225x300.jpeg 225w, https:\/\/dimensionturistica.com\/es\/wp-content\/uploads\/2022\/12\/Viva-Aerobus_Premio-CAPA-2-750x1000.jpeg 750w, https:\/\/dimensionturistica.com\/es\/wp-content\/uploads\/2022\/12\/Viva-Aerobus_Premio-CAPA-2.jpeg 768w\" sizes=\"(max-width: 225px) 100vw, 225px\" \/> su flota, esperando cerrar el 2022 con 69 aeronaves.<br \/>\nAl respecto, destaca, por ejemplo, el inicio de operaciones en el nuevo Aeropuerto Felipe \u00c1ngeles, el reinicio de vuelos en Toluca, los nuevos servicios internacionales Bogot\u00e1 \u2013 Guadalajara y Monterrey \u2013 La Habana; as\u00ed como el incremento de frecuencias y rutas a destinos como Acapulco, Canc\u00fan, Le\u00f3n, M\u00e9rida, Monterrey, Nuevo Laredo, Oaxaca, Puerto Escondido, Puerto Vallarta, Quer\u00e9taro, Tijuana, entre otros. Igualmente, Viva anunci\u00f3 su sexta base operativa en el Aeropuerto Internacional de M\u00e9rida, regi\u00f3n tur\u00edstica y econ\u00f3mica clave del sureste mexicano.<br \/>\nAdem\u00e1s, con el firme objetivo de expandir su negocio, Viva est\u00e1 en proceso de concretar un Acuerdo de Alianza Comercial con la aerol\u00ednea estadounidense Allegiant, trat\u00e1ndose de una alianza hist\u00f3rica \u2013joint venture- y \u00fanica entre dos aerol\u00edneas de bajo costo para atender al mercado a\u00e9reo m\u00e1s din\u00e1mico del mundo: M\u00e9xico \u2013 EUA, el cual consta de m\u00e1s de 30 millones de pasajeros anuales. Asimismo, hace unos meses, Viva cerr\u00f3 un acuerdo de c\u00f3digo compartido con Iberia para brindar m\u00e1s facilidades a los pasajeros que viajan entre M\u00e9xico y Espa\u00f1a, combinando tramos operados por ambas l\u00edneas a\u00e9reas.<br \/>\nA la par de esta estrategia de expansi\u00f3n, con la finalidad de seguir enriqueciendo su servicio, este a\u00f1o la aerol\u00ednea lanz\u00f3 su primer programa de recompensas y viajero frecuente Doters; y present\u00f3 su nueva tarjeta de cr\u00e9dito HSBC Viva, un aliado de dicho programa de lealtad.<br \/>\nFruto de estas acciones, hoy Viva se posiciona como una de las aerol\u00edneas mexicanas con la mayor tasa de crecimiento en t\u00e9rminos de la preferencia de los viajeros. Viva Aerobus report\u00f3 un incremento del 38% en el n\u00famero de pasajeros entre enero y octubre de 2022 en comparaci\u00f3n con el mismo periodo del 2021, sumando m\u00e1s de 16.7 millones de pasajeros y con un factor de ocupaci\u00f3n del 86%.<br \/>\n\u201cEste premio es una gran manera de festejar nuestro aniversario n\u00famero 16, el cual celebramos hace tan solo un par de d\u00edas. Gracias al arduo trabajo de nuestro equipo, actualmente operamos cerca de 400 vuelos diarios, ofrecemos m\u00e1s de 130 rutas y tenemos m\u00e1s del 33% de participaci\u00f3n en el mercado nacional. Seguiremos trabajando para cumplir, d\u00eda a d\u00eda, nuestra misi\u00f3n: siempre seguros, siempre confiables y siempre precios bajos.\u201d, explic\u00f3 Juan Carlos Zuazua.<\/p>\n","protected":false},"excerpt":{"rendered":"<p>Hoy, el Centro de Aviaci\u00f3n de Asia Pac\u00edfico (CAPA), organizaci\u00f3n internacional de an\u00e1lisis de datos e inteligencia sobre la industria de la aviaci\u00f3n, reconoci\u00f3 a Viva Aerobus, a nivel global, como la \u2018Aerol\u00ednea de Bajo Costo del A\u00f1o 2022\u00b4 en la Cumbre Mundial de Aviaci\u00f3n CAPA celebrada en Gibraltar. \u201cEn nombre de toda la familia [&hellip;]<\/p>\n","protected":false},"author":1,"featured_media":438632,"comment_status":"open","ping_status":"closed","sticky":false,"template":"","format":"standard","meta":{"om_disable_all_campaigns":false,"jnews-multi-image_gallery":[],"jnews_single_post":{"source_name":"","source_url":"","via_name":"","via_url":"","override_template":"0","override":[{"template":"1","single_blog_custom":"","parallax":"1","fullscreen":"1","layout":"right-sidebar","sidebar":"default-sidebar","second_sidebar":"default-sidebar","sticky_sidebar":"1","share_position":"top","share_float_style":"share-monocrhome","show_share_counter":"1","show_view_counter":"1","show_featured":"1","show_post_meta":"1","show_post_author":"1","show_post_author_image":"1","show_post_date":"1","post_date_format":"default","post_date_format_custom":"Y\/m\/d","show_post_category":"1","show_post_reading_time":"0","post_reading_time_wpm":"300","show_zoom_button":"0","zoom_button_out_step":"2","zoom_button_in_step":"3","show_post_tag":"1","show_prev_next_post":"1","show_popup_post":"1","number_popup_post":"1","show_author_box":"0","show_post_related":"0","show_inline_post_related":"0"}],"override_image_size":"0","image_override":[{"single_post_thumbnail_size":"crop-500","single_post_gallery_size":"crop-500"}],"trending_post":"0","trending_post_position":"meta","trending_post_label":"Trending","sponsored_post":"0","sponsored_post_label":"Sponsored by","sponsored_post_name":"","sponsored_post_url":"","sponsored_post_logo_enable":"0","sponsored_post_logo":"","sponsored_post_desc":"","disable_ad":"0"},"jnews_primary_category":{"id":"","hide":""},"jnews_social_meta":{"fb_title":"","fb_description":"","fb_image":"","twitter_title":"","twitter_description":"","twitter_image":""},"footnotes":""},"categories":[39],"tags":[],"class_list":["post-438626","post","type-post","status-publish","format-standard","has-post-thumbnail","hentry","category-viajes"],"_links":{"self":[{"href":"https:\/\/dimensionturistica.com\/es\/wp-json\/wp\/v2\/posts\/438626","targetHints":{"allow":["GET"]}}],"collection":[{"href":"https:\/\/dimensionturistica.com\/es\/wp-json\/wp\/v2\/posts"}],"about":[{"href":"https:\/\/dimensionturistica.com\/es\/wp-json\/wp\/v2\/types\/post"}],"author":[{"embeddable":true,"href":"https:\/\/dimensionturistica.com\/es\/wp-json\/wp\/v2\/users\/1"}],"replies":[{"embeddable":true,"href":"https:\/\/dimensionturistica.com\/es\/wp-json\/wp\/v2\/comments?post=438626"}],"version-history":[{"count":0,"href":"https:\/\/dimensionturistica.com\/es\/wp-json\/wp\/v2\/posts\/438626\/revisions"}],"wp:featuredmedia":[{"embeddable":true,"href":"https:\/\/dimensionturistica.com\/es\/wp-json\/wp\/v2\/media\/438632"}],"wp:attachment":[{"href":"https:\/\/dimensionturistica.com\/es\/wp-json\/wp\/v2\/media?parent=438626"}],"wp:term":[{"taxonomy":"category","embeddable":true,"href":"https:\/\/dimensionturistica.com\/es\/wp-json\/wp\/v2\/categories?post=438626"},{"taxonomy":"post_tag","embeddable":true,"href":"https:\/\/dimensionturistica.com\/es\/wp-json\/wp\/v2\/tags?post=438626"}],"curies":[{"name":"wp","href":"https:\/\/api.w.org\/{rel}","templated":true}]}}