{"id":438581,"date":"2022-12-05T17:22:11","date_gmt":"2022-12-05T17:22:11","guid":{"rendered":"https:\/\/dimensionturistica.com\/es\/?p=438581"},"modified":"2022-12-05T17:22:11","modified_gmt":"2022-12-05T17:22:11","slug":"dinner-in-the-sky-y-coca-cola-lanzan-magia-de-verdad-en-el-cielo-una-experiencia-gastronomica-de-altura","status":"publish","type":"post","link":"https:\/\/dimensionturistica.com\/es\/dinner-in-the-sky-y-coca-cola-lanzan-magia-de-verdad-en-el-cielo-una-experiencia-gastronomica-de-altura\/","title":{"rendered":"Dinner in the Sky\u00ae y Coca\u2013Cola lanzan \u00a1Magia de Verdad en el cielo!, una experiencia gastron\u00f3mica de altura"},"content":{"rendered":"<p>Empieza la temporada navide\u00f1a y a trav\u00e9s de una experiencia y men\u00fa de altura, Dinner in the Sky\u00ae y Coca\u2013Cola presentan, \u00a1Magia de Verdad en el cielo!, una experiencia gastron\u00f3mica para 22 comensales que son elevados mediante una gr\u00faa a 45 metros de altura para deleitar un delicioso men\u00fa cerca de las nubes, bebidas premium y una vista privilegiada.<br \/>\nJoan Cordoves, CEO de Dinner in the Sky\u00ae, afirma que \u201ces un orgullo compartir proyecto con una compa\u00f1\u00eda global de la talla y el prestigio de Coca\u2013Cola. Ambos estamos seguros de que disfrutar\u00e1n mucho de la experiencia en esta temporada decembrina\u201d.<br \/>\nTras 9 a\u00f1os de estar presentes en los cielos mexicanos. Esta navidad, los vuelos ser\u00e1n del 1 de diciembre al<img decoding=\"async\" class=\"size-medium wp-image-438588 alignright\" src=\"https:\/\/dimensionturistica.com\/es\/wp-content\/uploads\/2022\/12\/4-240x300.jpeg\" alt=\"\" width=\"240\" height=\"300\" srcset=\"https:\/\/dimensionturistica.com\/es\/wp-content\/uploads\/2022\/12\/4-240x300.jpeg 240w, https:\/\/dimensionturistica.com\/es\/wp-content\/uploads\/2022\/12\/4-819x1024.jpeg 819w, https:\/\/dimensionturistica.com\/es\/wp-content\/uploads\/2022\/12\/4-768x960.jpeg 768w, https:\/\/dimensionturistica.com\/es\/wp-content\/uploads\/2022\/12\/4-750x938.jpeg 750w, https:\/\/dimensionturistica.com\/es\/wp-content\/uploads\/2022\/12\/4.jpeg 1080w\" sizes=\"(max-width: 240px) 100vw, 240px\" \/> 15 de enero, con posibilidad para reservar Desayuno, Brunch, Comida, Cena o Drinks y Canap\u00e9s, de acuerdo con la ocasi\u00f3n.<br \/>\n\u201cDinner in the Sky\u00ae es un proyecto originario de B\u00e9lgica con 16 a\u00f1os de \u00e9xito en el mundo y que a la fecha se encuentra en operaci\u00f3n en m\u00e1s de 60 pa\u00edses, teniendo excelentes cr\u00edticas y rese\u00f1as, somos una experiencia imperdible para locales y turistas\u201d, coment\u00f3 Cordoves.<br \/>\nEste men\u00fa corre a cargo del Chef Ra\u00fal Castillo, destacado representante de la comida mexicana, visionario y emprendedor, el cual, es socio propietario y Chef en Jefe de Grupo Trocadero, conjunto de restaurantes con una propuesta gastron\u00f3mica sustentada principalmente en el producto mediterr\u00e1neo.<br \/>\nOtros de los chefs que han tomado el vuelo para cocinar con Dinner in the Sky\u00ae son, Mikel Alonso, Martha Ortiz, Javier Plascencia, los Hermanos Rodrigo Rivera-Rio, Jonatan G\u00f3mez Luna y Josefina L\u00f3pez en Ciudad de M\u00e9xico y en Teotihuacan, Massimo Bottura, considerado el mejor chef del mundo por 4 a\u00f1os consecutivos y Virgilio Mart\u00ednez, propietario de un restaurante clasificado como el 4to mejor en el mundo.<br \/>\nLa experiencia est\u00e1 dise\u00f1ada en una plataforma suspendida con cables de alta seguridad de acero inoxidable. Los asientos son estilo F\u00f3rmula Uno y cada uno cuenta con un arn\u00e9s de seguridad que los mantendr\u00e1 protegidos, pero que tambi\u00e9n les permitir\u00e1 tener facilidad de movimiento y comodidad en todo momento. La silla puede girar 90 grados, permitiendo captar fabulosas fotos y videos, con completa seguridad.<br \/>\nCon las nuevas fechas disponibles, Dinner in the Sky\u00ae y Coca \u2013 Cola te invitan a dejar la rutina en tierra y a volar siempre m\u00e1s alto. Comparte esta noticia en redes sociales con el hashtag #dinnerinthesky #dinnerintheskymexico #dejalarutinaentierra #skydinner #magiadeverdad<br \/>\n#cocacolainthesky y danos \u201clike\u201d en:<br \/>\nhttps:\/\/www.instagram.com\/dinnerintheskymxoficial\/<br \/>\nhttps:\/\/www.facebook.com\/dinnerintheskymexico<br \/>\nPara m\u00e1s informaci\u00f3n, precios y compra de boletos, consulta la p\u00e1gina:<br \/>\nhttps:\/\/dinnerinthesky.com.mx\/<\/p>\n","protected":false},"excerpt":{"rendered":"<p>Empieza la temporada navide\u00f1a y a trav\u00e9s de una experiencia y men\u00fa de altura, Dinner in the Sky\u00ae y Coca\u2013Cola presentan, \u00a1Magia de Verdad en el cielo!, una experiencia gastron\u00f3mica para 22 comensales que son elevados mediante una gr\u00faa a 45 metros de altura para deleitar un delicioso men\u00fa cerca de las nubes, bebidas premium [&hellip;]<\/p>\n","protected":false},"author":1,"featured_media":438584,"comment_status":"open","ping_status":"closed","sticky":false,"template":"","format":"standard","meta":{"om_disable_all_campaigns":false,"jnews-multi-image_gallery":[],"jnews_single_post":{"source_name":"","source_url":"","via_name":"","via_url":"","override_template":"0","override":[{"template":"1","single_blog_custom":"","parallax":"1","fullscreen":"1","layout":"right-sidebar","sidebar":"default-sidebar","second_sidebar":"default-sidebar","sticky_sidebar":"1","share_position":"top","share_float_style":"share-monocrhome","show_share_counter":"1","show_view_counter":"1","show_featured":"1","show_post_meta":"1","show_post_author":"1","show_post_author_image":"1","show_post_date":"1","post_date_format":"default","post_date_format_custom":"Y\/m\/d","show_post_category":"1","show_post_reading_time":"0","post_reading_time_wpm":"300","show_zoom_button":"0","zoom_button_out_step":"2","zoom_button_in_step":"3","show_post_tag":"1","show_prev_next_post":"1","show_popup_post":"1","number_popup_post":"1","show_author_box":"0","show_post_related":"0","show_inline_post_related":"0"}],"override_image_size":"0","image_override":[{"single_post_thumbnail_size":"crop-500","single_post_gallery_size":"crop-500"}],"trending_post":"0","trending_post_position":"meta","trending_post_label":"Trending","sponsored_post":"0","sponsored_post_label":"Sponsored by","sponsored_post_name":"","sponsored_post_url":"","sponsored_post_logo_enable":"0","sponsored_post_logo":"","sponsored_post_desc":"","disable_ad":"0"},"jnews_primary_category":{"id":"","hide":""},"jnews_social_meta":{"fb_title":"","fb_description":"","fb_image":"","twitter_title":"","twitter_description":"","twitter_image":""},"footnotes":""},"categories":[40],"tags":[],"class_list":["post-438581","post","type-post","status-publish","format-standard","has-post-thumbnail","hentry","category-industria"],"_links":{"self":[{"href":"https:\/\/dimensionturistica.com\/es\/wp-json\/wp\/v2\/posts\/438581","targetHints":{"allow":["GET"]}}],"collection":[{"href":"https:\/\/dimensionturistica.com\/es\/wp-json\/wp\/v2\/posts"}],"about":[{"href":"https:\/\/dimensionturistica.com\/es\/wp-json\/wp\/v2\/types\/post"}],"author":[{"embeddable":true,"href":"https:\/\/dimensionturistica.com\/es\/wp-json\/wp\/v2\/users\/1"}],"replies":[{"embeddable":true,"href":"https:\/\/dimensionturistica.com\/es\/wp-json\/wp\/v2\/comments?post=438581"}],"version-history":[{"count":0,"href":"https:\/\/dimensionturistica.com\/es\/wp-json\/wp\/v2\/posts\/438581\/revisions"}],"wp:featuredmedia":[{"embeddable":true,"href":"https:\/\/dimensionturistica.com\/es\/wp-json\/wp\/v2\/media\/438584"}],"wp:attachment":[{"href":"https:\/\/dimensionturistica.com\/es\/wp-json\/wp\/v2\/media?parent=438581"}],"wp:term":[{"taxonomy":"category","embeddable":true,"href":"https:\/\/dimensionturistica.com\/es\/wp-json\/wp\/v2\/categories?post=438581"},{"taxonomy":"post_tag","embeddable":true,"href":"https:\/\/dimensionturistica.com\/es\/wp-json\/wp\/v2\/tags?post=438581"}],"curies":[{"name":"wp","href":"https:\/\/api.w.org\/{rel}","templated":true}]}}