{"id":438565,"date":"2022-12-05T17:14:42","date_gmt":"2022-12-05T17:14:42","guid":{"rendered":"https:\/\/dimensionturistica.com\/es\/?p=438565"},"modified":"2022-12-05T17:14:42","modified_gmt":"2022-12-05T17:14:42","slug":"las-salas-soft-de-casa-de-las-lomas-son-la-gran-novedad-en-el-interiorismo","status":"publish","type":"post","link":"https:\/\/dimensionturistica.com\/es\/las-salas-soft-de-casa-de-las-lomas-son-la-gran-novedad-en-el-interiorismo\/","title":{"rendered":"Las salas Soft de Casa de las Lomas son la gran novedad en el interiorismo"},"content":{"rendered":"<p>Una de las fuentes de inspiraci\u00f3n m\u00e1s grande para algunos artistas es la naturaleza. Tal es el caso de Casa de las Lomas, empresa l\u00edder de mobiliario de alto dise\u00f1o, que recientemente lanz\u00f3 su nueva colecci\u00f3n de salas \u2018Soft\u2019, la cual se conforma principalmente por salas modulares que permiten ad\u00e1ptese al entorno, necesidades y exigencias de cada usuario.<img decoding=\"async\" class=\"size-medium wp-image-438574 alignright\" src=\"https:\/\/dimensionturistica.com\/es\/wp-content\/uploads\/2022\/12\/th-1-7-300x300.jpeg\" alt=\"\" width=\"300\" height=\"300\" srcset=\"https:\/\/dimensionturistica.com\/es\/wp-content\/uploads\/2022\/12\/th-1-7-300x300.jpeg 300w, https:\/\/dimensionturistica.com\/es\/wp-content\/uploads\/2022\/12\/th-1-7-150x150.jpeg 150w, https:\/\/dimensionturistica.com\/es\/wp-content\/uploads\/2022\/12\/th-1-7-75x75.jpeg 75w, https:\/\/dimensionturistica.com\/es\/wp-content\/uploads\/2022\/12\/th-1-7-350x350.jpeg 350w, https:\/\/dimensionturistica.com\/es\/wp-content\/uploads\/2022\/12\/th-1-7.jpeg 474w\" sizes=\"(max-width: 300px) 100vw, 300px\" \/><br \/>\n\u2018Soft\u2019 est\u00e1 inspirada en las sensaciones que nos\u00a0transmite la cercan\u00eda con la naturaleza a trav\u00e9s de sus texturas, sonidos y est\u00edmulos que cautivan nuestros sentidos, promoviendo un estado de goce y relajaci\u00f3n.Con todo lo que se ha vivido en casa en los \u00faltimos dos a\u00f1os, no sorprende que los due\u00f1os hayan buscado hacer sus interiores mucho m\u00e1s c\u00f3modos y confortables. Para la mayor\u00eda, las salas se convirtieron en el nuevo spot de descanso del hogar.<br \/>\nCon esto en mente, Casa de las Lomas dise\u00f1\u00f3 una colecci\u00f3n de salas pensadas\u00a0para generar una experiencia de m\u00e1ximo confort. Haciendo una selecci\u00f3n minuciosa de materiales para que todos los elementos que componen la colecci\u00f3n sumaran\u00a0no s\u00f3lo calidad, sino comodidad y experiencia de uso.\u00a0 La espuma de alta densidad en asientos, el microgel y la fibra down alternative que replica la experiencia\u00a0de una pluma natural en respaldos y cojines, as\u00ed como una variedad de telas de tacto irresistible que parecen abrazar a su ocupante; hacen de Soft una colecci\u00f3n en la que el dise\u00f1o es un elemento silente y el protagonista es el goce y la satisfacci\u00f3n del usuario.<br \/>\n\u2018Hoy m\u00e1s que nunca, se busca dotar a las casas de soluciones que aporten las condiciones ideales para descansar y disfrutar solos o en compa\u00f1\u00eda; con esta motivaci\u00f3n creamos la colecci\u00f3n \u00abSoft\u00bb, a trav\u00e9s de la cual buscamos enaltecer los sentidos y generar sensaciones inigualables de confort, inspiraci\u00f3n y sofisticaci\u00f3n. \u00c9sta es sin duda una colecci\u00f3n \u00fanica en el mercado que convierte a Casa de las Lomas en la<img decoding=\"async\" class=\"size-medium wp-image-438573 alignright\" src=\"https:\/\/dimensionturistica.com\/es\/wp-content\/uploads\/2022\/12\/th-13-300x188.jpeg\" alt=\"\" width=\"300\" height=\"188\" srcset=\"https:\/\/dimensionturistica.com\/es\/wp-content\/uploads\/2022\/12\/th-13-300x188.jpeg 300w, https:\/\/dimensionturistica.com\/es\/wp-content\/uploads\/2022\/12\/th-13.jpeg 474w\" sizes=\"(max-width: 300px) 100vw, 300px\" \/> mejor alternativa para qui\u00e9n busca elevar los espacios interiores a trav\u00e9s de un dise\u00f1o impecable y una calidad inmejorable.\u2019\u00a0agreg\u00f3 Camila Anaya, especialista en tendencias para Casa de las Lomas.<br \/>\nLa colecci\u00f3n se conforma en su gran mayor\u00eda por una variedad de salas modulares que se componen por una cantidad indefinida de piezas o m\u00f3dulos que brindan la posibilidad de adaptaci\u00f3n de acuerdo al entorno, necesidades y exigencias de cada usuario, permitiendo configurarla en m\u00faltiples posibilidades de n\u00famero de plazas, forma y orientaci\u00f3n.<br \/>\nLa exquisita selecci\u00f3n de formas y materiales de las piezas evocan a una lujosa experiencia de descanso y relajaci\u00f3n total en la que cada componente est\u00e1 pensado para sumar comodidad.<br \/>\nLa nueva colecci\u00f3n Soft est\u00e1 disponible a partir de octubre de 2022 en cualquiera de las 21 galer\u00edas de Casa de las Lomas\u00a0 y a trav\u00e9s de su\u00a0tienda online\u00a0en\u00a0www.casadelaslomas.com.<\/p>\n","protected":false},"excerpt":{"rendered":"<p>Una de las fuentes de inspiraci\u00f3n m\u00e1s grande para algunos artistas es la naturaleza. Tal es el caso de Casa de las Lomas, empresa l\u00edder de mobiliario de alto dise\u00f1o, que recientemente lanz\u00f3 su nueva colecci\u00f3n de salas \u2018Soft\u2019, la cual se conforma principalmente por salas modulares que permiten ad\u00e1ptese al entorno, necesidades y exigencias [&hellip;]<\/p>\n","protected":false},"author":1,"featured_media":438572,"comment_status":"open","ping_status":"closed","sticky":false,"template":"","format":"standard","meta":{"om_disable_all_campaigns":false,"jnews-multi-image_gallery":[],"jnews_single_post":{"source_name":"","source_url":"","via_name":"","via_url":"","override_template":"0","override":[{"template":"1","single_blog_custom":"","parallax":"1","fullscreen":"1","layout":"right-sidebar","sidebar":"default-sidebar","second_sidebar":"default-sidebar","sticky_sidebar":"1","share_position":"top","share_float_style":"share-monocrhome","show_share_counter":"1","show_view_counter":"1","show_featured":"1","show_post_meta":"1","show_post_author":"1","show_post_author_image":"1","show_post_date":"1","post_date_format":"default","post_date_format_custom":"Y\/m\/d","show_post_category":"1","show_post_reading_time":"0","post_reading_time_wpm":"300","show_zoom_button":"0","zoom_button_out_step":"2","zoom_button_in_step":"3","show_post_tag":"1","show_prev_next_post":"1","show_popup_post":"1","number_popup_post":"1","show_author_box":"0","show_post_related":"0","show_inline_post_related":"0"}],"override_image_size":"0","image_override":[{"single_post_thumbnail_size":"crop-500","single_post_gallery_size":"crop-500"}],"trending_post":"0","trending_post_position":"meta","trending_post_label":"Trending","sponsored_post":"0","sponsored_post_label":"Sponsored by","sponsored_post_name":"","sponsored_post_url":"","sponsored_post_logo_enable":"0","sponsored_post_logo":"","sponsored_post_desc":"","disable_ad":"0"},"jnews_primary_category":{"id":"","hide":""},"jnews_social_meta":{"fb_title":"","fb_description":"","fb_image":"","twitter_title":"","twitter_description":"","twitter_image":""},"footnotes":""},"categories":[40],"tags":[],"class_list":["post-438565","post","type-post","status-publish","format-standard","has-post-thumbnail","hentry","category-industria"],"_links":{"self":[{"href":"https:\/\/dimensionturistica.com\/es\/wp-json\/wp\/v2\/posts\/438565","targetHints":{"allow":["GET"]}}],"collection":[{"href":"https:\/\/dimensionturistica.com\/es\/wp-json\/wp\/v2\/posts"}],"about":[{"href":"https:\/\/dimensionturistica.com\/es\/wp-json\/wp\/v2\/types\/post"}],"author":[{"embeddable":true,"href":"https:\/\/dimensionturistica.com\/es\/wp-json\/wp\/v2\/users\/1"}],"replies":[{"embeddable":true,"href":"https:\/\/dimensionturistica.com\/es\/wp-json\/wp\/v2\/comments?post=438565"}],"version-history":[{"count":0,"href":"https:\/\/dimensionturistica.com\/es\/wp-json\/wp\/v2\/posts\/438565\/revisions"}],"wp:featuredmedia":[{"embeddable":true,"href":"https:\/\/dimensionturistica.com\/es\/wp-json\/wp\/v2\/media\/438572"}],"wp:attachment":[{"href":"https:\/\/dimensionturistica.com\/es\/wp-json\/wp\/v2\/media?parent=438565"}],"wp:term":[{"taxonomy":"category","embeddable":true,"href":"https:\/\/dimensionturistica.com\/es\/wp-json\/wp\/v2\/categories?post=438565"},{"taxonomy":"post_tag","embeddable":true,"href":"https:\/\/dimensionturistica.com\/es\/wp-json\/wp\/v2\/tags?post=438565"}],"curies":[{"name":"wp","href":"https:\/\/api.w.org\/{rel}","templated":true}]}}