{"id":438529,"date":"2022-12-05T16:27:25","date_gmt":"2022-12-05T16:27:25","guid":{"rendered":"https:\/\/dimensionturistica.com\/es\/?p=438529"},"modified":"2022-12-05T16:27:25","modified_gmt":"2022-12-05T16:27:25","slug":"cinemex-presenta-en-exclusiva-tengamos-la-fiesta-en-paz","status":"publish","type":"post","link":"https:\/\/dimensionturistica.com\/es\/cinemex-presenta-en-exclusiva-tengamos-la-fiesta-en-paz\/","title":{"rendered":"Cinemex presenta en exclusiva: \u201cTENGAMOS LA FIESTA EN PAZ\u201d"},"content":{"rendered":"<p>El d\u00eda de ayer Cinemex present\u00f3 ante la prensa e invitados especiales una comedia navide\u00f1a para toda la familia. \u201cTengamos la fiesta en Paz\u201d es una pel\u00edcula enfocada en \u201chacer que todos nos amemos m\u00e1s\u201d como lo coment\u00f3 el director Juan Manuel Cotelo en la rueda de prensa.<br \/>\nUn divertido musical navide\u00f1o que fue estrenado en Espa\u00f1a en 2021 llega de la mano de Cinemex para todos los amantes de las comedias y pel\u00edculas para disfrutar en familia. La pel\u00edcula logr\u00f3 situarse como una<img decoding=\"async\" class=\"size-medium wp-image-438534 alignright\" src=\"https:\/\/dimensionturistica.com\/es\/wp-content\/uploads\/2022\/12\/unnamed-1-200x300.jpg\" alt=\"\" width=\"200\" height=\"300\" srcset=\"https:\/\/dimensionturistica.com\/es\/wp-content\/uploads\/2022\/12\/unnamed-1-200x300.jpg 200w, https:\/\/dimensionturistica.com\/es\/wp-content\/uploads\/2022\/12\/unnamed-1.jpg 360w\" sizes=\"(max-width: 200px) 100vw, 200px\" \/> de las 10 pel\u00edculas m\u00e1s taquilleras de la navidad en Espa\u00f1a compitiendo con grandes producciones de Hollywood como Encanto, Spiderman, West Side Story y Matrix; un logro que quiere replicar con el apoyo del p\u00fablico mexicano.<br \/>\nJuan Manuel Cotelo invita a todos a disfrutar de su trabajo y nos comenta que lo que \u00e9l quiere lograr con Tengamos la Fiesta en Paz es generar conciencia e impactos reales y positivos en las familias que la vean.<br \/>\nNo te pierdas la experiencia de La Magia del Cine y celebra la navidad con nosotros con la exclusiva de Tengamos La Fiesta en Paz. Sigue la conversaci\u00f3n a trav\u00e9s de las redes sociales de Cinemex: Instagram: @cinemex | Facebook: Cinemex | Twitter: @cinemex | LinkedIn: Grupo Cinemex | web: www.cinemex.com<\/p>\n","protected":false},"excerpt":{"rendered":"<p>El d\u00eda de ayer Cinemex present\u00f3 ante la prensa e invitados especiales una comedia navide\u00f1a para toda la familia. \u201cTengamos la fiesta en Paz\u201d es una pel\u00edcula enfocada en \u201chacer que todos nos amemos m\u00e1s\u201d como lo coment\u00f3 el director Juan Manuel Cotelo en la rueda de prensa. Un divertido musical navide\u00f1o que fue estrenado [&hellip;]<\/p>\n","protected":false},"author":1,"featured_media":438533,"comment_status":"open","ping_status":"closed","sticky":false,"template":"","format":"standard","meta":{"om_disable_all_campaigns":false,"jnews-multi-image_gallery":[],"jnews_single_post":{"source_name":"","source_url":"","via_name":"","via_url":"","override_template":"0","override":[{"template":"1","single_blog_custom":"","parallax":"1","fullscreen":"1","layout":"right-sidebar","sidebar":"default-sidebar","second_sidebar":"default-sidebar","sticky_sidebar":"1","share_position":"top","share_float_style":"share-monocrhome","show_share_counter":"1","show_view_counter":"1","show_featured":"1","show_post_meta":"1","show_post_author":"1","show_post_author_image":"1","show_post_date":"1","post_date_format":"default","post_date_format_custom":"Y\/m\/d","show_post_category":"1","show_post_reading_time":"0","post_reading_time_wpm":"300","show_zoom_button":"0","zoom_button_out_step":"2","zoom_button_in_step":"3","show_post_tag":"1","show_prev_next_post":"1","show_popup_post":"1","number_popup_post":"1","show_author_box":"0","show_post_related":"0","show_inline_post_related":"0"}],"override_image_size":"0","image_override":[{"single_post_thumbnail_size":"crop-500","single_post_gallery_size":"crop-500"}],"trending_post":"0","trending_post_position":"meta","trending_post_label":"Trending","sponsored_post":"0","sponsored_post_label":"Sponsored by","sponsored_post_name":"","sponsored_post_url":"","sponsored_post_logo_enable":"0","sponsored_post_logo":"","sponsored_post_desc":"","disable_ad":"0"},"jnews_primary_category":{"id":"","hide":""},"jnews_social_meta":{"fb_title":"","fb_description":"","fb_image":"","twitter_title":"","twitter_description":"","twitter_image":""},"footnotes":""},"categories":[40],"tags":[],"class_list":["post-438529","post","type-post","status-publish","format-standard","has-post-thumbnail","hentry","category-industria"],"_links":{"self":[{"href":"https:\/\/dimensionturistica.com\/es\/wp-json\/wp\/v2\/posts\/438529","targetHints":{"allow":["GET"]}}],"collection":[{"href":"https:\/\/dimensionturistica.com\/es\/wp-json\/wp\/v2\/posts"}],"about":[{"href":"https:\/\/dimensionturistica.com\/es\/wp-json\/wp\/v2\/types\/post"}],"author":[{"embeddable":true,"href":"https:\/\/dimensionturistica.com\/es\/wp-json\/wp\/v2\/users\/1"}],"replies":[{"embeddable":true,"href":"https:\/\/dimensionturistica.com\/es\/wp-json\/wp\/v2\/comments?post=438529"}],"version-history":[{"count":0,"href":"https:\/\/dimensionturistica.com\/es\/wp-json\/wp\/v2\/posts\/438529\/revisions"}],"wp:featuredmedia":[{"embeddable":true,"href":"https:\/\/dimensionturistica.com\/es\/wp-json\/wp\/v2\/media\/438533"}],"wp:attachment":[{"href":"https:\/\/dimensionturistica.com\/es\/wp-json\/wp\/v2\/media?parent=438529"}],"wp:term":[{"taxonomy":"category","embeddable":true,"href":"https:\/\/dimensionturistica.com\/es\/wp-json\/wp\/v2\/categories?post=438529"},{"taxonomy":"post_tag","embeddable":true,"href":"https:\/\/dimensionturistica.com\/es\/wp-json\/wp\/v2\/tags?post=438529"}],"curies":[{"name":"wp","href":"https:\/\/api.w.org\/{rel}","templated":true}]}}