{"id":438349,"date":"2022-12-05T13:21:49","date_gmt":"2022-12-05T13:21:49","guid":{"rendered":"https:\/\/dimensionturistica.com\/es\/?p=438349"},"modified":"2022-12-05T13:21:49","modified_gmt":"2022-12-05T13:21:49","slug":"cinco-pueblos-de-los-pirineos-para-desconectar","status":"publish","type":"post","link":"https:\/\/dimensionturistica.com\/es\/cinco-pueblos-de-los-pirineos-para-desconectar\/","title":{"rendered":"Cinco pueblos de los Pirineos para desconectar"},"content":{"rendered":"<p> <br \/>\n<\/p>\n<div>\n<div id=\"involveds\" class=\"involveds wrap\">\n<div class=\"involved-authors only-author\">\n<div class=\"first-author\">\n<figure class=\"thumb col-xs-3\">&#13;<img loading=\"lazy\" decoding=\"async\" src=\"https:\/\/news.google.com\/medio\/2021\/12\/09\/foto-alex-newsletter_0d47dd82_600x600.jpg\" alt=\"Foto Alex Newsletter\" class=\"lazyload\" width=\"600\" height=\"600\" data-aspectratio=\"600\/600\"\/><noscript><img decoding=\"async\" src=\"https:\/\/news.google.com\/medio\/2021\/12\/09\/foto-alex-newsletter_0d47dd82_600x600.jpg\" alt=\"Foto Alex Newsletter\"\/><\/noscript>&#13;<\/figure>\n<\/div>\n<\/div>\n<\/div>\n<p class=\"date\"> <time itemprop=\"dateModified\" datetime=\"2022-12-05T13:58:00+01:00\" data-timestamp=\"1670248680\">&#13;05 de diciembre de 2022 \u00b7 13:58<\/time>&#13;<\/p>\n<\/div>\n<div id=\"article-sumary\">\n<div class=\"article-txt ad-mobile-top\">\n<p><span id=\"docs-internal-guid-0da87dc2-7fff-9ac7-d0ff-874847cf5425\">Es innegable el potencial paisaj\u00edstico de los Pirineos. Altas cumbres, bosques que adquieren categor\u00eda de destino en oto\u00f1o o algunas de las mejores pistas de esqu\u00ed de Europa hacen de esta coordenada geogr\u00e1fica una de las m\u00e1s deseadas para los viajeros de esp\u00edritu monta\u00f1ero. Y seguramente, a este emplatado le faltar\u00eda el detalle definitivo si en el mapa no se encontraran algunos de estos <strong>cinco pueblos que concentran la esencia pirenaica<\/strong>. <\/span><\/p>\n<\/div>\n<\/div>\n\n<p><em> &#8221; Fuentes news.google.com &#8221; <\/em><\/p>\n","protected":false},"excerpt":{"rendered":"<p>&#13;&#13; &#13;05 de diciembre de 2022 \u00b7 13:58&#13; Es innegable el potencial paisaj\u00edstico de los Pirineos. Altas cumbres, bosques que adquieren categor\u00eda de destino en oto\u00f1o o algunas de las mejores pistas de esqu\u00ed de Europa hacen de esta coordenada geogr\u00e1fica una de las m\u00e1s deseadas para los viajeros de esp\u00edritu monta\u00f1ero. Y seguramente, a [&hellip;]<\/p>\n","protected":false},"author":4,"featured_media":438350,"comment_status":"open","ping_status":"closed","sticky":false,"template":"","format":"standard","meta":{"om_disable_all_campaigns":false,"jnews-multi-image_gallery":[],"jnews_single_post":[],"jnews_primary_category":[],"jnews_social_meta":[],"footnotes":""},"categories":[39],"tags":[47258,47257],"class_list":["post-438349","post","type-post","status-publish","format-standard","has-post-thumbnail","hentry","category-viajes","tag-cargado-desde-el-fichero-de-recursos","tag-keywords-por-defecto"],"_links":{"self":[{"href":"https:\/\/dimensionturistica.com\/es\/wp-json\/wp\/v2\/posts\/438349","targetHints":{"allow":["GET"]}}],"collection":[{"href":"https:\/\/dimensionturistica.com\/es\/wp-json\/wp\/v2\/posts"}],"about":[{"href":"https:\/\/dimensionturistica.com\/es\/wp-json\/wp\/v2\/types\/post"}],"author":[{"embeddable":true,"href":"https:\/\/dimensionturistica.com\/es\/wp-json\/wp\/v2\/users\/4"}],"replies":[{"embeddable":true,"href":"https:\/\/dimensionturistica.com\/es\/wp-json\/wp\/v2\/comments?post=438349"}],"version-history":[{"count":0,"href":"https:\/\/dimensionturistica.com\/es\/wp-json\/wp\/v2\/posts\/438349\/revisions"}],"wp:featuredmedia":[{"embeddable":true,"href":"https:\/\/dimensionturistica.com\/es\/wp-json\/wp\/v2\/media\/438350"}],"wp:attachment":[{"href":"https:\/\/dimensionturistica.com\/es\/wp-json\/wp\/v2\/media?parent=438349"}],"wp:term":[{"taxonomy":"category","embeddable":true,"href":"https:\/\/dimensionturistica.com\/es\/wp-json\/wp\/v2\/categories?post=438349"},{"taxonomy":"post_tag","embeddable":true,"href":"https:\/\/dimensionturistica.com\/es\/wp-json\/wp\/v2\/tags?post=438349"}],"curies":[{"name":"wp","href":"https:\/\/api.w.org\/{rel}","templated":true}]}}